{"id":71,"date":"2012-11-17T08:18:34","date_gmt":"2012-11-17T08:18:34","guid":{"rendered":"http:\/\/blogs.hoy.es\/dicestudemili\/?p=71"},"modified":"2012-11-17T08:18:34","modified_gmt":"2012-11-17T08:18:34","slug":"rafael-antonio-molina-era-una-vida-llena-de-camaraderia-complicidad-y-amistad","status":"publish","type":"post","link":"https:\/\/blogs.hoy.es\/dicestudemili\/2012\/11\/17\/rafael-antonio-molina-era-una-vida-llena-de-camaraderia-complicidad-y-amistad\/","title":{"rendered":"Rafael Antonio Molina: &#8220;Era una vida llena de camarader\u00eda, complicidad y amistad&#8221;"},"content":{"rendered":"<p><em>Me llamo <strong>Rafael Antonio Molina Fern\u00e1ndez<\/strong>, nacido el 6 de marzo de 1956 en San Miguel de Salinas, Alicante.<\/em><\/p>\n<p><em>Soy del segundo llamamiento de 1977. Para los que no sepan como se hac\u00eda el servicio militar hace unos a\u00f1os, les comento: Se entraba en quinta a los 20 a\u00f1os y al a\u00f1o siguiente se incorporaba a filas, con 21 a\u00f1os cumplidos. En esa \u00e9poca hab\u00eda cuatro remplazos: Enero, abril, julio y octubre.<\/em><\/p>\n<p><em>El segundo fin de semana de marzo de 1976 hicimos todos los del pueblo que nos incorpor\u00e1bamos el a\u00f1o siguiente a filas una cena de quintos, despu\u00e9s nos fuimos de jarana por el pueblo dando la lata a los vecinos hasta altas horas de la noche. Al d\u00eda siguiente fuimos al Ayuntamiento donde el m\u00e9dico y el secretario nos hicieron la ficha de mozo de remplazo.<\/em><br \/>\n<em> El d\u00eda 4 de abril de 1977 (lunes) me present\u00e9 en la caja 331, en el <strong>cuartel de San Fernando en Alicante<\/strong>, y junto con todos los que se incorporaban de toda la provincia al CIR n\u00ba 3 de C\u00e1ceres, nos subimos al tren sobre las ocho de la tarde y al d\u00eda siguiente llegamos a C\u00e1ceres. All\u00ed nos asignaron una compa\u00f1\u00eda y un n\u00famero. A m\u00ed me toc\u00f3 el 103 de la 9\u00aa compa\u00f1\u00eda, al d\u00eda siguiente nos llevaron al centro para darnos el uniforme. Poco despu\u00e9s nos hicieron unos test para conductores, yo no lo pas\u00e9 y me mandaron a la 11\u00aa compa\u00f1\u00eda con el n\u00famero 40. Los compa\u00f1eros con los que mejor me llevaba eran:<strong> Pedro Puche Guardiola<\/strong>, de Villena; <strong>Fernando Pico Ramos<\/strong>, de Jijona; y <strong>Salvador Pedro Salva<\/strong>, de Gata de Gorgos. Hicimos una buena amistad. Los mandos eran muy buenos. \u00a0<\/em><\/p>\n<p><em>Del CIR n\u00ba 3 tengo muy buenos recuerdos, pues en all\u00ed conoc\u00ed a grandes personas y a buenos amigos. Mi paso por el CIR fue agradable. Me ocurri\u00f3 lo que sol\u00eda pasar\u2026 los amigos que hab\u00edan hecho la mili anteriormente te contaban historias para meterte miedo y cuando llegas all\u00ed, no es verdad: Era una vida llena de camarader\u00eda, complicidad y amistad.<\/em><\/p>\n<p><em>Despu\u00e9s de la jura, el jueves 9 de junio de 1997, nos destinaron a diferentes cuarteles y ya nos perdimos el rastro. A m\u00ed me destinaron a la <strong>Academia de Sanidad Militar de Carabanchel Bajo<\/strong>, en Madrid, junto al <strong>Hospital Militar G\u00f3mez Ulla<\/strong>. Fue el lunes 13 de junio de 1977, dos d\u00edas antes de las primeras elecciones generales, estuvimos acuartelados y con miedo por lo que pudiera pasar; pero, por fortuna, no pas\u00f3 nada.<\/em><\/p>\n<p><em>\u00c9ramos una compa\u00f1\u00eda de servicio para los cadetes m\u00e9dicos; pues al ser una academia, eran alf\u00e9reces y sal\u00edan con el empleo de tenientes. Yo era cocinero y me llevaron a la cocina de tropa.<\/em><\/p>\n<p><em>Recuerdo que una noche estaba de guardia un soldado en la garita del polvor\u00edn, cuando llam\u00f3 al cuerpo de guardia diciendo que hab\u00eda gente por los alrededores, hizo el alto y no le contestaron, por lo que carg\u00f3 el Cetme y dispar\u00f3, saliendo corriendo tres personas de un coche. Ese soldado era el cantante <strong>Ramonc\u00edn, \u2018El rey del pollo frito\u2019<\/strong>, que es como se le conoc\u00eda en esos a\u00f1os. En la cartilla, donde se pon\u00eda \u2018valor: se le supone\u2019, a \u00e9l le pusieron otra cosa.<\/em><\/p>\n<p><em>En el remplazo de octubre lleg\u00f3 uno de Algeciras que era afeminado (el teniente le dec\u00eda \u2018maric\u00f3n\u2019). Era muy simp\u00e1tico, alegre y bailaba muy bien flamenco. Un d\u00eda el teniente le dijo si pod\u00eda bailar algo para nosotros; enseguida se quit\u00f3 las botas, se subi\u00f3 en una mesa y se puso a bailar de tal manera que nos dej\u00f3 a todos pasmados. Desde ese d\u00eda el teniente ya no se meti\u00f3 m\u00e1s con \u00e9l. Por Navidad el teniente nos dedic\u00f3 unos versos, pero dichos con el acento de su tierra (era extreme\u00f1o) que nos gustaron mucho.<\/em><\/p>\n<p><em>En fin, esto fue a grandes rasgos parte de mi mili. No pas\u00f3 nada extraordinario; pero, eso s\u00ed, lo pas\u00e9 bien, bien\u2026 pero bien. Yo ganaba m\u00e1s dinero que los cabos 1\u00ba, ellos ganaban 1.700 pesetas y yo 3.300 por estar rebajado de rancho.<\/em><\/p>\n<p>&nbsp;<\/p>\n<p>(Rafael Antonio Molina es moderador del CIR n\u00ba 3 de C\u00e1ceres en la p\u00e1gina web <span style=\"text-decoration: underline;\"><a href=\"http:\/\/www.amigosdelamili.com\" target=\"_blank\">www.amigosdelamili.com<\/a> <\/span>\u00a0en la cual hay apuntados casi 200 soldados que pasaron por este centro)<\/p>\n<div id=\"attachment_72\" style=\"width: 673px\" class=\"wp-caption aligncenter\"><a href=\"\/dicestudemili\/wp-content\/uploads\/sites\/57\/2012\/11\/Con-los-compa\u00f1eros-reci\u00e9n-llegados-de-Alicante.jpg\"><img aria-describedby=\"caption-attachment-72\" loading=\"lazy\" class=\" wp-image-72   \" title=\"Con los compa\u00f1eros reci\u00e9n llegados de Alicante.\" src=\"\/dicestudemili\/wp-content\/uploads\/sites\/57\/2012\/11\/Con-los-compa\u00f1eros-reci\u00e9n-llegados-de-Alicante.jpg\" alt=\"Con los compa\u00f1eros reci\u00e9n llegados de Alicante.\" width=\"663\" height=\"516\" srcset=\"https:\/\/static-blogs.hoy.es\/wp-content\/uploads\/sites\/57\/2012\/11\/Con-los-compa\u00f1eros-reci\u00e9n-llegados-de-Alicante.jpg 1308w, https:\/\/static-blogs.hoy.es\/wp-content\/uploads\/sites\/57\/2012\/11\/Con-los-compa\u00f1eros-reci\u00e9n-llegados-de-Alicante-300x233.jpg 300w, https:\/\/static-blogs.hoy.es\/wp-content\/uploads\/sites\/57\/2012\/11\/Con-los-compa\u00f1eros-reci\u00e9n-llegados-de-Alicante-768x598.jpg 768w, https:\/\/static-blogs.hoy.es\/wp-content\/uploads\/sites\/57\/2012\/11\/Con-los-compa\u00f1eros-reci\u00e9n-llegados-de-Alicante-1024x797.jpg 1024w\" sizes=\"(max-width: 663px) 100vw, 663px\" \/><\/a><p id=\"caption-attachment-72\" class=\"wp-caption-text\">Con los compa\u00f1eros reci\u00e9n llegados de Alicante.<\/p><\/div>\n<div id=\"attachment_73\" style=\"width: 316px\" class=\"wp-caption alignleft\"><a href=\"\/dicestudemili\/wp-content\/uploads\/sites\/57\"><img aria-describedby=\"caption-attachment-73\" loading=\"lazy\" class=\" wp-image-73   \" title=\"Frente a la cafeter\u00eda.\" src=\"\/dicestudemili\/wp-content\/uploads\/sites\/57\" alt=\"Frente a la cafeter\u00eda.\" width=\"306\" height=\"445\" \/><\/a><p id=\"caption-attachment-73\" class=\"wp-caption-text\">Frente a la cafeter\u00eda.<\/p><\/div>\n<div id=\"attachment_74\" style=\"width: 285px\" class=\"wp-caption alignright\"><a href=\"\/dicestudemili\/wp-content\/uploads\/sites\/57\"><img aria-describedby=\"caption-attachment-74\" loading=\"lazy\" class=\" wp-image-74   \" title=\"Junto al 'Manolito'.\" src=\"\/dicestudemili\/wp-content\/uploads\/sites\/57\" alt=\"Junto al 'Manolito'.\" width=\"275\" height=\"458\" \/><\/a><p id=\"caption-attachment-74\" class=\"wp-caption-text\">Junto al &#39;Manolito&#39;.<\/p><\/div>\n<p>&nbsp;<\/p>\n<p>&nbsp;<\/p>\n<p>&nbsp;<\/p>\n<p>&nbsp;<\/p>\n<p>&nbsp;<\/p>\n<p>&nbsp;<\/p>\n<p>&nbsp;<\/p>\n<p>&nbsp;<\/p>\n<p>&nbsp;<\/p>\n<p>&nbsp;<\/p>\n<p>&nbsp;<\/p>\n<p>&nbsp;<\/p>\n<p>&nbsp;<\/p>\n<p>&nbsp;<\/p>\n<p>&nbsp;<\/p>\n<p>&nbsp;<\/p>\n<div id=\"attachment_75\" style=\"width: 632px\" class=\"wp-caption aligncenter\"><a href=\"\/dicestudemili\/wp-content\/uploads\/sites\/57\/2012\/11\/3-campo-de-tiro-1977.jpg\"><img aria-describedby=\"caption-attachment-75\" loading=\"lazy\" class=\" wp-image-75  \" title=\"En el campo de tiro.\" src=\"\/dicestudemili\/wp-content\/uploads\/sites\/57\/2012\/11\/3-campo-de-tiro-1977.jpg\" alt=\"En el campo de tiro.\" width=\"622\" height=\"830\" srcset=\"https:\/\/static-blogs.hoy.es\/wp-content\/uploads\/sites\/57\/2012\/11\/3-campo-de-tiro-1977.jpg 963w, https:\/\/static-blogs.hoy.es\/wp-content\/uploads\/sites\/57\/2012\/11\/3-campo-de-tiro-1977-225x300.jpg 225w, https:\/\/static-blogs.hoy.es\/wp-content\/uploads\/sites\/57\/2012\/11\/3-campo-de-tiro-1977-768x1024.jpg 768w\" sizes=\"(max-width: 622px) 100vw, 622px\" \/><\/a><p id=\"caption-attachment-75\" class=\"wp-caption-text\">En el campo de tiro.<\/p><\/div>\n<p>&nbsp;<\/p>\n<p>&nbsp;<\/p>\n<p>&nbsp;<\/p>\n<!-- AddThis Advanced Settings generic via filter on the_content --><!-- AddThis Share Buttons generic via filter on the_content -->","protected":false},"excerpt":{"rendered":"<p>Me llamo Rafael Antonio Molina Fern\u00e1ndez, nacido el 6 de marzo de 1956 en San Miguel de Salinas, Alicante. Soy del segundo llamamiento de 1977. Para los que no sepan como se hac\u00eda el servicio militar hace unos a\u00f1os, les comento: Se entraba en quinta a los 20 a\u00f1os y al a\u00f1o siguiente se incorporaba [&hellip;]<!-- AddThis Advanced Settings generic via filter on get_the_excerpt --><!-- AddThis Share Buttons generic via filter on get_the_excerpt --><\/p>\n","protected":false},"author":52,"featured_media":0,"comment_status":"open","ping_status":"closed","sticky":false,"template":"","format":"standard","meta":[],"categories":[6],"tags":[15,414,458,602,946,959],"_links":{"self":[{"href":"https:\/\/blogs.hoy.es\/dicestudemili\/wp-json\/wp\/v2\/posts\/71"}],"collection":[{"href":"https:\/\/blogs.hoy.es\/dicestudemili\/wp-json\/wp\/v2\/posts"}],"about":[{"href":"https:\/\/blogs.hoy.es\/dicestudemili\/wp-json\/wp\/v2\/types\/post"}],"author":[{"embeddable":true,"href":"https:\/\/blogs.hoy.es\/dicestudemili\/wp-json\/wp\/v2\/users\/52"}],"replies":[{"embeddable":true,"href":"https:\/\/blogs.hoy.es\/dicestudemili\/wp-json\/wp\/v2\/comments?post=71"}],"version-history":[{"count":0,"href":"https:\/\/blogs.hoy.es\/dicestudemili\/wp-json\/wp\/v2\/posts\/71\/revisions"}],"wp:attachment":[{"href":"https:\/\/blogs.hoy.es\/dicestudemili\/wp-json\/wp\/v2\/media?parent=71"}],"wp:term":[{"taxonomy":"category","embeddable":true,"href":"https:\/\/blogs.hoy.es\/dicestudemili\/wp-json\/wp\/v2\/categories?post=71"},{"taxonomy":"post_tag","embeddable":true,"href":"https:\/\/blogs.hoy.es\/dicestudemili\/wp-json\/wp\/v2\/tags?post=71"}],"curies":[{"name":"wp","href":"https:\/\/api.w.org\/{rel}","templated":true}]}}