{"id":716,"date":"2013-02-11T06:53:51","date_gmt":"2013-02-11T06:53:51","guid":{"rendered":"http:\/\/blogs.hoy.es\/dicestudemili\/?p=716"},"modified":"2013-02-11T06:53:51","modified_gmt":"2013-02-11T06:53:51","slug":"la-banda-de-musica-con-los-reyes-magos","status":"publish","type":"post","link":"https:\/\/blogs.hoy.es\/dicestudemili\/2013\/02\/11\/la-banda-de-musica-con-los-reyes-magos\/","title":{"rendered":"La Banda de M\u00fasica escolta al Rey Baltasar"},"content":{"rendered":"<div id=\"attachment_717\" style=\"width: 623px\" class=\"wp-caption aligncenter\"><a href=\"\/dicestudemili\/wp-content\/uploads\/sites\/57\/2013\/02\/18808.jpg\"><img aria-describedby=\"caption-attachment-717\" loading=\"lazy\" class=\"size-full wp-image-717\" title=\"Miembros de la banda del CIR.\" src=\"\/dicestudemili\/wp-content\/uploads\/sites\/57\/2013\/02\/18808.jpg\" alt=\"Miembros de la banda del CIR.\" width=\"613\" height=\"406\" srcset=\"https:\/\/static-blogs.hoy.es\/wp-content\/uploads\/sites\/57\/2013\/02\/18808.jpg 613w, https:\/\/static-blogs.hoy.es\/wp-content\/uploads\/sites\/57\/2013\/02\/18808-300x199.jpg 300w\" sizes=\"(max-width: 613px) 100vw, 613px\" \/><\/a><p id=\"caption-attachment-717\" class=\"wp-caption-text\">Miembros de la Banda del CIR.<\/p><\/div>\n<p>&nbsp;<\/p>\n<p>Un buen ejemplo de la integraci\u00f3n del Ej\u00e9rcito en la ciudad de C\u00e1ceres es que la Banda de M\u00fasica del CIR interven\u00eda en actividades de la ciudad.<\/p>\n<p>En el mes de <strong>enero de 1983<\/strong> particip\u00f3 en la cabalgata de los Reyes Magos; por cierto, se da la curiosidad de que ese a\u00f1o las personas que iban a encarnar a los Reyes de Oriente decidieron hacer un sorteo, porque parece que ninguno quer\u00eda hacer de Baltasar. El diario HOY aclaraba as\u00ed esa circunstancia: &#8220;<em>El puesto de Baltasar hubo que entregarlo por riguroso sorteo, no por lo de la discriminaci\u00f3n del negro, sino porque parece que el tiznado es m\u00e1s dif\u00edcil de mantener y quitar despu\u00e9s. En definitiva, hecho el sorteo, Melchor estar\u00e1 representado por <strong>Antonio Amado<\/strong>, de la <strong>barriada de Santa B\u00e1rbara<\/strong>; Gaspar le toc\u00f3 en turno a <strong>Gabriel Regalado<\/strong>, de la de <strong>Alcalde Canales<\/strong>, y el negrito Baltasar, que este a\u00f1o se parecer\u00e1 mucho a Idi \u00a0Amin Dada, a nuestro buen amigo y compa\u00f1ero <strong>Juan Jos\u00e9 Moreno Doncel<\/strong>, de la de <strong>Santiago<\/strong><\/em>&#8220;. Juanjo Moreno es un magn\u00edfico profesional de la radio, que durante muchos a\u00f1os estuvo trabajando en <strong>Radio Nacional de Espa\u00f1a en C\u00e1ceres<\/strong>, siendo conocido por el sobrenombre de &#8216;<strong>La voz de oro de Extremadura<\/strong>&#8216;. La Banda de M\u00fasica del CIR n\u00famero 3 fue la encargada de cerrar la cabalgata, dando escolta al Rey Baltasar.<\/p>\n<p>En ese mismo mes de enero de 1983, la banda volver\u00eda a actuar en C\u00e1ceres. Fue el d\u00eda 23 en la <strong>fiesta de los Santos M\u00e1rtires<\/strong>, en el <strong>Paseo Alto<\/strong>, junto al <strong>cuartel de Infanta Isabel<\/strong>. Ofrecieron un concierto a las doce de la ma\u00f1ana junto a la ermita.<\/p>\n<p>&nbsp;<\/p>\n<!-- AddThis Advanced Settings generic via filter on the_content --><!-- AddThis Share Buttons generic via filter on the_content -->","protected":false},"excerpt":{"rendered":"<p>&nbsp; Un buen ejemplo de la integraci\u00f3n del Ej\u00e9rcito en la ciudad de C\u00e1ceres es que la Banda de M\u00fasica del CIR interven\u00eda en actividades de la ciudad. En el mes de enero de 1983 particip\u00f3 en la cabalgata de los Reyes Magos; por cierto, se da la curiosidad de que ese a\u00f1o las personas [&hellip;]<!-- AddThis Advanced Settings generic via filter on get_the_excerpt --><!-- AddThis Share Buttons generic via filter on get_the_excerpt --><\/p>\n","protected":false},"author":52,"featured_media":0,"comment_status":"open","ping_status":"closed","sticky":false,"template":"","format":"standard","meta":[],"categories":[2],"tags":[88,124,160,514,547,731],"_links":{"self":[{"href":"https:\/\/blogs.hoy.es\/dicestudemili\/wp-json\/wp\/v2\/posts\/716"}],"collection":[{"href":"https:\/\/blogs.hoy.es\/dicestudemili\/wp-json\/wp\/v2\/posts"}],"about":[{"href":"https:\/\/blogs.hoy.es\/dicestudemili\/wp-json\/wp\/v2\/types\/post"}],"author":[{"embeddable":true,"href":"https:\/\/blogs.hoy.es\/dicestudemili\/wp-json\/wp\/v2\/users\/52"}],"replies":[{"embeddable":true,"href":"https:\/\/blogs.hoy.es\/dicestudemili\/wp-json\/wp\/v2\/comments?post=716"}],"version-history":[{"count":0,"href":"https:\/\/blogs.hoy.es\/dicestudemili\/wp-json\/wp\/v2\/posts\/716\/revisions"}],"wp:attachment":[{"href":"https:\/\/blogs.hoy.es\/dicestudemili\/wp-json\/wp\/v2\/media?parent=716"}],"wp:term":[{"taxonomy":"category","embeddable":true,"href":"https:\/\/blogs.hoy.es\/dicestudemili\/wp-json\/wp\/v2\/categories?post=716"},{"taxonomy":"post_tag","embeddable":true,"href":"https:\/\/blogs.hoy.es\/dicestudemili\/wp-json\/wp\/v2\/tags?post=716"}],"curies":[{"name":"wp","href":"https:\/\/api.w.org\/{rel}","templated":true}]}}