{"id":722,"date":"2013-02-13T07:24:25","date_gmt":"2013-02-13T07:24:25","guid":{"rendered":"http:\/\/blogs.hoy.es\/dicestudemili\/?p=722"},"modified":"2013-02-13T07:24:25","modified_gmt":"2013-02-13T07:24:25","slug":"coronel-de-la-rosa-habia-3-000-hombres-en-el-campamento-y-600-en-el-cuartel","status":"publish","type":"post","link":"https:\/\/blogs.hoy.es\/dicestudemili\/2013\/02\/13\/coronel-de-la-rosa-habia-3-000-hombres-en-el-campamento-y-600-en-el-cuartel\/","title":{"rendered":"Coronel De la Rosa: &#8220;Hab\u00eda 3.000 hombres en el Campamento y 600 en el Cuartel&#8221;"},"content":{"rendered":"<div id=\"attachment_723\" style=\"width: 653px\" class=\"wp-caption aligncenter\"><a href=\"\/dicestudemili\/wp-content\/uploads\/sites\/57\/2013\/02\/Coronel-de-la-Rosa-2008.jpg\"><img aria-describedby=\"caption-attachment-723\" loading=\"lazy\" class=\" wp-image-723 \" src=\"\/dicestudemili\/wp-content\/uploads\/sites\/57\/2013\/02\/Coronel-de-la-Rosa-2008.jpg\" alt=\"Imagen del coronel De la Rosa en el a\u00f1o 2008, frente a la Subdelegaci\u00f3n de Defensa, en el Cuartel.\" width=\"643\" height=\"404\" srcset=\"https:\/\/static-blogs.hoy.es\/wp-content\/uploads\/sites\/57\/2013\/02\/Coronel-de-la-Rosa-2008.jpg 714w, https:\/\/static-blogs.hoy.es\/wp-content\/uploads\/sites\/57\/2013\/02\/Coronel-de-la-Rosa-2008-300x189.jpg 300w\" sizes=\"(max-width: 643px) 100vw, 643px\" \/><\/a><p id=\"caption-attachment-723\" class=\"wp-caption-text\">Imagen del coronel De la Rosa en el a\u00f1o 2008, frente a la Subdelegaci\u00f3n de Defensa, en el Cuartel.<\/p><\/div>\n<p>&nbsp;<\/p>\n<p>El <strong>coronel Juan Antonio de la Rosa Yllera<\/strong>, natural de <strong>Zarza la Mayor<\/strong> (C\u00e1ceres), pas\u00f3 a la reserva el <strong>16 de diciembre de 2008<\/strong> tras ceder al <strong>coronel Jes\u00fas Estacio Ferro<\/strong> el mando de la <strong>Subdelegaci\u00f3n de Defensa en C\u00e1ceres<\/strong>. En una entrevista concedida el d\u00eda anterior a HOY recordaba parte de sus 42 a\u00f1os de servicio en las Fuerzas Armadas, los \u00faltimos 10 al frente de la Delegaci\u00f3n primero y luego Subdelegaci\u00f3n de Defensa.<\/p>\n<p>&nbsp;<\/p>\n<div id=\"attachment_728\" style=\"width: 386px\" class=\"wp-caption alignleft\"><a href=\"\/dicestudemili\/wp-content\/uploads\/sites\/57\/2013\/02\/DE-la-Rosa.jpg\"><img aria-describedby=\"caption-attachment-728\" loading=\"lazy\" class=\" wp-image-728 \" title=\"De la Rosa en una jura de bandera en 1978.\" src=\"\/dicestudemili\/wp-content\/uploads\/sites\/57\/2013\/02\/DE-la-Rosa.jpg\" alt=\"De la Rosa en una jura de bandera en 1978.\" width=\"376\" height=\"645\" srcset=\"https:\/\/static-blogs.hoy.es\/wp-content\/uploads\/sites\/57\/2013\/02\/DE-la-Rosa.jpg 470w, https:\/\/static-blogs.hoy.es\/wp-content\/uploads\/sites\/57\/2013\/02\/DE-la-Rosa-175x300.jpg 175w\" sizes=\"(max-width: 376px) 100vw, 376px\" \/><\/a><p id=\"caption-attachment-728\" class=\"wp-caption-text\">De la Rosa en una jura de bandera en 1978.<\/p><\/div>\n<p><span style=\"font-size: 13px;\">Recordaba en la entrevista que \u00e9l no conoci\u00f3 el cuartel Infanta Isabel hasta <\/span><strong style=\"font-size: 13px;\">enero de 1977<\/strong><span style=\"font-size: 13px;\">, cuando fue destinado al puesto de capit\u00e1n en el Centro de Instrucci\u00f3n de Reclutas (CIR) de C\u00e1ceres, &#8220;<\/span><em style=\"font-size: 13px;\">entonces en el Cuartel se alojaba el mando, la plana mayor del CIR, la compa\u00f1\u00eda de destinos y dos compa\u00f1\u00edas de reclutas con aquellos enormes pabellones y m\u00faltiples dependencias que muchos espa\u00f1oles recordar\u00e1n ya que por aqu\u00ed pasaban j\u00f3venes de toda Espa\u00f1a<\/em><span style=\"font-size: 13px;\">&#8220;.<\/span><\/p>\n<p><span style=\"font-size: 13px;\">Lo comentaba tomando un caf\u00e9 en lo que quedaba del Cuartel, el edificio principal; el resto, los enormes pabellones de los reclutas, se hab\u00edan tirado para construir una urbanizaci\u00f3n. <\/span><\/p>\n<p><span style=\"font-size: 13px;\">El coronel dec\u00eda en confianza que le daba tristeza ver que todo aquello hab\u00eda desaparecido. &#8220;<em>Hasta el a\u00f1o 1982<\/em> &#8211; recordaba -, <em>hab\u00eda en el Cuartel unos 600 hombres, y m\u00e1s de 3.000 en el Campamento Santa Ana<\/em>&#8220;.<\/span><\/p>\n<p><span style=\"font-size: 13px;\">Unos d\u00edas antes de la entrevista, en el sal\u00f3n de plenos del Ayuntamiento, hab\u00eda tenido lugar la firma de un protocolo de intenciones entre la entonces ministra de Defensa, el presidente de la Junta de Extremadura y la alcaldesa de C\u00e1ceres, en el que se establec\u00eda que la Subdelegaci\u00f3n de Defensa pasar\u00eda a ocupar el\u00a0<strong>Palacio de las Cig\u00fce\u00f1as<\/strong>\u00a0(edifico del\u00a0<strong>Gobierno Militar<\/strong>), conllevando la cesi\u00f3n del cuartel Infanta Isabel al Ayuntamiento. <\/span><\/p>\n<p><span style=\"font-size: 13px;\">Han pasado cinco a\u00f1os y ese traslado a\u00fan no se ha materializado.<\/span><\/p>\n<p>&nbsp;<\/p>\n<p>&nbsp;<\/p>\n<p>&nbsp;<\/p>\n<!-- AddThis Advanced Settings generic via filter on the_content --><!-- AddThis Share Buttons generic via filter on the_content -->","protected":false},"excerpt":{"rendered":"<p>&nbsp; El coronel Juan Antonio de la Rosa Yllera, natural de Zarza la Mayor (C\u00e1ceres), pas\u00f3 a la reserva el 16 de diciembre de 2008 tras ceder al coronel Jes\u00fas Estacio Ferro el mando de la Subdelegaci\u00f3n de Defensa en C\u00e1ceres. En una entrevista concedida el d\u00eda anterior a HOY recordaba parte de sus 42 [&hellip;]<!-- AddThis Advanced Settings generic via filter on get_the_excerpt --><!-- AddThis Share Buttons generic via filter on get_the_excerpt --><\/p>\n","protected":false},"author":52,"featured_media":0,"comment_status":"open","ping_status":"closed","sticky":false,"template":"","format":"standard","meta":[],"categories":[3],"tags":[385,390,573,890,1062],"_links":{"self":[{"href":"https:\/\/blogs.hoy.es\/dicestudemili\/wp-json\/wp\/v2\/posts\/722"}],"collection":[{"href":"https:\/\/blogs.hoy.es\/dicestudemili\/wp-json\/wp\/v2\/posts"}],"about":[{"href":"https:\/\/blogs.hoy.es\/dicestudemili\/wp-json\/wp\/v2\/types\/post"}],"author":[{"embeddable":true,"href":"https:\/\/blogs.hoy.es\/dicestudemili\/wp-json\/wp\/v2\/users\/52"}],"replies":[{"embeddable":true,"href":"https:\/\/blogs.hoy.es\/dicestudemili\/wp-json\/wp\/v2\/comments?post=722"}],"version-history":[{"count":0,"href":"https:\/\/blogs.hoy.es\/dicestudemili\/wp-json\/wp\/v2\/posts\/722\/revisions"}],"wp:attachment":[{"href":"https:\/\/blogs.hoy.es\/dicestudemili\/wp-json\/wp\/v2\/media?parent=722"}],"wp:term":[{"taxonomy":"category","embeddable":true,"href":"https:\/\/blogs.hoy.es\/dicestudemili\/wp-json\/wp\/v2\/categories?post=722"},{"taxonomy":"post_tag","embeddable":true,"href":"https:\/\/blogs.hoy.es\/dicestudemili\/wp-json\/wp\/v2\/tags?post=722"}],"curies":[{"name":"wp","href":"https:\/\/api.w.org\/{rel}","templated":true}]}}