{"id":750,"date":"2013-02-18T07:11:30","date_gmt":"2013-02-18T07:11:30","guid":{"rendered":"http:\/\/blogs.hoy.es\/dicestudemili\/?p=750"},"modified":"2013-02-18T07:11:30","modified_gmt":"2013-02-18T07:11:30","slug":"1984-1-el-capitan-general-prueba-el-pan-de-la-tropa","status":"publish","type":"post","link":"https:\/\/blogs.hoy.es\/dicestudemili\/2013\/02\/18\/1984-1-el-capitan-general-prueba-el-pan-de-la-tropa\/","title":{"rendered":"1984 (1): El capit\u00e1n general prueba el pan de la tropa"},"content":{"rendered":"<div id=\"attachment_752\" style=\"width: 442px\" class=\"wp-caption aligncenter\"><a href=\"\/dicestudemili\/wp-content\/uploads\/sites\/57\/2013\/02\/1984probando-el-pan.jpg\"><img aria-describedby=\"caption-attachment-752\" loading=\"lazy\" class=\"size-full wp-image-752\" src=\"\/dicestudemili\/wp-content\/uploads\/sites\/57\/2013\/02\/1984probando-el-pan.jpg\" alt=\"Recorte con la fotograf\u00eda de la prueba del pan hecha por M\u00fa\u00f1ez.\" width=\"432\" height=\"702\" srcset=\"https:\/\/static-blogs.hoy.es\/wp-content\/uploads\/sites\/57\/2013\/02\/1984probando-el-pan.jpg 432w, https:\/\/static-blogs.hoy.es\/wp-content\/uploads\/sites\/57\/2013\/02\/1984probando-el-pan-185x300.jpg 185w\" sizes=\"(max-width: 432px) 100vw, 432px\" \/><\/a><p id=\"caption-attachment-752\" class=\"wp-caption-text\">Recorte con la fotograf\u00eda de la prueba del pan hecha por M\u00fa\u00f1ez.<\/p><\/div>\n<p>&nbsp;<\/p>\n<p>La fotograf\u00eda es curiosa. La hizo <strong>M\u00fa\u00f1ez<\/strong> el <strong>14 de febrero de 1984<\/strong> en la visita que hizo al CIR el capit\u00e1n general de la Primera Regi\u00f3n Militar<strong> Gustavo Urrutia Gracia<\/strong>. Ante la sonrisa de alguno de sus acompa\u00f1antes, el alto mando prob\u00f3 el pan que se iba a servir a la tropa.<\/p>\n<p>Urrut\u00eda, que falleci\u00f3 el <strong>12 de septiembre de 1997<\/strong>, hab\u00eda tenido una actuaci\u00f3n importante en 1981,<span style=\"font-size: 13px; line-height: 19px;\">\u00a0al colaborar para que no prosperara el <strong>golpe de Tejero<\/strong>. La visita a C\u00e1ceres la hizo en un momento decisivo, cuando se asist\u00eda al segundo rumor en la historia del CIR de C\u00e1ceres sobre su desaparici\u00f3n.<\/span><\/p>\n<p>El <strong>24 de enero de 1984<\/strong> se hab\u00eda publicado en prensa que en Badajoz se iba a construir inmediatamente un CIR y que iba a desaparecer el de C\u00e1ceres. El senador de Alianza Popular por C\u00e1ceres, <strong>Javier S\u00e1nchez<\/strong>, elev\u00f3 su protesta al Gobierno insistiendo en que de una vez por todas se dijera si el CIR cacere\u00f1o desaparec\u00eda y, si eso fuera cierto, si el Gobierno ten\u00eda prevista una compensaci\u00f3n econ\u00f3mica para C\u00e1ceres. En el pleno municipal del <strong>10 de febrero<\/strong>, se aprob\u00f3 por unanimidad una moci\u00f3n presentada por el grupo popular, Extremadura Unida y concejales independientes, pidiendo que no fuera suprimido el CIR-3, &#8220;<em>por lo que supone para la ciudad, tanto en el aspecto social como econ\u00f3mico<\/em>&#8220;. Se pidi\u00f3 al <strong>Ministerio de Defensa<\/strong> que en caso de tener que cerrar el centro de instrucci\u00f3n, viniera a C\u00e1ceres &#8220;<em>alguna unidad militar importante<\/em>&#8220;.<\/p>\n<p>Al final, el <strong>2 de abril de 1984<\/strong> se sale de dudas: El CIR contin\u00faa en C\u00e1ceres. As\u00ed se publica la noticia en HOY:<\/p>\n<p>&nbsp;<\/p>\n<div id=\"attachment_754\" style=\"width: 578px\" class=\"wp-caption aligncenter\"><a href=\"\/dicestudemili\/wp-content\/uploads\/sites\/57\/2013\/02\/1984aabril-copia.jpg\"><img aria-describedby=\"caption-attachment-754\" loading=\"lazy\" class=\"size-full wp-image-754\" src=\"\/dicestudemili\/wp-content\/uploads\/sites\/57\/2013\/02\/1984aabril-copia.jpg\" alt=\"Titular del diario HOY del 3 de abril de 1984.\" width=\"568\" height=\"475\" srcset=\"https:\/\/static-blogs.hoy.es\/wp-content\/uploads\/sites\/57\/2013\/02\/1984aabril-copia.jpg 568w, https:\/\/static-blogs.hoy.es\/wp-content\/uploads\/sites\/57\/2013\/02\/1984aabril-copia-300x251.jpg 300w\" sizes=\"(max-width: 568px) 100vw, 568px\" \/><\/a><p id=\"caption-attachment-754\" class=\"wp-caption-text\">Titular del diario HOY del 3 de abril de 1984.<\/p><\/div>\n<p>&nbsp;<\/p>\n<p>La noticia la da el <strong>coronel jefe del CIR Manuel Rodr\u00edguez de la Pe\u00f1a<\/strong> en la \u00faltima jura de bandera que preside, ya que abandona el mando. Rodr\u00edguez de la Pe\u00f1a estuvo destinado 12 a\u00f1os en el acuartelamiento cacere\u00f1o, 8 a\u00f1os como comandante y 4 como coronel. Asegur\u00f3 que de las obras que se hicieron en el CIR bajo su mando, de la que m\u00e1s orgulloso estaba era del frigor\u00edfico que se puso en la cocina, que sirvi\u00f3 de modelo para otros campamentos militares de Espa\u00f1a.<\/p>\n<p>El nuevo coronel jefe del Centro de Instrucci\u00f3n de C\u00e1ceres fue <strong>Pedro de la Morena G\u00f3mez<\/strong>. Natural de Colmenar Viejo (Madrid), ten\u00eda 56 a\u00f1os cuando asumi\u00f3 el mando.<\/p>\n<p>&nbsp;<\/p>\n<div id=\"attachment_755\" style=\"width: 605px\" class=\"wp-caption aligncenter\"><a href=\"\/dicestudemili\/wp-content\/uploads\/sites\/57\/2013\/02\/1984junio-copia.jpg\"><img aria-describedby=\"caption-attachment-755\" loading=\"lazy\" class=\"size-full wp-image-755\" src=\"\/dicestudemili\/wp-content\/uploads\/sites\/57\/2013\/02\/1984junio-copia.jpg\" alt=\"Noticia del nuevo coronel jefe del CIR.\" width=\"595\" height=\"312\" srcset=\"https:\/\/static-blogs.hoy.es\/wp-content\/uploads\/sites\/57\/2013\/02\/1984junio-copia.jpg 595w, https:\/\/static-blogs.hoy.es\/wp-content\/uploads\/sites\/57\/2013\/02\/1984junio-copia-300x157.jpg 300w\" sizes=\"(max-width: 595px) 100vw, 595px\" \/><\/a><p id=\"caption-attachment-755\" class=\"wp-caption-text\">Noticia del nuevo coronel jefe del CIR.<\/p><\/div>\n<p>&nbsp;<\/p>\n<!-- AddThis Advanced Settings generic via filter on the_content --><!-- AddThis Share Buttons generic via filter on the_content -->","protected":false},"excerpt":{"rendered":"<p>&nbsp; La fotograf\u00eda es curiosa. La hizo M\u00fa\u00f1ez el 14 de febrero de 1984 en la visita que hizo al CIR el capit\u00e1n general de la Primera Regi\u00f3n Militar Gustavo Urrutia Gracia. Ante la sonrisa de alguno de sus acompa\u00f1antes, el alto mando prob\u00f3 el pan que se iba a servir a la tropa. Urrut\u00eda, [&hellip;]<!-- AddThis Advanced Settings generic via filter on get_the_excerpt --><!-- AddThis Share Buttons generic via filter on get_the_excerpt --><\/p>\n","protected":false},"author":52,"featured_media":0,"comment_status":"open","ping_status":"closed","sticky":false,"template":"","format":"standard","meta":[],"categories":[3],"tags":[239,395,399,644,1080],"_links":{"self":[{"href":"https:\/\/blogs.hoy.es\/dicestudemili\/wp-json\/wp\/v2\/posts\/750"}],"collection":[{"href":"https:\/\/blogs.hoy.es\/dicestudemili\/wp-json\/wp\/v2\/posts"}],"about":[{"href":"https:\/\/blogs.hoy.es\/dicestudemili\/wp-json\/wp\/v2\/types\/post"}],"author":[{"embeddable":true,"href":"https:\/\/blogs.hoy.es\/dicestudemili\/wp-json\/wp\/v2\/users\/52"}],"replies":[{"embeddable":true,"href":"https:\/\/blogs.hoy.es\/dicestudemili\/wp-json\/wp\/v2\/comments?post=750"}],"version-history":[{"count":0,"href":"https:\/\/blogs.hoy.es\/dicestudemili\/wp-json\/wp\/v2\/posts\/750\/revisions"}],"wp:attachment":[{"href":"https:\/\/blogs.hoy.es\/dicestudemili\/wp-json\/wp\/v2\/media?parent=750"}],"wp:term":[{"taxonomy":"category","embeddable":true,"href":"https:\/\/blogs.hoy.es\/dicestudemili\/wp-json\/wp\/v2\/categories?post=750"},{"taxonomy":"post_tag","embeddable":true,"href":"https:\/\/blogs.hoy.es\/dicestudemili\/wp-json\/wp\/v2\/tags?post=750"}],"curies":[{"name":"wp","href":"https:\/\/api.w.org\/{rel}","templated":true}]}}