{"id":765,"date":"2013-02-20T08:05:36","date_gmt":"2013-02-20T08:05:36","guid":{"rendered":"http:\/\/blogs.hoy.es\/dicestudemili\/?p=765"},"modified":"2013-02-20T08:05:36","modified_gmt":"2013-02-20T08:05:36","slug":"los-cuatro-primeros-coroneles-jefes-del-cir-de-caceres","status":"publish","type":"post","link":"https:\/\/blogs.hoy.es\/dicestudemili\/2013\/02\/20\/los-cuatro-primeros-coroneles-jefes-del-cir-de-caceres\/","title":{"rendered":"Los cuatro primeros coroneles jefes del CIR"},"content":{"rendered":"<p><strong>Rafael Molina Fern\u00e1ndez<\/strong>, moderador del espacio dedicado al CIR n\u00famero 3 de C\u00e1ceres en la p\u00e1gina web <strong>www.amigosdelamili.com<\/strong>, nos ha enviado las fotos de los cuatro primeros coroneles jefes del CIR de C\u00e1ceres.<\/p>\n<p>El primero en ocupar este cargo, <strong>desde 1965 a 1966<\/strong>, fue <strong>Eugenio Junc\u00e1 Casadevall<\/strong>.<\/p>\n<p>&nbsp;<\/p>\n<div id=\"attachment_768\" style=\"width: 394px\" class=\"wp-caption aligncenter\"><a href=\"\/dicestudemili\/wp-content\/uploads\/sites\/57\/2013\/02\/n-13.jpg\"><img aria-describedby=\"caption-attachment-768\" loading=\"lazy\" class=\"size-full wp-image-768\" src=\"\/dicestudemili\/wp-content\/uploads\/sites\/57\/2013\/02\/n-13.jpg\" alt=\"Eugenio Junc\u00e1 Casadevall.\" width=\"384\" height=\"534\" srcset=\"https:\/\/static-blogs.hoy.es\/wp-content\/uploads\/sites\/57\/2013\/02\/n-13.jpg 384w, https:\/\/static-blogs.hoy.es\/wp-content\/uploads\/sites\/57\/2013\/02\/n-13-216x300.jpg 216w\" sizes=\"(max-width: 384px) 100vw, 384px\" \/><\/a><p id=\"caption-attachment-768\" class=\"wp-caption-text\">Eugenio Junc\u00e1 Casadevall.<\/p><\/div>\n<p>&nbsp;<\/p>\n<p>Catal\u00e1n, era hijo del m\u00fasico militar nacido en Figueras (Gerona) el comandante <strong>Antonio Junc\u00e1 Soler<\/strong>, famoso compositor de<span style=\"font-size: 13px;\">\u00a0<\/span><span style=\"font-size: 13px;\">sardanas. Eugenio Junc\u00e1 escribi\u00f3 un libro titulado &#8216;Lecturas militares francesas&#8217; y un diccionario militar franc\u00e9s-espa\u00f1ol. La fotograf\u00eda est\u00e1 dedicada, puso su firma tras la frase: &#8220;<em>Al CIR n\u00ba 3, con todo cari\u00f1o. 8-6-1966<\/em>&#8220;. De C\u00e1ceres se march\u00f3 destinado a Alicante. En esa ciudad falleci\u00f3 el <strong>19 de enero de 1995<\/strong>.<\/span><\/p>\n<p>El segundo coronel jefe del CIR, <strong>de 1966 a 1970<\/strong>, fue <strong>Alfonso Cer\u00f3n Gil<\/strong>.<\/p>\n<p>&nbsp;<\/p>\n<div id=\"attachment_770\" style=\"width: 414px\" class=\"wp-caption aligncenter\"><a href=\"\/dicestudemili\/wp-content\/uploads\/sites\/57\/2013\/02\/n-2.jpg\"><img aria-describedby=\"caption-attachment-770\" loading=\"lazy\" class=\" wp-image-770 \" src=\"\/dicestudemili\/wp-content\/uploads\/sites\/57\/2013\/02\/n-2.jpg\" alt=\"Alfonso Cer\u00f3n Gil.\" width=\"404\" height=\"496\" srcset=\"https:\/\/static-blogs.hoy.es\/wp-content\/uploads\/sites\/57\/2013\/02\/n-2.jpg 449w, https:\/\/static-blogs.hoy.es\/wp-content\/uploads\/sites\/57\/2013\/02\/n-2-244x300.jpg 244w\" sizes=\"(max-width: 404px) 100vw, 404px\" \/><\/a><p id=\"caption-attachment-770\" class=\"wp-caption-text\">Alfonso Cer\u00f3n Gil.<\/p><\/div>\n<p>&nbsp;<\/p>\n<p>Natural de Murcia, afirmaba que ten\u00eda mucho cari\u00f1o a C\u00e1ceres porque en un hospital de esta ciudad se hab\u00eda curado de una herida recibida en la Guerra Civil. Se march\u00f3 en 1970 al ascender a general. Muri\u00f3 el <strong>29 de noviembre de 1984<\/strong>, en Barcelona. En su esquela publicada en el ABC, se indicaba que fue general de Brigada de Infanter\u00eda, ten\u00eda la cruz y placa de San Hermenegildo, la Medalla de Sufrimiento por la Patria y la Cruz de M\u00e9rito Militar.<\/p>\n<p>El tercer coronel jefe del CIR de C\u00e1ceres, <strong>de 1970 a 1973<\/strong>, fue <strong>Alfonso Rodr\u00edguez Cullel<\/strong>.<\/p>\n<p>&nbsp;<\/p>\n<div id=\"attachment_771\" style=\"width: 398px\" class=\"wp-caption aligncenter\"><a href=\"\/dicestudemili\/wp-content\/uploads\/sites\/57\/2013\/02\/n-.3.jpg\"><img aria-describedby=\"caption-attachment-771\" loading=\"lazy\" class=\"size-full wp-image-771\" src=\"\/dicestudemili\/wp-content\/uploads\/sites\/57\/2013\/02\/n-.3.jpg\" alt=\"Alfonso Rodr\u00edguez Cullel.\" width=\"388\" height=\"542\" srcset=\"https:\/\/static-blogs.hoy.es\/wp-content\/uploads\/sites\/57\/2013\/02\/n-.3.jpg 388w, https:\/\/static-blogs.hoy.es\/wp-content\/uploads\/sites\/57\/2013\/02\/n-.3-215x300.jpg 215w\" sizes=\"(max-width: 388px) 100vw, 388px\" \/><\/a><p id=\"caption-attachment-771\" class=\"wp-caption-text\">Alfonso Rodr\u00edguez Cullel.<\/p><\/div>\n<p>&nbsp;<\/p>\n<p>Ascendi\u00f3 a general de Brigada de Infanter\u00eda. Muri\u00f3 en Barcelona el <strong>11 de enero de 1994<\/strong>.<\/p>\n<p>&nbsp;<\/p>\n<p>El cuarto coronel jefe, <strong>de 1973 a 1977<\/strong>, fue <strong>Eloy Rodr\u00edguez de Miguel<\/strong>.<\/p>\n<p>&nbsp;<\/p>\n<div id=\"attachment_772\" style=\"width: 411px\" class=\"wp-caption aligncenter\"><a href=\"\/dicestudemili\/wp-content\/uploads\/sites\/57\/2013\/02\/n-4.jpg\"><img aria-describedby=\"caption-attachment-772\" loading=\"lazy\" class=\"size-full wp-image-772\" src=\"\/dicestudemili\/wp-content\/uploads\/sites\/57\/2013\/02\/n-4.jpg\" alt=\"Eloy Rodr\u00edguez de Miguel.\" width=\"401\" height=\"567\" srcset=\"https:\/\/static-blogs.hoy.es\/wp-content\/uploads\/sites\/57\/2013\/02\/n-4.jpg 401w, https:\/\/static-blogs.hoy.es\/wp-content\/uploads\/sites\/57\/2013\/02\/n-4-212x300.jpg 212w\" sizes=\"(max-width: 401px) 100vw, 401px\" \/><\/a><p id=\"caption-attachment-772\" class=\"wp-caption-text\">Eloy Rodr\u00edguez de Miguel.<\/p><\/div>\n<p>&nbsp;<\/p>\n<p>Hab\u00eda sido profesor de Educaci\u00f3n F\u00edsica de la <strong>Academia de Infanter\u00eda de Toledo<\/strong>. Fue quien dise\u00f1\u00f3 gran parte del acuartelamiento de Santa Ana.<\/p>\n<p>&nbsp;<\/p>\n<p>&nbsp;<\/p>\n<p>&nbsp;<\/p>\n<!-- AddThis Advanced Settings generic via filter on the_content --><!-- AddThis Share Buttons generic via filter on the_content -->","protected":false},"excerpt":{"rendered":"<p>Rafael Molina Fern\u00e1ndez, moderador del espacio dedicado al CIR n\u00famero 3 de C\u00e1ceres en la p\u00e1gina web www.amigosdelamili.com, nos ha enviado las fotos de los cuatro primeros coroneles jefes del CIR de C\u00e1ceres. El primero en ocupar este cargo, desde 1965 a 1966, fue Eugenio Junc\u00e1 Casadevall. &nbsp; &nbsp; Catal\u00e1n, era hijo del m\u00fasico militar [&hellip;]<!-- AddThis Advanced Settings generic via filter on get_the_excerpt --><!-- AddThis Share Buttons generic via filter on get_the_excerpt --><\/p>\n","protected":false},"author":52,"featured_media":0,"comment_status":"open","ping_status":"closed","sticky":false,"template":"","format":"standard","meta":[],"categories":[2],"tags":[14,363,364,375,377,949],"_links":{"self":[{"href":"https:\/\/blogs.hoy.es\/dicestudemili\/wp-json\/wp\/v2\/posts\/765"}],"collection":[{"href":"https:\/\/blogs.hoy.es\/dicestudemili\/wp-json\/wp\/v2\/posts"}],"about":[{"href":"https:\/\/blogs.hoy.es\/dicestudemili\/wp-json\/wp\/v2\/types\/post"}],"author":[{"embeddable":true,"href":"https:\/\/blogs.hoy.es\/dicestudemili\/wp-json\/wp\/v2\/users\/52"}],"replies":[{"embeddable":true,"href":"https:\/\/blogs.hoy.es\/dicestudemili\/wp-json\/wp\/v2\/comments?post=765"}],"version-history":[{"count":0,"href":"https:\/\/blogs.hoy.es\/dicestudemili\/wp-json\/wp\/v2\/posts\/765\/revisions"}],"wp:attachment":[{"href":"https:\/\/blogs.hoy.es\/dicestudemili\/wp-json\/wp\/v2\/media?parent=765"}],"wp:term":[{"taxonomy":"category","embeddable":true,"href":"https:\/\/blogs.hoy.es\/dicestudemili\/wp-json\/wp\/v2\/categories?post=765"},{"taxonomy":"post_tag","embeddable":true,"href":"https:\/\/blogs.hoy.es\/dicestudemili\/wp-json\/wp\/v2\/tags?post=765"}],"curies":[{"name":"wp","href":"https:\/\/api.w.org\/{rel}","templated":true}]}}