{"id":778,"date":"2013-02-22T07:01:52","date_gmt":"2013-02-22T07:01:52","guid":{"rendered":"http:\/\/blogs.hoy.es\/dicestudemili\/?p=778"},"modified":"2013-02-22T07:01:52","modified_gmt":"2013-02-22T07:01:52","slug":"jose-luis-molero-la-mona-susi-tenia-una-paga-de-cabo","status":"publish","type":"post","link":"https:\/\/blogs.hoy.es\/dicestudemili\/2013\/02\/22\/jose-luis-molero-la-mona-susi-tenia-una-paga-de-cabo\/","title":{"rendered":"Jos\u00e9 Luis Molero: &#8220;La mona Susi ten\u00eda asignada una paga de cabo&#8221;"},"content":{"rendered":"<p><em>De casualidad, me he encontrado con \u00e9sta p\u00e1gina y no sab\u00e9is la alegr\u00eda que me ha dado recordar los buenos tiempos que pas\u00e9 en &#8216;la mili&#8217;.<\/em><br \/>\n<em> Soy<strong> Jos\u00e9 Luis Molero<\/strong> del reemplazo 79\/3\u00ba. Estuve de recluta en la 2\u00aa Compa\u00f1\u00eda del Cuartel Infanta Isabel de C\u00e1ceres, y el resto de la &#8216;mili&#8217; la pas\u00e9 de cabo gastador, tambi\u00e9n en el Cuartel.<\/em><br \/>\n<em> Por mi condici\u00f3n de cabo gastador (je, je\u2026 que nombre), me toc\u00f3 &#8216;lidiar&#8217; tanto con la <strong>mona Susi<\/strong>, como con el <strong>carnero &#8216;Falcon&#8217;<\/strong> (por Falconeti, creo que de la serie \u2018Hombre rico, hombre pobre\u2019).<\/em><br \/>\n<em> Pues bien, os dir\u00e9 que la Mona Susi, ten\u00eda una paga asignada equivalente a la de un cabo. En la oficina de Gastadores ten\u00edamos una carpeta en la que rezaba &#8216;Albaranes de la Mona SUSI&#8217;, en la que se archivaban las facturas, albaranes o tickets que gast\u00e1bamos en el Economato que hab\u00eda en el Cuartel, y que consist\u00edan principalmente en yogures, fruta y algunos frutos secos, que la Susi devoraba en tiempo r\u00e9cord.<\/em><\/p>\n<p>&nbsp;<\/p>\n<div id=\"attachment_779\" style=\"width: 512px\" class=\"wp-caption aligncenter\"><a href=\"\/dicestudemili\/wp-content\/uploads\/sites\/57\/2013\/02\/052-2.jpg\"><img aria-describedby=\"caption-attachment-779\" loading=\"lazy\" class=\"size-full wp-image-779\" title=\"Fotograf\u00eda de Juan Guerrero de un soldado con la mona Susi.\" src=\"\/dicestudemili\/wp-content\/uploads\/sites\/57\/2013\/02\/052-2.jpg\" alt=\"Fotograf\u00eda de Juan Guerrero de un soldado con la mona Susi.\" width=\"502\" height=\"689\" srcset=\"https:\/\/static-blogs.hoy.es\/wp-content\/uploads\/sites\/57\/2013\/02\/052-2.jpg 502w, https:\/\/static-blogs.hoy.es\/wp-content\/uploads\/sites\/57\/2013\/02\/052-2-219x300.jpg 219w\" sizes=\"(max-width: 502px) 100vw, 502px\" \/><\/a><p id=\"caption-attachment-779\" class=\"wp-caption-text\">Fotograf\u00eda de Juan Guerrero de un soldado con la mona Susi.<\/p><\/div>\n<p>&nbsp;<\/p>\n<p><em> En cuanto al carnero -Falcon- (que no ten\u00eda paga asignada), ten\u00eda una dieta m\u00e1s austera, se trataba de pan duro y la hierba que com\u00eda cuando lo paseaba por el cuartel .<\/em><br \/>\n<em> Recuerdo que en uno de esos paseos, mientras que yo esperaba a que comiera la hierba de alrededor de uno de los \u00e1rboles junto a la 2\u00aa, el carnero sali\u00f3 de estampida hacia la explanada donde estaba el barrac\u00f3n de la VM (Vigilancia Militar). Sal\u00ed corriendo tras \u00e9l, al tiempo que lo llamaba, sin que el carnero hiciera intenci\u00f3n de parar. En mi carrera me di cuenta, de que iba derecho hacia <strong>Cerro<\/strong>, un soldado alt\u00edsimo destinado en las oficinas de Batall\u00f3n y que unos d\u00edas antes, cuando yo iba a llevarle agua al carnero, le vi que &#8216;puteaba&#8217; a Falco d\u00e1ndole con la culata del mosquet\u00f3n en la cornamenta, porque dec\u00eda que le &#8220;trompaba&#8221; cuando iba a subir a la garita de Intendencia (creo que la llam\u00e1bamos as\u00ed, a la que estaba a continuaci\u00f3n del Economato y del Juzgado Militar). As\u00ed que como relataba, en mi carrera tras el carnero y viendo que no se paraba, comenc\u00e9 a llamar a Cerro que estaba de espaldas al carnero y al o\u00edrme y volverse, empez\u00f3 a correr como un desesperado a refugiarse en las oficinas del Batall\u00f3n\u2026. Hab\u00eda que ver a Cerro (casi dos metros de altura, jugaba en el <strong>C\u00e1ceres de Baloncesto<\/strong>) con esas piernas largu\u00edsimas, agarrado a los cargadores de munici\u00f3n de las trinchas (estaba de reten o de guardia) y a Falcon detr\u00e1s para vengarse de las tropel\u00edas de Cerro. INOLVIDABLE\u2026 todos los que estaba por el patio lo recordar\u00e1n con una sonrisa.<\/em><br \/>\n<em> En cuanto a la Susi, (mona de Gibraltar que un teniente se trajo al Cuartel), ten\u00eda sus dependencias junto al <strong>Cuerpo de Guardia<\/strong>, en la sala de la caldera, que como en C\u00e1ceres hace tanto fr\u00edo en invierno, all\u00ed se encontraba a las mil maravillas.<\/em><br \/>\n<em> Una de esas noches de invierno, un soldado que se ocupaba de mantener viva la caldera aprovision\u00e1ndola de le\u00f1a, y que se hab\u00eda pasado de &#8216;calimocho&#8217;, en una de las veces que entr\u00f3 a la sala de calderas, se ve que jugando o puteando a la mona, recibi\u00f3 de \u00e9sta un mordisco o una intentona de mordisco&#8230; El soldado le dio una torta&#8230; o eso se dijo, y la Susi fue a parar al interior de la caldera. Se puso a dar saltos en el enrejillado donde se echaba la le\u00f1a, y aunque sali\u00f3 de all\u00ed, se le quemaron las patas traseras. (Me toc\u00f3 durante meses curarla a diario, cambiarle el vendaje y darle unas cremas que me facilitaban en el Botiqu\u00edn del Cuartel). Cuando cicatrizaron las heridas, intent\u00e9 que volviera a desfilar subida a Falcon, pero, era imposible, puesto que al carecer de dedos en las patas traseras, no pod\u00eda agarrarse y se ca\u00eda a la pista. Ese fue el final de su &#8216;carrera&#8217;.<\/em><\/p>\n<p>&nbsp;<\/p>\n<div id=\"attachment_781\" style=\"width: 685px\" class=\"wp-caption aligncenter\"><a href=\"\/dicestudemili\/wp-content\/uploads\/sites\/57\/2013\/02\/88.-CACERES.-DESFILE-DE-LA-ESCUADRA-DE-GASTADORES-CON-LAS-MA.jpg\"><img aria-describedby=\"caption-attachment-781\" loading=\"lazy\" class=\" wp-image-781 \" title=\"La mona Susi cuando a\u00fan pod\u00eda desfilar sobre Falcon.\" src=\"\/dicestudemili\/wp-content\/uploads\/sites\/57\/2013\/02\/88.-CACERES.-DESFILE-DE-LA-ESCUADRA-DE-GASTADORES-CON-LAS-MA.jpg\" alt=\"La mona Susi cuando a\u00fan pod\u00eda desfilar sobre Falcon.\" width=\"675\" height=\"486\" srcset=\"https:\/\/static-blogs.hoy.es\/wp-content\/uploads\/sites\/57\/2013\/02\/88.-CACERES.-DESFILE-DE-LA-ESCUADRA-DE-GASTADORES-CON-LAS-MA.jpg 750w, https:\/\/static-blogs.hoy.es\/wp-content\/uploads\/sites\/57\/2013\/02\/88.-CACERES.-DESFILE-DE-LA-ESCUADRA-DE-GASTADORES-CON-LAS-MA-300x216.jpg 300w\" sizes=\"(max-width: 675px) 100vw, 675px\" \/><\/a><p id=\"caption-attachment-781\" class=\"wp-caption-text\">La mona Susi cuando a\u00fan pod\u00eda desfilar sobre Falcon.<\/p><\/div>\n<p>&nbsp;<\/p>\n<p><em> Poco despu\u00e9s el carnero, en un ensayo de Jura, se sali\u00f3 de la formaci\u00f3n (su puesto era ir detr\u00e1s de m\u00ed en el desfile), y se dirigi\u00f3 flechado al <strong>Brigada Hormigo<\/strong>, que era el director de la <strong>Banda de M\u00fasica<\/strong>\u00a0que formaba junto al Palco de Autoridades. Le dio tal topetazo en una pierna, que estuvo de baja un mont\u00f3n de tiempo. Tras ese incidente no volvi\u00f3 a desfilar (el carnero) y al poco, lo llevaron al Campamento, junto a un reba\u00f1o de ovejas que un soldado cuidaba.<\/em><br \/>\n<em> Un par de meses despu\u00e9s, tras un ensayo de Jura, me fui a interesarme por el carnero y le pregunt\u00e9 al soldado, que d\u00f3nde estaba Falcon, a lo que me dijo: &#8220;Miral\u00f3. All\u00ed lo tienes en medio de aquellas ovejas&#8221;\u2026 No lo conoc\u00eda. Estaba delgad\u00edsimo. Lo llam\u00e9 y vino al instante, le pregunt\u00e9 al soldado porque raz\u00f3n ten\u00eda un aspecto tan escu\u00e1lido y demacrado, a lo que me contest\u00f3, que no paraba de &#8216;montar&#8217; ovejas y estaba sacando lo atrasado, que era un semental de primera y no hab\u00eda oveja que se le resistiera\u2026 ja, ja, ja \u00a1\u00a1\u00a1Qu\u00e9 pillo!!!! \u00a0Fue la \u00faltima vez que lo vi.<\/em><\/p>\n<!-- AddThis Advanced Settings generic via filter on the_content --><!-- AddThis Share Buttons generic via filter on the_content -->","protected":false},"excerpt":{"rendered":"<p>De casualidad, me he encontrado con \u00e9sta p\u00e1gina y no sab\u00e9is la alegr\u00eda que me ha dado recordar los buenos tiempos que pas\u00e9 en &#8216;la mili&#8217;. Soy Jos\u00e9 Luis Molero del reemplazo 79\/3\u00ba. Estuve de recluta en la 2\u00aa Compa\u00f1\u00eda del Cuartel Infanta Isabel de C\u00e1ceres, y el resto de la &#8216;mili&#8217; la pas\u00e9 de [&hellip;]<!-- AddThis Advanced Settings generic via filter on get_the_excerpt --><!-- AddThis Share Buttons generic via filter on get_the_excerpt --><\/p>\n","protected":false},"author":52,"featured_media":0,"comment_status":"open","ping_status":"closed","sticky":false,"template":"","format":"standard","meta":[],"categories":[6],"tags":[124,152,197,293,308,690,852],"_links":{"self":[{"href":"https:\/\/blogs.hoy.es\/dicestudemili\/wp-json\/wp\/v2\/posts\/778"}],"collection":[{"href":"https:\/\/blogs.hoy.es\/dicestudemili\/wp-json\/wp\/v2\/posts"}],"about":[{"href":"https:\/\/blogs.hoy.es\/dicestudemili\/wp-json\/wp\/v2\/types\/post"}],"author":[{"embeddable":true,"href":"https:\/\/blogs.hoy.es\/dicestudemili\/wp-json\/wp\/v2\/users\/52"}],"replies":[{"embeddable":true,"href":"https:\/\/blogs.hoy.es\/dicestudemili\/wp-json\/wp\/v2\/comments?post=778"}],"version-history":[{"count":0,"href":"https:\/\/blogs.hoy.es\/dicestudemili\/wp-json\/wp\/v2\/posts\/778\/revisions"}],"wp:attachment":[{"href":"https:\/\/blogs.hoy.es\/dicestudemili\/wp-json\/wp\/v2\/media?parent=778"}],"wp:term":[{"taxonomy":"category","embeddable":true,"href":"https:\/\/blogs.hoy.es\/dicestudemili\/wp-json\/wp\/v2\/categories?post=778"},{"taxonomy":"post_tag","embeddable":true,"href":"https:\/\/blogs.hoy.es\/dicestudemili\/wp-json\/wp\/v2\/tags?post=778"}],"curies":[{"name":"wp","href":"https:\/\/api.w.org\/{rel}","templated":true}]}}