{"id":792,"date":"2013-02-25T07:38:49","date_gmt":"2013-02-25T07:38:49","guid":{"rendered":"http:\/\/blogs.hoy.es\/dicestudemili\/?p=792"},"modified":"2013-02-25T07:38:49","modified_gmt":"2013-02-25T07:38:49","slug":"1984-y-2-la-desgracia-del-recluta-que-se-ahogo-en-la-mina","status":"publish","type":"post","link":"https:\/\/blogs.hoy.es\/dicestudemili\/2013\/02\/25\/1984-y-2-la-desgracia-del-recluta-que-se-ahogo-en-la-mina\/","title":{"rendered":"1984 (y 2): La desgracia del recluta que se ahog\u00f3 en la mina"},"content":{"rendered":"<p>Cerca del Campamento Santa Ana se encuentran las <strong>minas de fosforita de Aldea Moret<\/strong>. Minas abandonadas cuyas galer\u00edas se inundaron con las aguas subterr\u00e1neas. Algunas entradas de las minas ten\u00edan viejas escaleras de metal por las que llegar a lagos de agua transparente. Hab\u00eda gente que en verano se ba\u00f1aba en estos lagos artificiales. Eran lugares hermosos, pero llenos de peligro.<\/p>\n<p>La tarde del viernes <strong>17 de febrero de 1984<\/strong>, dos d\u00edas antes de su jura de bandera, pasearon por la zona de las minas abandonadas tres reclutas. Al ver la entrada de la mina de <strong>La Esmeralda<\/strong> preguntaron a gente que paseaba por all\u00ed si se pod\u00eda entrar. Les dijeron que s\u00ed, pero que hab\u00eda que tener cuidado. Los tres bajaron por la escalera oxidada adosada a un lateral de la empinada galer\u00eda que ten\u00eda 100 metros de profundidad. Uno de los pelda\u00f1os se rompi\u00f3 y se precipit\u00f3 al vac\u00edo el recluta voluntario\u00a0<strong>Francisco Isidro Ruiz<\/strong>, de 17 a\u00f1os, natural de Madrid. Francisco se golpe\u00f3 la cabeza en las paredes de la mina antes de caer al lago en donde muri\u00f3 ahogado.<\/p>\n<p>Sus compa\u00f1eros pidieron ayuda. Llegaron al lugar miembros del cuerpo de bomberos de C\u00e1ceres, agentes de la polic\u00eda local que dirig\u00eda <strong>C\u00e9sar Garc\u00eda<\/strong>, miembros de Cruz Roja, de la Asociaci\u00f3n DYA. Inspeccionaron el lago subterr\u00e1neo, de mil metros cuadrados de superficie, ayudados con un bote neum\u00e1tico, alumbrando el agua cristalina potentes focos. No tuvieron \u00e9xito.<\/p>\n<p>Al d\u00eda siguiente, vinieron buceadores de la Guardia Civil llegados de Madrid. Desde primeras horas de la ma\u00f1ana estaba en la zona el padre de Francisco visiblemente dolorido, viendo la operaci\u00f3n de rescate del cuerpo de su hijo. Los hombres rana encontraron el cuerpo a 25 metros de profundidad, a las dos de la tarde. Subieron el cad\u00e1ver del muchacho hasta la entrada de la mina en donde uno de los capellanes del CIR rez\u00f3 un breve responso antes de que el juez ordenara trasladar el cad\u00e1ver al cementerio para que se le realizara la autopsia. Uno de los civiles que participaron activamente en el rescate del cuerpo del recluta fue el cacere\u00f1o <strong>Juli\u00e1n Amaral Jimeno<\/strong>, aficionado a la espeleolog\u00eda que entonces ten\u00eda 21 a\u00f1os.<\/p>\n<p>&nbsp;<\/p>\n<div id=\"attachment_794\" style=\"width: 605px\" class=\"wp-caption aligncenter\"><a href=\"\/dicestudemili\/wp-content\/uploads\/sites\/57\/2013\/02\/1984febrero-copia.jpg\"><img aria-describedby=\"caption-attachment-794\" loading=\"lazy\" class=\"size-full wp-image-794\" title=\"Recorte de prensa del Diario HOY sobre el suceso.\" src=\"\/dicestudemili\/wp-content\/uploads\/sites\/57\/2013\/02\/1984febrero-copia.jpg\" alt=\"Recorte de prensa del Diario HOY sobre el suceso.\" width=\"595\" height=\"638\" srcset=\"https:\/\/static-blogs.hoy.es\/wp-content\/uploads\/sites\/57\/2013\/02\/1984febrero-copia.jpg 595w, https:\/\/static-blogs.hoy.es\/wp-content\/uploads\/sites\/57\/2013\/02\/1984febrero-copia-280x300.jpg 280w\" sizes=\"(max-width: 595px) 100vw, 595px\" \/><\/a><p id=\"caption-attachment-794\" class=\"wp-caption-text\">Recorte de prensa del Diario HOY sobre el suceso.<\/p><\/div>\n<p>&nbsp;<\/p>\n<p>Los accidentes de tr\u00e1fico que a nivel nacional este a\u00f1o provocaron muchos dramas, tambi\u00e9n dejaron su huella en el CIR cacere\u00f1o. El <strong>3 de mayo de 1984<\/strong> se publicaba la noticia de la muerte de <strong>Agust\u00edn Garc\u00eda Fabi\u00e1n<\/strong>, de 20 a\u00f1os. Un cami\u00f3n colision\u00f3 con el ciclomotor que conduc\u00eda, a las siete y media de la ma\u00f1ana, en el kil\u00f3metro 217 de la carretera nacional 630, en un tramo recto.<\/p>\n<p>Qui\u00e9n sali\u00f3 con vida de otro accidente de tr\u00e1fico, aunque con heridas de gravedad, fue <strong>Jos\u00e9 Luis Pastor Morata<\/strong>, que protagoniz\u00f3 una curiosa imagen en la jura de bandera del mes de agosto de 1984, ya que bes\u00f3 la bandera desde una camilla que sosten\u00edan varios soldados. Jos\u00e9 Luis pertenec\u00eda a las milicias universitarias, que desde 1972 a 1992 fueron conocidas con las siglas <strong>IMEC<\/strong> (Instrucci\u00f3n Militar Escala de Complemento), en donde los universitarios pod\u00edan cumplir el servicio militar como oficiales (alf\u00e9rez) o suboficiales (sargento).<\/p>\n<p>&nbsp;<\/p>\n<div id=\"attachment_795\" style=\"width: 622px\" class=\"wp-caption aligncenter\"><a href=\"\/dicestudemili\/wp-content\/uploads\/sites\/57\/2013\/02\/1984agosto-copia.jpg\"><img aria-describedby=\"caption-attachment-795\" loading=\"lazy\" class=\"size-full wp-image-795\" title=\"Recorte del Diario HOY con la imagen de Jos\u00e9 Luis Pastor jurando bandera en camilla.\" src=\"\/dicestudemili\/wp-content\/uploads\/sites\/57\/2013\/02\/1984agosto-copia.jpg\" alt=\"Recorte del Diario HOY con la imagen de Jos\u00e9 Luis Pastor jurando bandera en camilla.\" width=\"612\" height=\"484\" srcset=\"https:\/\/static-blogs.hoy.es\/wp-content\/uploads\/sites\/57\/2013\/02\/1984agosto-copia.jpg 612w, https:\/\/static-blogs.hoy.es\/wp-content\/uploads\/sites\/57\/2013\/02\/1984agosto-copia-300x237.jpg 300w\" sizes=\"(max-width: 612px) 100vw, 612px\" \/><\/a><p id=\"caption-attachment-795\" class=\"wp-caption-text\">Recorte del Diario HOY con la imagen de Jos\u00e9 Luis Pastor jurando bandera en camilla.<\/p><\/div>\n<p>&nbsp;<\/p>\n<p>Para terminar de una manera m\u00e1s alegre este art\u00edculo, publicamos el siguiente comentario de un recluta de 1984 que hemos visto en el blog <strong>Historias de El Pardo<\/strong>: &#8220;<em>La leche, a mis 47 tacos me est\u00e1n entrando unas ganas incre\u00edbles de volver a la mili. Estuve en Santa Ana en el sexto o s\u00e9ptimo reemplazo, no recuerdo. Llegu\u00e9 en octubre del 84, eso seguro. Estuve en la 11\u00aa o la 7\u00aa Compa\u00f1\u00eda (perdonar, pero no recuerdo muy bien), con muchos compa\u00f1eros de Cuenca y Ciudad Real que iban como <strong>voluntarios de Cruz Roja<\/strong>. Ten\u00eda el n\u00famero 217 y soy de <strong>Tomelloso<\/strong>. Recuerdo con deleite los platos combinados de la poller\u00eda y aquellos tercios de hermano Mahou, los tradicionales, \u00a1qu\u00e9 ricos! Que buenos ratos. Los escaqueos de la gimnasia escondi\u00e9ndome en los servicios del batall\u00f3n, el Manolito de la entrada&#8230; Un poco menos a\u00f1oro la mierda de instrucci\u00f3n y los bocatas pe\u00edos que nos daban a media ma\u00f1ana; pero no me puedo quejar. Saludos y ojal\u00e1 contacte con alguien<\/em>&#8220;. El comentario lo firma <strong>Jos\u00e9 \u00c1ngel<\/strong>.<\/p>\n<p>En la secci\u00f3n &#8216;Tus testimonios&#8217; de este blog, se encuentran los recuerdos y fotograf\u00edas de 1984 del<strong> sargento Niebla<\/strong>.<\/p>\n<p>&nbsp;<\/p>\n<p>&nbsp;<\/p>\n<!-- AddThis Advanced Settings generic via filter on the_content --><!-- AddThis Share Buttons generic via filter on the_content -->","protected":false},"excerpt":{"rendered":"<p>Cerca del Campamento Santa Ana se encuentran las minas de fosforita de Aldea Moret. Minas abandonadas cuyas galer\u00edas se inundaron con las aguas subterr\u00e1neas. Algunas entradas de las minas ten\u00edan viejas escaleras de metal por las que llegar a lagos de agua transparente. Hab\u00eda gente que en verano se ba\u00f1aba en estos lagos artificiales. Eran [&hellip;]<!-- AddThis Advanced Settings generic via filter on get_the_excerpt --><!-- AddThis Share Buttons generic via filter on get_the_excerpt --><\/p>\n","protected":false},"author":52,"featured_media":0,"comment_status":"open","ping_status":"closed","sticky":false,"template":"","format":"standard","meta":[],"categories":[3],"tags":[28,310,527,612,691,742,754,844],"_links":{"self":[{"href":"https:\/\/blogs.hoy.es\/dicestudemili\/wp-json\/wp\/v2\/posts\/792"}],"collection":[{"href":"https:\/\/blogs.hoy.es\/dicestudemili\/wp-json\/wp\/v2\/posts"}],"about":[{"href":"https:\/\/blogs.hoy.es\/dicestudemili\/wp-json\/wp\/v2\/types\/post"}],"author":[{"embeddable":true,"href":"https:\/\/blogs.hoy.es\/dicestudemili\/wp-json\/wp\/v2\/users\/52"}],"replies":[{"embeddable":true,"href":"https:\/\/blogs.hoy.es\/dicestudemili\/wp-json\/wp\/v2\/comments?post=792"}],"version-history":[{"count":0,"href":"https:\/\/blogs.hoy.es\/dicestudemili\/wp-json\/wp\/v2\/posts\/792\/revisions"}],"wp:attachment":[{"href":"https:\/\/blogs.hoy.es\/dicestudemili\/wp-json\/wp\/v2\/media?parent=792"}],"wp:term":[{"taxonomy":"category","embeddable":true,"href":"https:\/\/blogs.hoy.es\/dicestudemili\/wp-json\/wp\/v2\/categories?post=792"},{"taxonomy":"post_tag","embeddable":true,"href":"https:\/\/blogs.hoy.es\/dicestudemili\/wp-json\/wp\/v2\/tags?post=792"}],"curies":[{"name":"wp","href":"https:\/\/api.w.org\/{rel}","templated":true}]}}