{"id":799,"date":"2013-02-27T07:42:47","date_gmt":"2013-02-27T07:42:47","guid":{"rendered":"http:\/\/blogs.hoy.es\/dicestudemili\/?p=799"},"modified":"2013-02-27T07:42:47","modified_gmt":"2013-02-27T07:42:47","slug":"1985-1-la-invasion-pacifica-de-los-soldados","status":"publish","type":"post","link":"https:\/\/blogs.hoy.es\/dicestudemili\/2013\/02\/27\/1985-1-la-invasion-pacifica-de-los-soldados\/","title":{"rendered":"1985 (1): La &#039;invasi\u00f3n&#039; pac\u00edfica de los soldados"},"content":{"rendered":"<div id=\"attachment_800\" style=\"width: 682px\" class=\"wp-caption aligncenter\"><a href=\"\/dicestudemili\/wp-content\/uploads\/sites\/57\/2013\/02\/1985invasi\u00f3n-soldados.jpg\"><img aria-describedby=\"caption-attachment-800\" loading=\"lazy\" class=\"size-full wp-image-800\" src=\"\/dicestudemili\/wp-content\/uploads\/sites\/57\/2013\/02\/1985invasi\u00f3n-soldados.jpg\" alt=\"Fotograf\u00eda publicada en HOY el 9 de junio de 1985.\" width=\"672\" height=\"552\" srcset=\"https:\/\/static-blogs.hoy.es\/wp-content\/uploads\/sites\/57\/2013\/02\/1985invasi\u00f3n-soldados.jpg 672w, https:\/\/static-blogs.hoy.es\/wp-content\/uploads\/sites\/57\/2013\/02\/1985invasi\u00f3n-soldados-300x246.jpg 300w\" sizes=\"(max-width: 672px) 100vw, 672px\" \/><\/a><p id=\"caption-attachment-800\" class=\"wp-caption-text\">Imagen publicada en HOY el 9 de junio de 1985, con su pie de foto.<\/p><\/div>\n<p>&nbsp;<\/p>\n<p>Durante bastantes a\u00f1os el recordado periodista cacere\u00f1o <strong>Fernando Garc\u00eda Morales<\/strong>, tuvo una famosa secci\u00f3n en el <strong>Diario HOY<\/strong> que ten\u00eda por t\u00edtulo <strong>&#8216;La calle al habla&#8217;<\/strong>. El <strong>9 de junio de 1985<\/strong>\u00a0ilustr\u00f3 esta secci\u00f3n con una llamativa fotograf\u00eda de <strong>M\u00fa\u00f1ez<\/strong> con soldados que llenaban las terrazas de la Plaza Mayor, con las mesas bajo los soportales para cobijarse de los calores, que vestido de militar se hac\u00edan notar m\u00e1s.<\/p>\n<p>En el texto, nuestro apreciado Fernando dec\u00eda: &#8220;<em>La invasi\u00f3n pac\u00edfica de soldados del CIR n\u00famero 3, que se suele producir todos los s\u00e1bados y domingos, es una de las invasiones que desean todos los hosteleros, due\u00f1os de bares y de restaurantes, porque, sobre todo en los primeros d\u00edas de llegada al campamento militar, estos soldados ocupan las terrazas de bares que est\u00e1n m\u00e1s a mano, hasta que, pasado el tiempo y tomada tierra, encuentran ya otros sitios donde estar y divertirse, que es cosa de la juventud. Bienvenidos a C\u00e1ceres, que se complace en acogerlos<\/em>&#8220;.<\/p>\n<p>Alejados ya los segundos rumores de la desaparici\u00f3n del CIR, que tuvieron lugar en el a\u00f1o 1984, la vida en el <strong>Campamento Santa Ana<\/strong> y el <strong>Cuartel Infanta Isabel<\/strong> transcurr\u00eda con tranquilidad, s\u00f3lo interrumpida por los preparativos de las multitudinarias juras de bandera como la que tuvo lugar el <strong>18 de marzo de 1985<\/strong> en la que 2.070 reclutas se convirtieron en soldados. Juras en las que se evidenciaba la necesidad que ten\u00eda la ciudad de nuevos hoteles, ya que los familiares de los reclutas no encontraban sitio para alojarse.<\/p>\n<p>&nbsp;<\/p>\n<div id=\"attachment_802\" style=\"width: 648px\" class=\"wp-caption aligncenter\"><a href=\"\/dicestudemili\/wp-content\/uploads\/sites\/57\/2013\/02\/1985.-CACERES.-PERSONAL-DEL-SERVICIO-DE-COCINA-JUNTO-AL-BELEN.jpg\"><img aria-describedby=\"caption-attachment-802\" loading=\"lazy\" class=\" wp-image-802  \" src=\"\/dicestudemili\/wp-content\/uploads\/sites\/57\/2013\/02\/1985.-CACERES.-PERSONAL-DEL-SERVICIO-DE-COCINA-JUNTO-AL-BELEN.jpg\" alt=\"Personal del servicio de Cocina en 1985, junto al bel\u00e9n que instalaron en los comedores\" width=\"638\" height=\"325\" srcset=\"https:\/\/static-blogs.hoy.es\/wp-content\/uploads\/sites\/57\/2013\/02\/1985.-CACERES.-PERSONAL-DEL-SERVICIO-DE-COCINA-JUNTO-AL-BELEN.jpg 788w, https:\/\/static-blogs.hoy.es\/wp-content\/uploads\/sites\/57\/2013\/02\/1985.-CACERES.-PERSONAL-DEL-SERVICIO-DE-COCINA-JUNTO-AL-BELEN-300x153.jpg 300w, https:\/\/static-blogs.hoy.es\/wp-content\/uploads\/sites\/57\/2013\/02\/1985.-CACERES.-PERSONAL-DEL-SERVICIO-DE-COCINA-JUNTO-AL-BELEN-768x391.jpg 768w\" sizes=\"(max-width: 638px) 100vw, 638px\" \/><\/a><p id=\"caption-attachment-802\" class=\"wp-caption-text\">Personal del servicio de Cocina en 1985, junto al bel\u00e9n que instalaron en los comedores<\/p><\/div>\n<p>En <strong>Plasencia<\/strong>, mientras tanto, en junio de este a\u00f1o se iba el regimiento del cuartel de <strong>La Constancia<\/strong>. Un mes despu\u00e9s se publicaba, el <strong>14 de julio de 1985<\/strong>, que el capit\u00e1n general de la Primera Regi\u00f3n Militar hab\u00eda anunciado al alcalde placentino, <strong>Mari\u00f1o Roco<\/strong>, que en esta ciudad se instalar\u00eda un CIR como el de C\u00e1ceres, al desaparecer el de <strong>Colmenar<\/strong>.<\/p>\n<!-- AddThis Advanced Settings generic via filter on the_content --><!-- AddThis Share Buttons generic via filter on the_content -->","protected":false},"excerpt":{"rendered":"<p>&nbsp; Durante bastantes a\u00f1os el recordado periodista cacere\u00f1o Fernando Garc\u00eda Morales, tuvo una famosa secci\u00f3n en el Diario HOY que ten\u00eda por t\u00edtulo &#8216;La calle al habla&#8217;. El 9 de junio de 1985\u00a0ilustr\u00f3 esta secci\u00f3n con una llamativa fotograf\u00eda de M\u00fa\u00f1ez con soldados que llenaban las terrazas de la Plaza Mayor, con las mesas bajo [&hellip;]<!-- AddThis Advanced Settings generic via filter on get_the_excerpt --><!-- AddThis Share Buttons generic via filter on get_the_excerpt --><\/p>\n","protected":false},"author":52,"featured_media":0,"comment_status":"open","ping_status":"closed","sticky":false,"template":"","format":"standard","meta":[],"categories":[3],"tags":[508,751,752,813,864],"_links":{"self":[{"href":"https:\/\/blogs.hoy.es\/dicestudemili\/wp-json\/wp\/v2\/posts\/799"}],"collection":[{"href":"https:\/\/blogs.hoy.es\/dicestudemili\/wp-json\/wp\/v2\/posts"}],"about":[{"href":"https:\/\/blogs.hoy.es\/dicestudemili\/wp-json\/wp\/v2\/types\/post"}],"author":[{"embeddable":true,"href":"https:\/\/blogs.hoy.es\/dicestudemili\/wp-json\/wp\/v2\/users\/52"}],"replies":[{"embeddable":true,"href":"https:\/\/blogs.hoy.es\/dicestudemili\/wp-json\/wp\/v2\/comments?post=799"}],"version-history":[{"count":0,"href":"https:\/\/blogs.hoy.es\/dicestudemili\/wp-json\/wp\/v2\/posts\/799\/revisions"}],"wp:attachment":[{"href":"https:\/\/blogs.hoy.es\/dicestudemili\/wp-json\/wp\/v2\/media?parent=799"}],"wp:term":[{"taxonomy":"category","embeddable":true,"href":"https:\/\/blogs.hoy.es\/dicestudemili\/wp-json\/wp\/v2\/categories?post=799"},{"taxonomy":"post_tag","embeddable":true,"href":"https:\/\/blogs.hoy.es\/dicestudemili\/wp-json\/wp\/v2\/tags?post=799"}],"curies":[{"name":"wp","href":"https:\/\/api.w.org\/{rel}","templated":true}]}}