{"id":807,"date":"2013-03-01T07:36:01","date_gmt":"2013-03-01T07:36:01","guid":{"rendered":"http:\/\/blogs.hoy.es\/dicestudemili\/?p=807"},"modified":"2013-03-01T07:36:01","modified_gmt":"2013-03-01T07:36:01","slug":"1985-y-2-canciones-de-las-companias-y-la-discoteca-new-people","status":"publish","type":"post","link":"https:\/\/blogs.hoy.es\/dicestudemili\/2013\/03\/01\/1985-y-2-canciones-de-las-companias-y-la-discoteca-new-people\/","title":{"rendered":"1985 (y 2): Las canciones de las compa\u00f1\u00edas y la discoteca New People"},"content":{"rendered":"<div id=\"attachment_808\" style=\"width: 559px\" class=\"wp-caption aligncenter\"><a href=\"\/dicestudemili\/wp-content\/uploads\/sites\/57\/2013\/03\/1985cARLOS-aRAG\u00d3N-OCTUBRE-85-6\u00aa-compa\u00f1\u00eda.jpg\"><img aria-describedby=\"caption-attachment-808\" loading=\"lazy\" class=\" wp-image-808  \" title=\"Los vascos de la sexta Compa\u00f1\u00eda en octubre de 1985.\" src=\"\/dicestudemili\/wp-content\/uploads\/sites\/57\/2013\/03\/1985cARLOS-aRAG\u00d3N-OCTUBRE-85-6\u00aa-compa\u00f1\u00eda.jpg\" alt=\"Los vascos de la sexta Compa\u00f1\u00eda en octubre de 1985.\" width=\"549\" height=\"375\" srcset=\"https:\/\/static-blogs.hoy.es\/wp-content\/uploads\/sites\/57\/2013\/03\/1985cARLOS-aRAG\u00d3N-OCTUBRE-85-6\u00aa-compa\u00f1\u00eda.jpg 763w, https:\/\/static-blogs.hoy.es\/wp-content\/uploads\/sites\/57\/2013\/03\/1985cARLOS-aRAG\u00d3N-OCTUBRE-85-6\u00aa-compa\u00f1\u00eda-300x205.jpg 300w\" sizes=\"(max-width: 549px) 100vw, 549px\" \/><\/a><p id=\"caption-attachment-808\" class=\"wp-caption-text\">Los vascos de la sexta Compa\u00f1\u00eda en octubre de 1985.<\/p><\/div>\n<p>&nbsp;<\/p>\n<p>Esta fotograf\u00eda la ha publicado <strong>Carlos Arag\u00f3n<\/strong> en la p\u00e1gina web <strong>wwwamigosdelamili.com<\/strong>, en el apartado del Campamento Santa Ana de C\u00e1ceres. \u00c9l es el que est\u00e1 en la parte superior, al que un compa\u00f1ero agarra un brazo. Carlos afirma que en esta imagen est\u00e1n todos los vascos que hac\u00edan la mili en la sexta Compa\u00f1\u00eda en el mes de <strong>octubre de 1985<\/strong>.<\/p>\n<p>Es curioso ver como los que por entonces fueron reclutas recuerdan las canciones de sus compa\u00f1\u00edas. En el blog <strong>Historias de El Pardo<\/strong> se encuentra el siguiente comentario: &#8220;<em>Yo estuve en C\u00e1ceres en el a\u00f1o 85. Llegamos un 29 de septiembre y terminamos el 10 de noviembre. Estaba en la 2\u00aa Compa\u00f1\u00eda. No se me olvida el estribillo de la canci\u00f3n hecha por un compa\u00f1ero que dec\u00eda: &#8216;\u00a1Adelante segunda Compa\u00f1\u00eda!\/ Cada hombre de cada pelot\u00f3n,\/ los mejores reclutas que alg\u00fan d\u00eda,\/ desfilaron en este batall\u00f3n&#8230;&#8217; Recuerdo que el comandante del batall\u00f3n se apellidaba <strong>Mogoll\u00f3n Mogoll\u00f3n<\/strong>. Siempre nos hablaba del ABC: &#8216;A atenci\u00f3n, B braceo, C cabeza&#8217;. Despu\u00e9s me fui al <strong>Consejo Supremo de Justicia Militar<\/strong> en Madrid. Un saludo a todos. Mi nombre es <strong>An\u00edbal<\/strong><\/em>&#8220;.<\/p>\n<p>En el mismo blog, <strong>Antonio Mu\u00f1oz<\/strong> escribe: &#8220;<em><span style=\"font-size: 13px;\">Hola compa\u00f1eros del CIR N\u00ba3 Santa Ana, yo tambi\u00e9n estuve all\u00ed, en la 8\u00aa Compa\u00f1\u00eda, segundo remplazo del 85. Soy de <strong>Zaragoza,<\/strong>\u00a0jure bandera en <strong>Mayo del 85<\/strong>. Luego fui destinado a la <strong>prisi\u00f3n militar de Alcal\u00e1 de Henares<\/strong>. Guardo grandes recuerdos de los compa\u00f1eros que estuvimos en C\u00e1ceres.\u00a0<\/span><span style=\"font-size: 13px;\">Recuerdo las meriendas que nos peg\u00e1bamos cuando regres\u00e1bamos de los permisos de fin de semana (que por cierto nos peg\u00e1bamos casi doce horas en el autob\u00fas), el pan y el vino que nos tra\u00eda un compa\u00f1ero de <strong>Lecera<\/strong>. Tambi\u00e9n me gustar\u00eda saber qu\u00e9 vida habr\u00e1 llevado un compa\u00f1ero catal\u00e1n que se hecho una novia de Alcal\u00e1 y parece ser que ten\u00eda intenci\u00f3n de quedarse por all\u00ed.\u00a0<\/span><span style=\"font-size: 13px;\">Un saludo a todos.\u00a0<\/span><span style=\"font-size: 13px;\">antomunoz@ono.com\u00a0<\/span><\/em><span style=\"font-size: 13px;\"><em>LA OCTAVA PARAPAPA ES LA M\u00c1S BRAVA PARAPAPA DE TODO EL CIR DE SANTA AN<\/em>A&#8221;.<\/span><\/p>\n<p>Otro comentario de un ex recluta de Santa Ana es el siguiente, &#8220;<em>estuve all\u00ed en el 85. Llegamos a finales de julio y juramos bandera en <strong>septiembre del 85<\/strong>. \u00a1\u00a1Menudo calor!! Soy de <strong>Asturias<\/strong>. \u00cdbamos a una discoteca en C\u00e1ceres que se llamaba <strong>New People<\/strong><\/em>&#8220;.<\/p>\n<p>La New People antes se llam\u00f3 &#8216;<strong>Discoteca 2003<\/strong>&#8216; y, al menos, sigui\u00f3 abierta hasta el a\u00f1o 1995. El gerente fue <strong>Jacinto Bravo<\/strong>. En 1985, cuando el autor de este comentario visitaba New People, en esta discoteca se hizo la elecci\u00f3n de <strong>Maja de Extremadura<\/strong>, indicando la noticia del diario HOY, que se buscaba a la mejor maja extreme\u00f1a, &#8220;<em>en homenaje al pintor <strong>Francisco de Goya<\/strong><\/em>&#8220;. Esta discoteca estaba en la zona de Col\u00f3n, en la<strong> calle Profesor Hern\u00e1ndez Pacheco<\/strong>, en donde ahora hay un supermercado.<\/p>\n<p>&nbsp;<\/p>\n<!-- AddThis Advanced Settings generic via filter on the_content --><!-- AddThis Share Buttons generic via filter on the_content -->","protected":false},"excerpt":{"rendered":"<p>&nbsp; Esta fotograf\u00eda la ha publicado Carlos Arag\u00f3n en la p\u00e1gina web wwwamigosdelamili.com, en el apartado del Campamento Santa Ana de C\u00e1ceres. \u00c9l es el que est\u00e1 en la parte superior, al que un compa\u00f1ero agarra un brazo. Carlos afirma que en esta imagen est\u00e1n todos los vascos que hac\u00edan la mili en la sexta [&hellip;]<!-- AddThis Advanced Settings generic via filter on get_the_excerpt --><!-- AddThis Share Buttons generic via filter on get_the_excerpt --><\/p>\n","protected":false},"author":52,"featured_media":0,"comment_status":"open","ping_status":"closed","sticky":false,"template":"","format":"standard","meta":[],"categories":[3],"tags":[103,275,348,435,439,629,775,1172],"_links":{"self":[{"href":"https:\/\/blogs.hoy.es\/dicestudemili\/wp-json\/wp\/v2\/posts\/807"}],"collection":[{"href":"https:\/\/blogs.hoy.es\/dicestudemili\/wp-json\/wp\/v2\/posts"}],"about":[{"href":"https:\/\/blogs.hoy.es\/dicestudemili\/wp-json\/wp\/v2\/types\/post"}],"author":[{"embeddable":true,"href":"https:\/\/blogs.hoy.es\/dicestudemili\/wp-json\/wp\/v2\/users\/52"}],"replies":[{"embeddable":true,"href":"https:\/\/blogs.hoy.es\/dicestudemili\/wp-json\/wp\/v2\/comments?post=807"}],"version-history":[{"count":0,"href":"https:\/\/blogs.hoy.es\/dicestudemili\/wp-json\/wp\/v2\/posts\/807\/revisions"}],"wp:attachment":[{"href":"https:\/\/blogs.hoy.es\/dicestudemili\/wp-json\/wp\/v2\/media?parent=807"}],"wp:term":[{"taxonomy":"category","embeddable":true,"href":"https:\/\/blogs.hoy.es\/dicestudemili\/wp-json\/wp\/v2\/categories?post=807"},{"taxonomy":"post_tag","embeddable":true,"href":"https:\/\/blogs.hoy.es\/dicestudemili\/wp-json\/wp\/v2\/tags?post=807"}],"curies":[{"name":"wp","href":"https:\/\/api.w.org\/{rel}","templated":true}]}}