{"id":811,"date":"2013-03-04T07:15:09","date_gmt":"2013-03-04T07:15:09","guid":{"rendered":"http:\/\/blogs.hoy.es\/dicestudemili\/?p=811"},"modified":"2013-03-04T07:15:09","modified_gmt":"2013-03-04T07:15:09","slug":"ramon-garcia-estaba-en-bilbao-y-me-dijeron-chaval-para-caceres","status":"publish","type":"post","link":"https:\/\/blogs.hoy.es\/dicestudemili\/2013\/03\/04\/ramon-garcia-estaba-en-bilbao-y-me-dijeron-chaval-para-caceres\/","title":{"rendered":"Ram\u00f3n Garc\u00eda: &#8220;Estaba en Bilbao y me dijeron &#039;\u00a1Chaval&#8230; para C\u00e1ceres!&#039;&#8221;"},"content":{"rendered":"<div id=\"attachment_812\" style=\"width: 482px\" class=\"wp-caption aligncenter\"><a href=\"\/dicestudemili\/wp-content\/uploads\/sites\/57\/2013\/03\/30544-557-550.jpg\"><img aria-describedby=\"caption-attachment-812\" loading=\"lazy\" class=\" wp-image-812   \" title=\"El famoso presentador hizo la instrucci\u00f3n en C\u00e1ceres en 1981.\" src=\"\/dicestudemili\/wp-content\/uploads\/sites\/57\/2013\/03\/30544-557-550.jpg\" alt=\"El famoso presentador hizo la instrucci\u00f3n en C\u00e1ceres en 1981.\" width=\"472\" height=\"465\" srcset=\"https:\/\/static-blogs.hoy.es\/wp-content\/uploads\/sites\/57\/2013\/03\/30544-557-550.jpg 935w, https:\/\/static-blogs.hoy.es\/wp-content\/uploads\/sites\/57\/2013\/03\/30544-557-550-300x296.jpg 300w, https:\/\/static-blogs.hoy.es\/wp-content\/uploads\/sites\/57\/2013\/03\/30544-557-550-768x759.jpg 768w\" sizes=\"(max-width: 472px) 100vw, 472px\" \/><\/a><p id=\"caption-attachment-812\" class=\"wp-caption-text\">El famoso presentador hizo la instrucci\u00f3n militar en C\u00e1ceres.<\/p><\/div>\n<p>&nbsp;<\/p>\n<p>Nos lo dijeron en el <strong>bar &#8216;Cauria&#8217;<\/strong>\u00a0de la calle Gil Cordero de C\u00e1ceres el pasado mes de febrero: &#8220;<em>Uno de los que tambi\u00e9n hizo la mili en C\u00e1ceres fue <strong>Ram\u00f3n Garc\u00eda<\/strong>, lo coment\u00f3 el otro d\u00eda en la COPE<\/em>&#8220;.<\/p>\n<p>Se lo preguntamos a los compa\u00f1eros de C\u00e1ceres de la emisora de radio, y nos lo confirmaron, mand\u00e1ndonos el audio. Fue en el programa regional de <strong>Carmen G\u00f3mez Salas<\/strong>, la brillante locutora y actriz de <strong>Monroy<\/strong> le pregunt\u00f3 a Ram\u00f3n Garc\u00eda si conoc\u00eda Extremadura, y entre risas le respondi\u00f3: &#8220;<em>Conoc\u00ed por primera vez Extremadura cuando en un sorteo, en el Ej\u00e9rcito, me toc\u00f3 C\u00e1ceres. Estaba en Bilbao y me dijeron \u00a1Chaval&#8230; para C\u00e1ceres! Cog\u00ed un tren en Bilbao, estuve viajando toda la noche y llegu\u00e9 a C\u00e1ceres, al campamento Santa Ana<\/em>&#8220;.<\/p>\n<p>Nos hemos puesto en contacto con Ram\u00f3n Garc\u00eda, que nos ha indicado que aprendi\u00f3 la instrucci\u00f3n militar en esta ciudad, &#8220;<em>estuve en el Campamento Santa Ana 56 d\u00edas, aproximadamente en el a\u00f1o 1981<\/em>&#8220;. \u00c9l vive en Madrid y comenta que tiene las fotos de la jura de bandera en Bilbao. Nos ha dicho que las buscar\u00e1 y si las encuentra nos las har\u00e1 llegar.<\/p>\n<p>Para hacerse una idea de c\u00f3mo ser\u00eda f\u00edsicamente el presentador que naci\u00f3 en Bilbao en 1961, mostramos dos fotograf\u00edas publicadas en <strong>www.bilborama.com<\/strong>, cuando comenz\u00f3 en la radio en 1983, una vez que despu\u00e9s de hacer la mili se present\u00f3 a un concurso de disc-jockeys, mundo que controlaba a la perfecci\u00f3n al tener su padres una discoteca.<\/p>\n<p>&nbsp;<\/p>\n<div id=\"attachment_815\" style=\"width: 207px\" class=\"wp-caption alignleft\"><a href=\"\/dicestudemili\/wp-content\/uploads\/sites\/57\/2013\/03\/bilborama-ramoncbz2b1.jpeg\"><img aria-describedby=\"caption-attachment-815\" loading=\"lazy\" class=\" wp-image-815   \" title=\"Ramontxu en 1983.\" src=\"\/dicestudemili\/wp-content\/uploads\/sites\/57\/2013\/03\/bilborama-ramoncbz2b1.jpg\" alt=\"Ramontxu en 1983.\" width=\"197\" height=\"442\" \/><\/a><p id=\"caption-attachment-815\" class=\"wp-caption-text\">Ramontxu en 1983.<\/p><\/div>\n<p>&nbsp;<\/p>\n<div id=\"attachment_816\" style=\"width: 419px\" class=\"wp-caption alignright\"><a href=\"\/dicestudemili\/wp-content\/uploads\/sites\/57\/2013\/03\/bilborama-ramon01c.jpeg\"><img aria-describedby=\"caption-attachment-816\" loading=\"lazy\" class=\" wp-image-816   \" title=\"Poniendo m\u00fasica en la emisora.\" src=\"\/dicestudemili\/wp-content\/uploads\/sites\/57\/2013\/03\/bilborama-ramon01c.jpeg\" alt=\"Poniendo m\u00fasica en la emisora.\" width=\"409\" height=\"361\" srcset=\"https:\/\/static-blogs.hoy.es\/wp-content\/uploads\/sites\/57\/2013\/03\/bilborama-ramon01c.jpeg 720w, https:\/\/static-blogs.hoy.es\/wp-content\/uploads\/sites\/57\/2013\/03\/bilborama-ramon01c-300x265.jpeg 300w\" sizes=\"(max-width: 409px) 100vw, 409px\" \/><\/a><p id=\"caption-attachment-816\" class=\"wp-caption-text\">Poniendo m\u00fasica en la emisora.<\/p><\/div>\n<p>&nbsp;<\/p>\n<p>&nbsp;<\/p>\n<p>&nbsp;<\/p>\n<p>&nbsp;<\/p>\n<p>&nbsp;<\/p>\n<p>&nbsp;<\/p>\n<p>&nbsp;<\/p>\n<p>&nbsp;<\/p>\n<p>&nbsp;<\/p>\n<p>&nbsp;<\/p>\n<p>&nbsp;<\/p>\n<p>&nbsp;<\/p>\n<p>&nbsp;<\/p>\n<p>&nbsp;<\/p>\n<p>&nbsp;<\/p>\n<p>&nbsp;<\/p>\n<p>&nbsp;<\/p>\n<p>Ram\u00f3n Garc\u00eda, Ramontxu, dirige actualmente el programa <strong>La Tarde de COPE<\/strong>, de lunes a viernes de 15.00 a 19.00 horas, en donde ofrece una visi\u00f3n optimista de la realidad, que tanta falta hace.<\/p>\n<p>&nbsp;<\/p>\n<!-- AddThis Advanced Settings generic via filter on the_content --><!-- AddThis Share Buttons generic via filter on the_content -->","protected":false},"excerpt":{"rendered":"<p>&nbsp; Nos lo dijeron en el bar &#8216;Cauria&#8217;\u00a0de la calle Gil Cordero de C\u00e1ceres el pasado mes de febrero: &#8220;Uno de los que tambi\u00e9n hizo la mili en C\u00e1ceres fue Ram\u00f3n Garc\u00eda, lo coment\u00f3 el otro d\u00eda en la COPE&#8220;. Se lo preguntamos a los compa\u00f1eros de C\u00e1ceres de la emisora de radio, y nos [&hellip;]<!-- AddThis Advanced Settings generic via filter on get_the_excerpt --><!-- AddThis Share Buttons generic via filter on get_the_excerpt --><\/p>\n","protected":false},"author":52,"featured_media":0,"comment_status":"open","ping_status":"closed","sticky":false,"template":"","format":"standard","meta":[],"categories":[6],"tags":[126,287,758,956],"_links":{"self":[{"href":"https:\/\/blogs.hoy.es\/dicestudemili\/wp-json\/wp\/v2\/posts\/811"}],"collection":[{"href":"https:\/\/blogs.hoy.es\/dicestudemili\/wp-json\/wp\/v2\/posts"}],"about":[{"href":"https:\/\/blogs.hoy.es\/dicestudemili\/wp-json\/wp\/v2\/types\/post"}],"author":[{"embeddable":true,"href":"https:\/\/blogs.hoy.es\/dicestudemili\/wp-json\/wp\/v2\/users\/52"}],"replies":[{"embeddable":true,"href":"https:\/\/blogs.hoy.es\/dicestudemili\/wp-json\/wp\/v2\/comments?post=811"}],"version-history":[{"count":0,"href":"https:\/\/blogs.hoy.es\/dicestudemili\/wp-json\/wp\/v2\/posts\/811\/revisions"}],"wp:attachment":[{"href":"https:\/\/blogs.hoy.es\/dicestudemili\/wp-json\/wp\/v2\/media?parent=811"}],"wp:term":[{"taxonomy":"category","embeddable":true,"href":"https:\/\/blogs.hoy.es\/dicestudemili\/wp-json\/wp\/v2\/categories?post=811"},{"taxonomy":"post_tag","embeddable":true,"href":"https:\/\/blogs.hoy.es\/dicestudemili\/wp-json\/wp\/v2\/tags?post=811"}],"curies":[{"name":"wp","href":"https:\/\/api.w.org\/{rel}","templated":true}]}}