{"id":820,"date":"2013-03-06T07:11:54","date_gmt":"2013-03-06T07:11:54","guid":{"rendered":"http:\/\/blogs.hoy.es\/dicestudemili\/?p=820"},"modified":"2013-03-06T07:11:54","modified_gmt":"2013-03-06T07:11:54","slug":"1986-1-nuevo-coronel-y-10-000-visitantes-en-la-jura-de-bandera","status":"publish","type":"post","link":"https:\/\/blogs.hoy.es\/dicestudemili\/2013\/03\/06\/1986-1-nuevo-coronel-y-10-000-visitantes-en-la-jura-de-bandera\/","title":{"rendered":"1986 (1): El nuevo coronel y 10.000 visitantes en las juras de bandera"},"content":{"rendered":"<p>&#8220;<em>M\u00e1s de diez mil personas presenciaron la jura de bandera<\/em>&#8220;, as\u00ed titulaba el Diario HOY una noticia publicada el <strong>10 de noviembre de 1986<\/strong>, en la que se informaba del acto castrense en el que 2.498 reclutas pasaron a ser soldados tras su periodo de instrucci\u00f3n militar. En una de las dos im\u00e1genes publicadas se comprueba la gran cantidad de gente que presenciaba la jura, llevando algunos de los asistentes potentes prism\u00e1ticos para ver mejor al familiar vestido de militar.<\/p>\n<p>&nbsp;<\/p>\n<div id=\"attachment_821\" style=\"width: 504px\" class=\"wp-caption aligncenter\"><a href=\"\/dicestudemili\/wp-content\/uploads\/sites\/57\/2013\/03\/10.jpg\"><img aria-describedby=\"caption-attachment-821\" loading=\"lazy\" class=\"size-full wp-image-821\" title=\"Recorte del Diario HOY de la jura del mes de noviembre.\" src=\"\/dicestudemili\/wp-content\/uploads\/sites\/57\/2013\/03\/10.jpg\" alt=\"Recorte del Diario HOY de la jura del mes de noviembre.\" width=\"494\" height=\"674\" srcset=\"https:\/\/static-blogs.hoy.es\/wp-content\/uploads\/sites\/57\/2013\/03\/10.jpg 494w, https:\/\/static-blogs.hoy.es\/wp-content\/uploads\/sites\/57\/2013\/03\/10-220x300.jpg 220w\" sizes=\"(max-width: 494px) 100vw, 494px\" \/><\/a><p id=\"caption-attachment-821\" class=\"wp-caption-text\">Recorte del Diario HOY de la jura del mes de noviembre.<\/p><\/div>\n<p>&nbsp;<\/p>\n<p>En esta \u00e9poca, en C\u00e1ceres se viv\u00eda un acto militar semejante aproximadamente cada mes y medio. La primera jura de bandera del a\u00f1o 1986 fue el <strong>19 de enero<\/strong>, y tuvo como novedad que la presidi\u00f3 un nuevo coronel jefe del CIR, se trataba de <strong>Francisco Bernab\u00e9u L\u00f3pez<\/strong>. Fue el octavo coronel jefe del campamento militar de C\u00e1ceres, sustituyendo a <strong>Pedro de la Morena G\u00f3mez<\/strong>. En la primera jura del a\u00f1o participaron 2.281 reclutas.<\/p>\n<p>&nbsp;<\/p>\n<div id=\"attachment_823\" style=\"width: 532px\" class=\"wp-caption alignright\"><a href=\"\/dicestudemili\/wp-content\/uploads\/sites\/57\/2013\/03\/primera-copia.jpg\"><img aria-describedby=\"caption-attachment-823\" loading=\"lazy\" class=\" wp-image-823  \" title=\"El nuevo coronel jefe del CIR, Francisco Bernab\u00e9u, presidiendo su primera jura de bandera.\" src=\"\/dicestudemili\/wp-content\/uploads\/sites\/57\/2013\/03\/primera-copia.jpg\" alt=\"El nuevo coronel jefe del CIR, Francisco Bernab\u00e9u, presidiendo su primera jura de bandera.\" width=\"522\" height=\"345\" srcset=\"https:\/\/static-blogs.hoy.es\/wp-content\/uploads\/sites\/57\/2013\/03\/primera-copia.jpg 644w, https:\/\/static-blogs.hoy.es\/wp-content\/uploads\/sites\/57\/2013\/03\/primera-copia-300x198.jpg 300w\" sizes=\"(max-width: 522px) 100vw, 522px\" \/><\/a><p id=\"caption-attachment-823\" class=\"wp-caption-text\">Noticia del nuevo coronel jefe del CIR, Francisco Bernab\u00e9u, presidiendo su primera jura de bandera.<\/p><\/div>\n<p>&nbsp;<\/p>\n<p>&nbsp;<\/p>\n<p>&nbsp;<\/p>\n<p>&nbsp;<\/p>\n<p>&nbsp;<\/p>\n<p>&nbsp;<\/p>\n<p>&nbsp;<\/p>\n<p>&nbsp;<\/p>\n<p>&nbsp;<\/p>\n<p>&nbsp;<\/p>\n<p>&nbsp;<\/p>\n<p>&nbsp;<\/p>\n<p>&nbsp;<\/p>\n<p>&nbsp;<\/p>\n<p>&nbsp;<\/p>\n<p>Exactamente un mes despu\u00e9s, el <strong>19 de febrero<\/strong> visitar\u00eda las instalaciones militares de C\u00e1ceres el <strong>capit\u00e1n general de la Primera Regi\u00f3n Militar<\/strong>, <strong>Gustavo Urrutia<\/strong>, que seg\u00fan se public\u00f3 en la prensa &#8220;<em>desisti\u00f3 de hacer alguna declaraci\u00f3n a los medios informativos<\/em>&#8220;.<\/p>\n<p>&nbsp;<\/p>\n<div id=\"attachment_824\" style=\"width: 554px\" class=\"wp-caption alignleft\"><a href=\"\/dicestudemili\/wp-content\/uploads\/sites\/57\/2013\/03\/urrutia-copia.jpg\"><img aria-describedby=\"caption-attachment-824\" loading=\"lazy\" class=\" wp-image-824 \" title=\"La imagen est\u00e1 tomada en el interior del Campamento Santa Ana.\" src=\"\/dicestudemili\/wp-content\/uploads\/sites\/57\/2013\/03\/urrutia-copia.jpg\" alt=\"La imagen est\u00e1 tomada en el interior del Campamento Santa Ana.\" width=\"544\" height=\"475\" srcset=\"https:\/\/static-blogs.hoy.es\/wp-content\/uploads\/sites\/57\/2013\/03\/urrutia-copia.jpg 680w, https:\/\/static-blogs.hoy.es\/wp-content\/uploads\/sites\/57\/2013\/03\/urrutia-copia-300x262.jpg 300w\" sizes=\"(max-width: 544px) 100vw, 544px\" \/><\/a><p id=\"caption-attachment-824\" class=\"wp-caption-text\">La imagen est\u00e1 tomada en el interior del Campamento Santa Ana.<\/p><\/div>\n<p>&nbsp;<\/p>\n<p>&nbsp;<\/p>\n<p>&nbsp;<\/p>\n<p>&nbsp;<\/p>\n<p>&nbsp;<\/p>\n<p>&nbsp;<\/p>\n<p>&nbsp;<\/p>\n<p>&nbsp;<\/p>\n<p>&nbsp;<\/p>\n<p>&nbsp;<\/p>\n<p>&nbsp;<\/p>\n<p>&nbsp;<\/p>\n<p>&nbsp;<\/p>\n<p>&nbsp;<\/p>\n<p>&nbsp;<\/p>\n<p>&nbsp;<\/p>\n<p>&nbsp;<\/p>\n<p>&nbsp;<\/p>\n<p>&nbsp;<\/p>\n<p>&nbsp;<\/p>\n<p>En la jura de bandera del <strong>11 de mayo<\/strong>, por primera vez participaron en este acto militar en C\u00e1ceres reclutas de la secci\u00f3n <strong>Pr\u00e1cticas de Ferrocarriles<\/strong>, fueron 90 los que juraron defender a los espa\u00f1oles.<\/p>\n<p>&nbsp;<\/p>\n<div id=\"attachment_825\" style=\"width: 554px\" class=\"wp-caption alignright\"><a href=\"\/dicestudemili\/wp-content\/uploads\/sites\/57\/2013\/03\/ferrocarril-copia.jpg\"><img aria-describedby=\"caption-attachment-825\" loading=\"lazy\" class=\" wp-image-825 \" title=\"Recorte del Diario HOY con la imagen de los soldados de Ferrocarriles.\" src=\"\/dicestudemili\/wp-content\/uploads\/sites\/57\/2013\/03\/ferrocarril-copia.jpg\" alt=\"Recorte del Diario HOY con la imagen de los soldados de Ferrocarriles.\" width=\"544\" height=\"413\" srcset=\"https:\/\/static-blogs.hoy.es\/wp-content\/uploads\/sites\/57\/2013\/03\/ferrocarril-copia.jpg 680w, https:\/\/static-blogs.hoy.es\/wp-content\/uploads\/sites\/57\/2013\/03\/ferrocarril-copia-300x228.jpg 300w\" sizes=\"(max-width: 544px) 100vw, 544px\" \/><\/a><p id=\"caption-attachment-825\" class=\"wp-caption-text\">Recorte del Diario HOY con la imagen de los soldados de Ferrocarriles.<\/p><\/div>\n<p>&nbsp;<\/p>\n<p>&nbsp;<\/p>\n<p>&nbsp;<\/p>\n<p>&nbsp;<\/p>\n<p>&nbsp;<\/p>\n<p>&nbsp;<\/p>\n<p>&nbsp;<\/p>\n<p>&nbsp;<\/p>\n<p>&nbsp;<\/p>\n<p>&nbsp;<\/p>\n<p>&nbsp;<\/p>\n<p>&nbsp;<\/p>\n<p>&nbsp;<\/p>\n<p>&nbsp;<\/p>\n<p>&nbsp;<\/p>\n<p>&nbsp;<\/p>\n<p>&nbsp;<\/p>\n<p>&nbsp;<\/p>\n<p>Una semana despu\u00e9s, el CIR celebraba el <strong>D\u00eda de las Fuerzas Armadas<\/strong> con una visita de autoridades civiles al Campamento de Santa Ana. Asisti\u00f3 el gobernador civil <strong>Hern\u00e1ndez Craqui<\/strong>, directores provinciales de distintos ministerios, directores de institutos y tambi\u00e9n <strong>Jes\u00fas Gonz\u00e1lez Jubete<\/strong>, presidente de la Audiencia Territorial (actual Tribunal Superior de Justicia de Extremadura).<\/p>\n<p>&nbsp;<\/p>\n<div id=\"attachment_826\" style=\"width: 469px\" class=\"wp-caption aligncenter\"><a href=\"\/dicestudemili\/wp-content\/uploads\/sites\/57\/2013\/03\/craqui-copia.jpg\"><img aria-describedby=\"caption-attachment-826\" loading=\"lazy\" class=\" wp-image-826  \" title=\"El gobernador civil y el coronel jefe del CIR.\" src=\"\/dicestudemili\/wp-content\/uploads\/sites\/57\/2013\/03\/craqui-copia.jpg\" alt=\"El gobernador civil y el coronel jefe del CIR.\" width=\"459\" height=\"386\" srcset=\"https:\/\/static-blogs.hoy.es\/wp-content\/uploads\/sites\/57\/2013\/03\/craqui-copia.jpg 567w, https:\/\/static-blogs.hoy.es\/wp-content\/uploads\/sites\/57\/2013\/03\/craqui-copia-300x252.jpg 300w\" sizes=\"(max-width: 459px) 100vw, 459px\" \/><\/a><p id=\"caption-attachment-826\" class=\"wp-caption-text\">El gobernador civil y el coronel jefe del CIR.<\/p><\/div>\n<!-- AddThis Advanced Settings generic via filter on the_content --><!-- AddThis Share Buttons generic via filter on the_content -->","protected":false},"excerpt":{"rendered":"<p>&#8220;M\u00e1s de diez mil personas presenciaron la jura de bandera&#8220;, as\u00ed titulaba el Diario HOY una noticia publicada el 10 de noviembre de 1986, en la que se informaba del acto castrense en el que 2.498 reclutas pasaron a ser soldados tras su periodo de instrucci\u00f3n militar. En una de las dos im\u00e1genes publicadas se [&hellip;]<!-- AddThis Advanced Settings generic via filter on get_the_excerpt --><!-- AddThis Share Buttons generic via filter on get_the_excerpt --><\/p>\n","protected":false},"author":52,"featured_media":0,"comment_status":"open","ping_status":"closed","sticky":false,"template":"","format":"standard","meta":[],"categories":[3],"tags":[238,379,399,572,650,934],"_links":{"self":[{"href":"https:\/\/blogs.hoy.es\/dicestudemili\/wp-json\/wp\/v2\/posts\/820"}],"collection":[{"href":"https:\/\/blogs.hoy.es\/dicestudemili\/wp-json\/wp\/v2\/posts"}],"about":[{"href":"https:\/\/blogs.hoy.es\/dicestudemili\/wp-json\/wp\/v2\/types\/post"}],"author":[{"embeddable":true,"href":"https:\/\/blogs.hoy.es\/dicestudemili\/wp-json\/wp\/v2\/users\/52"}],"replies":[{"embeddable":true,"href":"https:\/\/blogs.hoy.es\/dicestudemili\/wp-json\/wp\/v2\/comments?post=820"}],"version-history":[{"count":0,"href":"https:\/\/blogs.hoy.es\/dicestudemili\/wp-json\/wp\/v2\/posts\/820\/revisions"}],"wp:attachment":[{"href":"https:\/\/blogs.hoy.es\/dicestudemili\/wp-json\/wp\/v2\/media?parent=820"}],"wp:term":[{"taxonomy":"category","embeddable":true,"href":"https:\/\/blogs.hoy.es\/dicestudemili\/wp-json\/wp\/v2\/categories?post=820"},{"taxonomy":"post_tag","embeddable":true,"href":"https:\/\/blogs.hoy.es\/dicestudemili\/wp-json\/wp\/v2\/tags?post=820"}],"curies":[{"name":"wp","href":"https:\/\/api.w.org\/{rel}","templated":true}]}}