{"id":834,"date":"2013-03-08T07:42:46","date_gmt":"2013-03-08T07:42:46","guid":{"rendered":"http:\/\/blogs.hoy.es\/dicestudemili\/?p=834"},"modified":"2013-03-08T07:42:46","modified_gmt":"2013-03-08T07:42:46","slug":"1986-2-la-jura-de-bandera-de-don-algodon-con-paparazzis","status":"publish","type":"post","link":"https:\/\/blogs.hoy.es\/dicestudemili\/2013\/03\/08\/1986-2-la-jura-de-bandera-de-don-algodon-con-paparazzis\/","title":{"rendered":"1986 (2): La jura de bandera de &#039;Don Algod\u00f3n&#039; con paparazzis"},"content":{"rendered":"<div id=\"attachment_835\" style=\"width: 622px\" class=\"wp-caption aligncenter\"><a href=\"\/dicestudemili\/wp-content\/uploads\/sites\/57\/2013\/03\/Don-Algod\u00f3n-copia-2.jpg\"><img aria-describedby=\"caption-attachment-835\" loading=\"lazy\" class=\" wp-image-835  \" title=\"Fotograf\u00eda de Pepe Barroso publicada en la primera p\u00e1gina del Diario HOY el 17 de marzo de 1986.\" src=\"\/dicestudemili\/wp-content\/uploads\/sites\/57\/2013\/03\/Don-Algod\u00f3n-copia-2.jpg\" alt=\"Fotograf\u00eda de Pepe Barroso publicada en la primera p\u00e1gina del Diario HOY el 17 de marzo de 1986.\" width=\"612\" height=\"369\" srcset=\"https:\/\/static-blogs.hoy.es\/wp-content\/uploads\/sites\/57\/2013\/03\/Don-Algod\u00f3n-copia-2.jpg 850w, https:\/\/static-blogs.hoy.es\/wp-content\/uploads\/sites\/57\/2013\/03\/Don-Algod\u00f3n-copia-2-300x181.jpg 300w, https:\/\/static-blogs.hoy.es\/wp-content\/uploads\/sites\/57\/2013\/03\/Don-Algod\u00f3n-copia-2-768x464.jpg 768w\" sizes=\"(max-width: 612px) 100vw, 612px\" \/><\/a><p id=\"caption-attachment-835\" class=\"wp-caption-text\">Fotograf\u00eda de Pepe Barroso (Don Algod\u00f3n) publicada en la primera p\u00e1gina del Diario HOY el 17 de marzo de 1986.<\/p><\/div>\n<p>&nbsp;<\/p>\n<p>Una de las juras de bandera que han tenido lugar en C\u00e1ceres con m\u00e1s periodistas y reporteros gr\u00e1ficos fue la del <strong>16 de marzo de 1986<\/strong>, al estar entre los nuevos soldados el joven empresario <strong>Pepe Barroso<\/strong>, m\u00e1s conocido por <strong>Don Algod\u00f3n<\/strong>. En la noticia publicada en HOY se afirmaba que, &#8220;<em>una verdadera nube de fot\u00f3grafos y periodistas de agencias informativas y de las principales revistas del coraz\u00f3n pretendieron seguir muy de cerca las evoluciones del recluta, que poco antes del mediod\u00eda, visiblemente emocionado, rubricaba su juramento de fidelidad a la patria besando la bandera de la <strong>Agrupaci\u00f3n de Tropas de Intendencia de la Reserva General de Madrid<\/strong>, plaza donde el presidente de la<strong> Asociaci\u00f3n de J\u00f3venes Empresarios de Espa\u00f1a<\/strong> (Pepe Barroso) cumplir\u00e1 el resto de su servicio militar, encuadrado en la <strong>Academia de Sanidad<\/strong><\/em>&#8220;.<\/p>\n<p>Entre las autoridades que presenciaron el acto estaba <strong>Francisco Trillo Figueroa<\/strong> que fue gobernador civil de C\u00e1ceres, siendo uno de sus hijos que crecieron en esta ciudad <strong>Federico Trillo<\/strong>, ministro de de Defensa con el Partido Popular desde el a\u00f1o 2000 al 2004.<\/p>\n<div id=\"attachment_837\" style=\"width: 483px\" class=\"wp-caption alignright\"><a href=\"\/dicestudemili\/wp-content\/uploads\/sites\/57\/2013\/03\/don-algod\u00f3n-copia.jpg\"><img aria-describedby=\"caption-attachment-837\" loading=\"lazy\" class=\" wp-image-837   \" title=\"Pepe Barroso desfilando con sus compa\u00f1eros.\" src=\"\/dicestudemili\/wp-content\/uploads\/sites\/57\/2013\/03\/don-algod\u00f3n-copia.jpg\" alt=\"Pepe Barroso desfilando con sus compa\u00f1eros.\" width=\"473\" height=\"328\" srcset=\"https:\/\/static-blogs.hoy.es\/wp-content\/uploads\/sites\/57\/2013\/03\/don-algod\u00f3n-copia.jpg 671w, https:\/\/static-blogs.hoy.es\/wp-content\/uploads\/sites\/57\/2013\/03\/don-algod\u00f3n-copia-300x208.jpg 300w\" sizes=\"(max-width: 473px) 100vw, 473px\" \/><\/a><p id=\"caption-attachment-837\" class=\"wp-caption-text\">Pepe Barroso desfilando con sus compa\u00f1eros.<\/p><\/div>\n<p>&nbsp;<\/p>\n<p>&nbsp;<\/p>\n<p>&nbsp;<\/p>\n<p>&nbsp;<\/p>\n<p>&nbsp;<\/p>\n<p>&nbsp;<\/p>\n<p>&nbsp;<\/p>\n<p>&nbsp;<\/p>\n<p>&nbsp;<\/p>\n<p>&nbsp;<\/p>\n<p>&nbsp;<\/p>\n<p>&nbsp;<\/p>\n<p>&nbsp;<\/p>\n<p>&nbsp;<\/p>\n<div id=\"attachment_838\" style=\"width: 488px\" class=\"wp-caption alignleft\"><a href=\"\/dicestudemili\/wp-content\/uploads\/sites\/57\/2013\/03\/don-algod\u00f3n2.jpg\"><img aria-describedby=\"caption-attachment-838\" loading=\"lazy\" class=\" wp-image-838   \" title=\"Dos im\u00e1genes m\u00e1s publicadas en el Diario HOY de esta jura de bandera.\" src=\"\/dicestudemili\/wp-content\/uploads\/sites\/57\/2013\/03\/don-algod\u00f3n2.jpg\" alt=\"Dos im\u00e1genes m\u00e1s publicadas en el Diario HOY de esta jura de bandera.\" width=\"478\" height=\"334\" srcset=\"https:\/\/static-blogs.hoy.es\/wp-content\/uploads\/sites\/57\/2013\/03\/don-algod\u00f3n2.jpg 949w, https:\/\/static-blogs.hoy.es\/wp-content\/uploads\/sites\/57\/2013\/03\/don-algod\u00f3n2-300x210.jpg 300w, https:\/\/static-blogs.hoy.es\/wp-content\/uploads\/sites\/57\/2013\/03\/don-algod\u00f3n2-768x537.jpg 768w\" sizes=\"(max-width: 478px) 100vw, 478px\" \/><\/a><p id=\"caption-attachment-838\" class=\"wp-caption-text\">Dos im\u00e1genes m\u00e1s publicadas en el Diario HOY de esta jura de bandera.<\/p><\/div>\n<p>&nbsp;<\/p>\n<p>&nbsp;<\/p>\n<p>&nbsp;<\/p>\n<p>&nbsp;<\/p>\n<p>&nbsp;<\/p>\n<p>&nbsp;<\/p>\n<p>&nbsp;<\/p>\n<p>&nbsp;<\/p>\n<p>&nbsp;<\/p>\n<p>&nbsp;<\/p>\n<p>&nbsp;<\/p>\n<p>&nbsp;<\/p>\n<p>&nbsp;<\/p>\n<p>&nbsp;<\/p>\n<p>Este mismo 16 de marzo de 1986 hubo otras dos juras de bandera en Extremadura. En el reci\u00e9n creado <strong>CIR de Plasencia<\/strong> desfilaron ante la bandera de Espa\u00f1a 800 reclutas, y 650 lo hicieron en <strong>Badajoz<\/strong> en el <strong>acuartelamiento de Sancha Brava<\/strong>, sede del <strong>Regimiento de Infanter\u00eda Mecanizada C\u00e1stilla, n\u00famero 16<\/strong>. Donde participaron m\u00e1s j\u00f3venes fue en la de C\u00e1ceres, con 1.852 reclutas. En Badajoz hac\u00eda 20 a\u00f1os que no se celebraba una jura de bandera, y llam\u00f3 bastante la atenci\u00f3n la altura de uno de los nuevos soldados. El fot\u00f3grafo <strong>Alfonso<\/strong> de HOY recogi\u00f3 el instante de su paso ante la bandera.<\/p>\n<p>&nbsp;<\/p>\n<div id=\"attachment_839\" style=\"width: 573px\" class=\"wp-caption aligncenter\"><a href=\"\/dicestudemili\/wp-content\/uploads\/sites\/57\/2013\/03\/gigantebadajoz.jpg\"><img aria-describedby=\"caption-attachment-839\" loading=\"lazy\" class=\" wp-image-839  \" title=\"En Badajoz asombr\u00f3 la altura de este recluta.\" src=\"\/dicestudemili\/wp-content\/uploads\/sites\/57\/2013\/03\/gigantebadajoz.jpg\" alt=\"En Badajoz asombr\u00f3 la altura de este recluta.\" width=\"563\" height=\"344\" srcset=\"https:\/\/static-blogs.hoy.es\/wp-content\/uploads\/sites\/57\/2013\/03\/gigantebadajoz.jpg 696w, https:\/\/static-blogs.hoy.es\/wp-content\/uploads\/sites\/57\/2013\/03\/gigantebadajoz-300x183.jpg 300w\" sizes=\"(max-width: 563px) 100vw, 563px\" \/><\/a><p id=\"caption-attachment-839\" class=\"wp-caption-text\">En Badajoz asombr\u00f3 la altura de este recluta.<\/p><\/div>\n<p>&nbsp;<\/p>\n<p>Pepe Barroso comenz\u00f3 su carrera como empresario con 15 a\u00f1os, vendiendo sudaderas que el mismo dibujaba. A los 18 abri\u00f3 su primera tienda Don Algod\u00f3n. Lleg\u00f3 a tener 81 tiendas en Espa\u00f1a y 33 en el extranjero. Presidente de la Asociaci\u00f3n de J\u00f3venes Empresarios de Espa\u00f1a, contrataba a hermosas modelos para hacer m\u00e1s famosa su l\u00ednea de ropa. Entre las &#8216;chicas Don Algod\u00f3n&#8217; estaban <strong>Blanca Suelves<\/strong>, <strong>Malena Costa<\/strong>, <strong>Valeria Montenegro<\/strong> o <strong>Carla Goyanes<\/strong>. En 1985 (un a\u00f1o antes de la jura de bandera en C\u00e1ceres) vendi\u00f3 el 50% de la marca a Cortefiel.<\/p>\n<p>Fue uno de los fundadores del <strong>Partido Liberal<\/strong> con <strong>Esperanza Aguirre<\/strong>, y siempre ha cultivado la amistad con la aristocracia (es muy amigo de la <strong>infanta Cristina<\/strong>) y de los m\u00fasicos, como <strong>Alejandro Sanz<\/strong> y <strong>Alaska<\/strong>. En 1995 cre\u00f3 el sello musical <strong>Pep&#8217;s Records<\/strong> que lanz\u00f3 a la fama a <strong>Mal\u00fa<\/strong> y <strong>Manu Tenorio<\/strong>, entre otros m\u00fasicos. Empresario de \u00e9xito, tambi\u00e9n en el mundo de las colonias, en el a\u00f1o 2006 vendi\u00f3 su compa\u00f1\u00eda a la empresa estadounidense <strong>BCBG Max Ariza<\/strong>. Ahora est\u00e1 dedicado a la venta de ropa online con <strong>Trendy Garage<\/strong> y <strong>Ekspetion<\/strong>.<\/p>\n<p>Pepe Barroso es uno de los primeros famosos que se vinieron a vivir a <strong>la Vera<\/strong>. Asegura que sus dos pasiones son: Trabajar y estar con su familia en la finca de Extremadura en donde disfruta viendo a sus hijos criarse en plena naturaleza. Esta casado con <strong>M\u00f3nica Silva<\/strong> con la que ha tenido tres hijos.<\/p>\n<p>Una imagen reciente de \u00e9l y su familia es esta, publicada en la p\u00e1gina web de <strong>Divinity<\/strong>, del blog de <strong>Manuel Delgado<\/strong>.<\/p>\n<p>&nbsp;<\/p>\n<div id=\"attachment_840\" style=\"width: 672px\" class=\"wp-caption aligncenter\"><a href=\"\/dicestudemili\/wp-content\/uploads\/sites\/57\/2013\/03\/familia_MDSIMA20130121_0074_6.jpg\"><img aria-describedby=\"caption-attachment-840\" loading=\"lazy\" class=\" wp-image-840 \" title=\"Imagen actual de Pepe Barroso con su mujer y tres hijos.\" src=\"\/dicestudemili\/wp-content\/uploads\/sites\/57\/2013\/03\/familia_MDSIMA20130121_0074_6.jpg\" alt=\"Imagen actual de Pepe Barroso con su mujer y tres hijos.\" width=\"662\" height=\"373\" srcset=\"https:\/\/static-blogs.hoy.es\/wp-content\/uploads\/sites\/57\/2013\/03\/familia_MDSIMA20130121_0074_6.jpg 735w, https:\/\/static-blogs.hoy.es\/wp-content\/uploads\/sites\/57\/2013\/03\/familia_MDSIMA20130121_0074_6-300x169.jpg 300w\" sizes=\"(max-width: 662px) 100vw, 662px\" \/><\/a><p id=\"caption-attachment-840\" class=\"wp-caption-text\">Imagen actual de Pepe Barroso con su mujer y tres hijos.<\/p><\/div>\n<p>&nbsp;<\/p>\n<p>Es muy amigo de Alejandro Sanz, siendo seguramente el causante de que el cantante tambi\u00e9n viva en la Vera. Pepe Barroso y su mujer fueron unos de los pocos invitados a la boda de Alejandro que celebr\u00f3 el <strong>27 de mayo del 2012<\/strong> en su chal\u00e9 de <strong>Jarandilla de la Vera<\/strong>.<\/p>\n<p>Junto al empresario <strong>Pedro Robles<\/strong>, Pepe Barroso ha levantado en Jarandilla el complejo hostelero <strong>El Mirador de la Portilla<\/strong> que inaugur\u00f3 en el a\u00f1o 2009. Tiene 36 habitaciones dobles y salones para 1.500 comensales.<\/p>\n<!-- AddThis Advanced Settings generic via filter on the_content --><!-- AddThis Share Buttons generic via filter on the_content -->","protected":false},"excerpt":{"rendered":"<p>&nbsp; Una de las juras de bandera que han tenido lugar en C\u00e1ceres con m\u00e1s periodistas y reporteros gr\u00e1ficos fue la del 16 de marzo de 1986, al estar entre los nuevos soldados el joven empresario Pepe Barroso, m\u00e1s conocido por Don Algod\u00f3n. En la noticia publicada en HOY se afirmaba que, &#8220;una verdadera nube [&hellip;]<!-- AddThis Advanced Settings generic via filter on get_the_excerpt --><!-- AddThis Share Buttons generic via filter on get_the_excerpt --><\/p>\n","protected":false},"author":52,"featured_media":0,"comment_status":"open","ping_status":"closed","sticky":false,"template":"","format":"standard","meta":[],"categories":[3],"tags":[18,30,41,56,140,273,322,442,457,478,492,536,614,637,777,778,782,853,895,907,914,915,1169],"_links":{"self":[{"href":"https:\/\/blogs.hoy.es\/dicestudemili\/wp-json\/wp\/v2\/posts\/834"}],"collection":[{"href":"https:\/\/blogs.hoy.es\/dicestudemili\/wp-json\/wp\/v2\/posts"}],"about":[{"href":"https:\/\/blogs.hoy.es\/dicestudemili\/wp-json\/wp\/v2\/types\/post"}],"author":[{"embeddable":true,"href":"https:\/\/blogs.hoy.es\/dicestudemili\/wp-json\/wp\/v2\/users\/52"}],"replies":[{"embeddable":true,"href":"https:\/\/blogs.hoy.es\/dicestudemili\/wp-json\/wp\/v2\/comments?post=834"}],"version-history":[{"count":0,"href":"https:\/\/blogs.hoy.es\/dicestudemili\/wp-json\/wp\/v2\/posts\/834\/revisions"}],"wp:attachment":[{"href":"https:\/\/blogs.hoy.es\/dicestudemili\/wp-json\/wp\/v2\/media?parent=834"}],"wp:term":[{"taxonomy":"category","embeddable":true,"href":"https:\/\/blogs.hoy.es\/dicestudemili\/wp-json\/wp\/v2\/categories?post=834"},{"taxonomy":"post_tag","embeddable":true,"href":"https:\/\/blogs.hoy.es\/dicestudemili\/wp-json\/wp\/v2\/tags?post=834"}],"curies":[{"name":"wp","href":"https:\/\/api.w.org\/{rel}","templated":true}]}}