{"id":842,"date":"2013-03-11T06:55:23","date_gmt":"2013-03-11T06:55:23","guid":{"rendered":"http:\/\/blogs.hoy.es\/dicestudemili\/?p=842"},"modified":"2013-03-11T06:55:23","modified_gmt":"2013-03-11T06:55:23","slug":"mandos-del-ano-1976","status":"publish","type":"post","link":"https:\/\/blogs.hoy.es\/dicestudemili\/2013\/03\/11\/mandos-del-ano-1976\/","title":{"rendered":"Mandos del a\u00f1o 1976"},"content":{"rendered":"<p><strong>Rafael Molina Fern\u00e1ndez<\/strong>, moderador del espacio dedicado al CIR n\u00famero 3 de C\u00e1ceres en la p\u00e1gina web <strong>www.amigosdelamili.com<\/strong>, nos env\u00eda estas tres im\u00e1genes en donde se recogen las fotos, graduaci\u00f3n y nombres de mandos del CIR en 1976.<\/p>\n<p>En este a\u00f1o quien dirig\u00eda el Campamento Santa Ana era el <strong>coronel Eloy Rodr\u00edguez de Miguel<\/strong>, que fue el cuarto coronel jefe del Centro de Instrucci\u00f3n cacere\u00f1o. Estuvo en este mando desde el a\u00f1o 1973 a 1977.<\/p>\n<p>&nbsp;<\/p>\n<p><a href=\"\/dicestudemili\/wp-content\/uploads\/sites\/57\/2013\/03\/1cir-n\u00ba3.jpg\"><img loading=\"lazy\" class=\"aligncenter size-full wp-image-843\" title=\"1cir n\u00ba3\" src=\"\/dicestudemili\/wp-content\/uploads\/sites\/57\/2013\/03\/1cir-n\u00ba3.jpg\" alt=\"\" width=\"497\" height=\"769\" srcset=\"https:\/\/static-blogs.hoy.es\/wp-content\/uploads\/sites\/57\/2013\/03\/1cir-n\u00ba3.jpg 497w, https:\/\/static-blogs.hoy.es\/wp-content\/uploads\/sites\/57\/2013\/03\/1cir-n\u00ba3-194x300.jpg 194w\" sizes=\"(max-width: 497px) 100vw, 497px\" \/><\/a><\/p>\n<p>&nbsp;<\/p>\n<p><a href=\"\/dicestudemili\/wp-content\/uploads\/sites\/57\/2013\/03\/2\u00bacir-n\u00ba3.jpg\"><img loading=\"lazy\" class=\"aligncenter size-full wp-image-844\" title=\"2\u00bacir n\u00ba3\" src=\"\/dicestudemili\/wp-content\/uploads\/sites\/57\/2013\/03\/2\u00bacir-n\u00ba3.jpg\" alt=\"\" width=\"503\" height=\"812\" srcset=\"https:\/\/static-blogs.hoy.es\/wp-content\/uploads\/sites\/57\/2013\/03\/2\u00bacir-n\u00ba3.jpg 503w, https:\/\/static-blogs.hoy.es\/wp-content\/uploads\/sites\/57\/2013\/03\/2\u00bacir-n\u00ba3-186x300.jpg 186w\" sizes=\"(max-width: 503px) 100vw, 503px\" \/><\/a><\/p>\n<p>&nbsp;<\/p>\n<p><a href=\"\/dicestudemili\/wp-content\/uploads\/sites\/57\/2013\/03\/3\u00bacir.-n\u00ba3.jpg\"><img loading=\"lazy\" class=\"aligncenter size-full wp-image-845\" title=\"3\u00bacir. n\u00ba3\" src=\"\/dicestudemili\/wp-content\/uploads\/sites\/57\/2013\/03\/3\u00bacir.-n\u00ba3.jpg\" alt=\"\" width=\"544\" height=\"981\" srcset=\"https:\/\/static-blogs.hoy.es\/wp-content\/uploads\/sites\/57\/2013\/03\/3\u00bacir.-n\u00ba3.jpg 544w, https:\/\/static-blogs.hoy.es\/wp-content\/uploads\/sites\/57\/2013\/03\/3\u00bacir.-n\u00ba3-166x300.jpg 166w\" sizes=\"(max-width: 544px) 100vw, 544px\" \/><\/a><\/p>\n<!-- AddThis Advanced Settings generic via filter on the_content --><!-- AddThis Share Buttons generic via filter on the_content -->","protected":false},"excerpt":{"rendered":"<p>Rafael Molina Fern\u00e1ndez, moderador del espacio dedicado al CIR n\u00famero 3 de C\u00e1ceres en la p\u00e1gina web www.amigosdelamili.com, nos env\u00eda estas tres im\u00e1genes en donde se recogen las fotos, graduaci\u00f3n y nombres de mandos del CIR en 1976. En este a\u00f1o quien dirig\u00eda el Campamento Santa Ana era el coronel Eloy Rodr\u00edguez de Miguel, que [&hellip;]<!-- AddThis Advanced Settings generic via filter on get_the_excerpt --><!-- AddThis Share Buttons generic via filter on get_the_excerpt --><\/p>\n","protected":false},"author":52,"featured_media":0,"comment_status":"open","ping_status":"closed","sticky":false,"template":"","format":"standard","meta":[],"categories":[2],"tags":[211,375,949],"_links":{"self":[{"href":"https:\/\/blogs.hoy.es\/dicestudemili\/wp-json\/wp\/v2\/posts\/842"}],"collection":[{"href":"https:\/\/blogs.hoy.es\/dicestudemili\/wp-json\/wp\/v2\/posts"}],"about":[{"href":"https:\/\/blogs.hoy.es\/dicestudemili\/wp-json\/wp\/v2\/types\/post"}],"author":[{"embeddable":true,"href":"https:\/\/blogs.hoy.es\/dicestudemili\/wp-json\/wp\/v2\/users\/52"}],"replies":[{"embeddable":true,"href":"https:\/\/blogs.hoy.es\/dicestudemili\/wp-json\/wp\/v2\/comments?post=842"}],"version-history":[{"count":0,"href":"https:\/\/blogs.hoy.es\/dicestudemili\/wp-json\/wp\/v2\/posts\/842\/revisions"}],"wp:attachment":[{"href":"https:\/\/blogs.hoy.es\/dicestudemili\/wp-json\/wp\/v2\/media?parent=842"}],"wp:term":[{"taxonomy":"category","embeddable":true,"href":"https:\/\/blogs.hoy.es\/dicestudemili\/wp-json\/wp\/v2\/categories?post=842"},{"taxonomy":"post_tag","embeddable":true,"href":"https:\/\/blogs.hoy.es\/dicestudemili\/wp-json\/wp\/v2\/tags?post=842"}],"curies":[{"name":"wp","href":"https:\/\/api.w.org\/{rel}","templated":true}]}}