{"id":851,"date":"2013-03-13T07:36:34","date_gmt":"2013-03-13T07:36:34","guid":{"rendered":"http:\/\/blogs.hoy.es\/dicestudemili\/?p=851"},"modified":"2013-03-13T07:36:34","modified_gmt":"2013-03-13T07:36:34","slug":"el-ex-lehendakari-ibarretxe-tambien-hizo-la-mili-en-caceres","status":"publish","type":"post","link":"https:\/\/blogs.hoy.es\/dicestudemili\/2013\/03\/13\/el-ex-lehendakari-ibarretxe-tambien-hizo-la-mili-en-caceres\/","title":{"rendered":"El ex lehendakari Ibarretxe tambi\u00e9n hizo la mili en C\u00e1ceres"},"content":{"rendered":"<div id=\"attachment_852\" style=\"width: 514px\" class=\"wp-caption aligncenter\"><a href=\"\/dicestudemili\/wp-content\/uploads\/sites\/57\/2013\/03\/Juan-Jos\u00e9-Ibarreche-3_0_1.jpg\"><img aria-describedby=\"caption-attachment-852\" loading=\"lazy\" class=\" wp-image-852  \" title=\"Juan Jos\u00e9 Ibarretxe en 2009, tras estar 10 a\u00f1os al frente del gobierno vasco.\" src=\"\/dicestudemili\/wp-content\/uploads\/sites\/57\/2013\/03\/Juan-Jos\u00e9-Ibarreche-3_0_1.jpg\" alt=\"Juan Jos\u00e9 Ibarretxe en 2009, tras estar 10 a\u00f1os al frente del gobierno vasco.\" width=\"504\" height=\"504\" srcset=\"https:\/\/static-blogs.hoy.es\/wp-content\/uploads\/sites\/57\/2013\/03\/Juan-Jos\u00e9-Ibarreche-3_0_1.jpg 800w, https:\/\/static-blogs.hoy.es\/wp-content\/uploads\/sites\/57\/2013\/03\/Juan-Jos\u00e9-Ibarreche-3_0_1-150x150.jpg 150w, https:\/\/static-blogs.hoy.es\/wp-content\/uploads\/sites\/57\/2013\/03\/Juan-Jos\u00e9-Ibarreche-3_0_1-300x300.jpg 300w, https:\/\/static-blogs.hoy.es\/wp-content\/uploads\/sites\/57\/2013\/03\/Juan-Jos\u00e9-Ibarreche-3_0_1-768x768.jpg 768w\" sizes=\"(max-width: 504px) 100vw, 504px\" \/><\/a><p id=\"caption-attachment-852\" class=\"wp-caption-text\">Juan Jos\u00e9 Ibarretxe en 2009, tras estar 10 a\u00f1os al frente del gobierno vasco.<\/p><\/div>\n<p>&nbsp;<\/p>\n<p>Gracias al periodista <strong>Manuel M. N\u00fa\u00f1ez<\/strong> hemos descubierto que <strong>Juan Jos\u00e9 Ibarretxe Markuartu<\/strong> tambi\u00e9n hizo el servicio militar en C\u00e1ceres.<\/p>\n<p>Ibarretxe, nacido en <strong>Llodio<\/strong> el <strong>15 de mayo de 1957<\/strong>, se cri\u00f3 en un caser\u00edo vasco en el que todos los d\u00edas hab\u00eda que orde\u00f1ar las vacas a las siete de la ma\u00f1ana y a las cinco de la tarde, como \u00e9l mismo ha se\u00f1alado en m\u00e1s de una ocasi\u00f3n, para ir a hacer el servicio militar obligatorio en C\u00e1ceres.<\/p>\n<p>Las recuerdos de Ibarretxe de C\u00e1ceres y la mili no son muy gratos. En una entrevista publicada en<strong> &#8216;El Peri\u00f3dico Mediterr\u00e1neo&#8217;<\/strong>, coment\u00f3 que los meses de la mili los consideraba perdidos, y que ir a C\u00e1ceres fue un choque rotundo. En la entrevista dice: &#8220;Me pareci\u00f3 un mundo muy cerrado y con dificultades para entender que todo se estaba desmoronando a su alrededor&#8221;.<\/p>\n<p>Despu\u00e9s de hacer la mili, con 22 a\u00f1os se afili\u00f3 al <strong>Partido Nacionalista Vasco<\/strong>. Licenciado en Econ\u00f3micas y Empresariales en la universidad del Pa\u00eds Vasco, a los 26 fue elegido alcalde de Llodio, luego diputado, vicelendakari y lehendakari. Aprendi\u00f3 vasco cuando ya era lehendakari, cargo que ocup\u00f3 desde el <strong>2 de enero de 1999<\/strong> al <strong>7 de mayo de 2009<\/strong>. En el a\u00f1o 2002 present\u00f3 el plan que lleva su nombre, el <strong>Plan Ibarretxe<\/strong> que propone que Euskadi sea una naci\u00f3n asociada a Espa\u00f1a. Durante su gobierno le han acusado de dar esperanzas a ETA. En el a\u00f1o 2012 present\u00f3 su libro &#8216;El caso vasco&#8217;.<\/p>\n<p>En el a\u00f1o 1999, cuando Ibarretxe comenz\u00f3 a gobernar como lehendakari, el 15% de los 490.000 residentes en Euskadi que no nacieron en el Pa\u00eds Vasco eran originarios de Extremadura. Hab\u00eda 70.000 emigrantes extreme\u00f1os.<\/p>\n<!-- AddThis Advanced Settings generic via filter on the_content --><!-- AddThis Share Buttons generic via filter on the_content -->","protected":false},"excerpt":{"rendered":"<p>&nbsp; Gracias al periodista Manuel M. N\u00fa\u00f1ez hemos descubierto que Juan Jos\u00e9 Ibarretxe Markuartu tambi\u00e9n hizo el servicio militar en C\u00e1ceres. Ibarretxe, nacido en Llodio el 15 de mayo de 1957, se cri\u00f3 en un caser\u00edo vasco en el que todos los d\u00edas hab\u00eda que orde\u00f1ar las vacas a las siete de la ma\u00f1ana y [&hellip;]<!-- AddThis Advanced Settings generic via filter on get_the_excerpt --><!-- AddThis Share Buttons generic via filter on get_the_excerpt --><\/p>\n","protected":false},"author":52,"featured_media":0,"comment_status":"open","ping_status":"closed","sticky":false,"template":"","format":"standard","meta":[],"categories":[2],"tags":[730,762,796,896],"_links":{"self":[{"href":"https:\/\/blogs.hoy.es\/dicestudemili\/wp-json\/wp\/v2\/posts\/851"}],"collection":[{"href":"https:\/\/blogs.hoy.es\/dicestudemili\/wp-json\/wp\/v2\/posts"}],"about":[{"href":"https:\/\/blogs.hoy.es\/dicestudemili\/wp-json\/wp\/v2\/types\/post"}],"author":[{"embeddable":true,"href":"https:\/\/blogs.hoy.es\/dicestudemili\/wp-json\/wp\/v2\/users\/52"}],"replies":[{"embeddable":true,"href":"https:\/\/blogs.hoy.es\/dicestudemili\/wp-json\/wp\/v2\/comments?post=851"}],"version-history":[{"count":0,"href":"https:\/\/blogs.hoy.es\/dicestudemili\/wp-json\/wp\/v2\/posts\/851\/revisions"}],"wp:attachment":[{"href":"https:\/\/blogs.hoy.es\/dicestudemili\/wp-json\/wp\/v2\/media?parent=851"}],"wp:term":[{"taxonomy":"category","embeddable":true,"href":"https:\/\/blogs.hoy.es\/dicestudemili\/wp-json\/wp\/v2\/categories?post=851"},{"taxonomy":"post_tag","embeddable":true,"href":"https:\/\/blogs.hoy.es\/dicestudemili\/wp-json\/wp\/v2\/tags?post=851"}],"curies":[{"name":"wp","href":"https:\/\/api.w.org\/{rel}","templated":true}]}}