{"id":859,"date":"2013-03-15T08:09:12","date_gmt":"2013-03-15T08:09:12","guid":{"rendered":"http:\/\/blogs.hoy.es\/dicestudemili\/?p=859"},"modified":"2013-03-15T08:09:12","modified_gmt":"2013-03-15T08:09:12","slug":"1986-y-3-la-cantina-y-los-sabanones","status":"publish","type":"post","link":"https:\/\/blogs.hoy.es\/dicestudemili\/2013\/03\/15\/1986-y-3-la-cantina-y-los-sabanones\/","title":{"rendered":"1986 (y 3): La cantina y los saba\u00f1ones en las orejas"},"content":{"rendered":"<div id=\"attachment_860\" style=\"width: 586px\" class=\"wp-caption aligncenter\"><a href=\"\/dicestudemili\/wp-content\/uploads\/sites\/57\/2013\/03\/desde-la-cantina.jpg\"><img aria-describedby=\"caption-attachment-860\" loading=\"lazy\" class=\"size-full wp-image-860\" title=\"La vista del CIR desde la cantina.\" src=\"\/dicestudemili\/wp-content\/uploads\/sites\/57\/2013\/03\/desde-la-cantina.jpg\" alt=\"La vista del CIR desde la cantina.\" width=\"576\" height=\"388\" srcset=\"https:\/\/static-blogs.hoy.es\/wp-content\/uploads\/sites\/57\/2013\/03\/desde-la-cantina.jpg 576w, https:\/\/static-blogs.hoy.es\/wp-content\/uploads\/sites\/57\/2013\/03\/desde-la-cantina-300x202.jpg 300w\" sizes=\"(max-width: 576px) 100vw, 576px\" \/><\/a><p id=\"caption-attachment-860\" class=\"wp-caption-text\">La vista del CIR desde la cantina.<\/p><\/div>\n<p>&nbsp;<\/p>\n<p>&#8220;<em>Hola. Llegu\u00e9 a Santa Ana el <strong>27 de enero del 86<\/strong>. Estuve en la 5\u00aa Compa\u00f1\u00eda, la del escorpi\u00f3n, donde la mitad \u00e9ramos murcianos. Muchas an\u00e9cdotas, como la presencia del famoso <strong>Pepe Barroso<\/strong> (Don Algod\u00f3n) en otra compa\u00f1\u00eda, los saba\u00f1ones en las manos y las orejas, los apellidos de los mandos: <strong>Tesoro<\/strong>, <strong>Bote<\/strong>, <strong>Palomo<\/strong>, <strong>Cordero<\/strong>, <strong>Mogoll\u00f3n<\/strong>. El mejor de todos era el subteniente Don <strong>Sixto Banda Corrales<\/strong> que era un t\u00edo de puta madre. Lo mejor eran la cantina y la poller\u00eda. Lo peor la comida, las duchas express y la mala hostia de algunos chusqueros. Recuerdo un d\u00eda que nos tocaba servicio de batall\u00f3n y pidieron voluntarios para trabajos administrativos, nos presentamos unos cuantos y ese d\u00eda nos llevaron a limpiar las ovejas del Tecol. Lo pasamos muy bien.<\/em>\u00a0<em>Jur\u00e9 bandera el <strong>16 de marzo<\/strong>.\u00a0Saludos escorpiones<\/em>&#8220;. Este comentario esta recogido en el blog <strong>Historias de el Pardo<\/strong> y lo firma <strong>Torregrosa<\/strong>.<\/p>\n<p>Son muchos los que recuerdan los momentos que pasaron en la cantina y tambi\u00e9n el fr\u00edo. En el mismo blog, hay otros dos comentarios de reclutas del a\u00f1o 1986. Uno sin firma, se\u00f1ala: &#8220;<em><span style=\"font-size: 13px;\">Me incorpor\u00e9 al CIR-3 Santa Ana, el <strong>26 de Noviembre de 1985<\/strong>, 1\u00aa Compa\u00f1\u00eda. I Batall\u00f3n, y jur\u00e9 bandera el <strong>19 de Enero de 1986<\/strong>. Reemplazo 3\u00ba 2\u00aa\/85. Fui destinado despu\u00e9s a Madrid, a la <strong>Academia Especial Militar<\/strong>.\u00a0<\/span><span style=\"font-size: 13px;\">Buenos recuerdos durante el periodo de instrucci\u00f3n. Bastante fr\u00edo. Nos llevaron al<strong> Cuartel Infanta Isabel<\/strong> en C\u00e1ceres para entregarnos toda la ropa militar.\u00a0<\/span><span style=\"font-size: 13px;\">Recuerdo los momentos con los compa\u00f1eros en la Poller\u00eda y en la Cantina. Hice buenos amigos.\u00a0<\/span><\/em><span style=\"font-size: 13px;\"><em>Saludos<\/em>&#8220;.<\/span><\/p>\n<p>El otro comentario es el siguiente: &#8220;<em>Me llamo <strong>David<\/strong> e hice la mili en Santa Ana, en C\u00e1ceres. 86.3\u00ba. Llevo mucho tiempo buscando a mis compa\u00f1eros para ver que ha sido de ellos. Nos mandaron a servir la comida varios d\u00edas al cuartel Infanta Isabel. Y que decir de la poller\u00eda y la cantina. Recuerdo el apellido de un cabo de instrucci\u00f3n, <strong>Maceda<\/strong>, alto y delgado; pero no me acuerdo de los dem\u00e1s nombres.\u00a0Si alguno estuvo en este reemplazo y tiene recuerdos me gustar\u00eda compartirlos<\/em>&#8220;.<\/p>\n<p>En la p\u00e1gina web www.amigosdelamili.com, un recluta de este a\u00f1o, <strong>Manuel Jes\u00fas D\u00edaz<\/strong>, de Sevilla, ha publicado esta foto suya con el famoso Manolito.<\/p>\n<p>&nbsp;<\/p>\n<div id=\"attachment_862\" style=\"width: 346px\" class=\"wp-caption aligncenter\"><a href=\"\/dicestudemili\/wp-content\/uploads\/sites\/57\/2013\/03\/Manuel-Jes\u00fas-D\u00edas-6\u00ba86Sevilla-amigosdelamili.jpg\"><img aria-describedby=\"caption-attachment-862\" loading=\"lazy\" class=\" wp-image-862     \" title=\"Manuel Jes\u00fas D\u00edaz con Manolito.\" src=\"\/dicestudemili\/wp-content\/uploads\/sites\/57\/2013\/03\/Manuel-Jes\u00fas-D\u00edas-6\u00ba86Sevilla-amigosdelamili.jpg\" alt=\"Manuel Jes\u00fas D\u00edaz con Manolito.\" width=\"336\" height=\"478\" srcset=\"https:\/\/static-blogs.hoy.es\/wp-content\/uploads\/sites\/57\/2013\/03\/Manuel-Jes\u00fas-D\u00edas-6\u00ba86Sevilla-amigosdelamili.jpg 831w, https:\/\/static-blogs.hoy.es\/wp-content\/uploads\/sites\/57\/2013\/03\/Manuel-Jes\u00fas-D\u00edas-6\u00ba86Sevilla-amigosdelamili-211x300.jpg 211w, https:\/\/static-blogs.hoy.es\/wp-content\/uploads\/sites\/57\/2013\/03\/Manuel-Jes\u00fas-D\u00edas-6\u00ba86Sevilla-amigosdelamili-768x1094.jpg 768w, https:\/\/static-blogs.hoy.es\/wp-content\/uploads\/sites\/57\/2013\/03\/Manuel-Jes\u00fas-D\u00edas-6\u00ba86Sevilla-amigosdelamili-719x1024.jpg 719w\" sizes=\"(max-width: 336px) 100vw, 336px\" \/><\/a><p id=\"caption-attachment-862\" class=\"wp-caption-text\">Manuel Jes\u00fas D\u00edaz con Manolito.<\/p><\/div>\n<p>&nbsp;<\/p>\n<!-- AddThis Advanced Settings generic via filter on the_content --><!-- AddThis Share Buttons generic via filter on the_content -->","protected":false},"excerpt":{"rendered":"<p>&nbsp; &#8220;Hola. Llegu\u00e9 a Santa Ana el 27 de enero del 86. Estuve en la 5\u00aa Compa\u00f1\u00eda, la del escorpi\u00f3n, donde la mitad \u00e9ramos murcianos. Muchas an\u00e9cdotas, como la presencia del famoso Pepe Barroso (Don Algod\u00f3n) en otra compa\u00f1\u00eda, los saba\u00f1ones en las manos y las orejas, los apellidos de los mandos: Tesoro, Bote, Palomo, [&hellip;]<!-- AddThis Advanced Settings generic via filter on get_the_excerpt --><!-- AddThis Share Buttons generic via filter on get_the_excerpt --><\/p>\n","protected":false},"author":52,"featured_media":0,"comment_status":"open","ping_status":"closed","sticky":false,"template":"","format":"standard","meta":[],"categories":[3],"tags":[171,412,793,915,1070,1151],"_links":{"self":[{"href":"https:\/\/blogs.hoy.es\/dicestudemili\/wp-json\/wp\/v2\/posts\/859"}],"collection":[{"href":"https:\/\/blogs.hoy.es\/dicestudemili\/wp-json\/wp\/v2\/posts"}],"about":[{"href":"https:\/\/blogs.hoy.es\/dicestudemili\/wp-json\/wp\/v2\/types\/post"}],"author":[{"embeddable":true,"href":"https:\/\/blogs.hoy.es\/dicestudemili\/wp-json\/wp\/v2\/users\/52"}],"replies":[{"embeddable":true,"href":"https:\/\/blogs.hoy.es\/dicestudemili\/wp-json\/wp\/v2\/comments?post=859"}],"version-history":[{"count":0,"href":"https:\/\/blogs.hoy.es\/dicestudemili\/wp-json\/wp\/v2\/posts\/859\/revisions"}],"wp:attachment":[{"href":"https:\/\/blogs.hoy.es\/dicestudemili\/wp-json\/wp\/v2\/media?parent=859"}],"wp:term":[{"taxonomy":"category","embeddable":true,"href":"https:\/\/blogs.hoy.es\/dicestudemili\/wp-json\/wp\/v2\/categories?post=859"},{"taxonomy":"post_tag","embeddable":true,"href":"https:\/\/blogs.hoy.es\/dicestudemili\/wp-json\/wp\/v2\/tags?post=859"}],"curies":[{"name":"wp","href":"https:\/\/api.w.org\/{rel}","templated":true}]}}