{"id":87,"date":"2012-11-18T07:32:53","date_gmt":"2012-11-18T07:32:53","guid":{"rendered":"http:\/\/blogs.hoy.es\/dicestudemili\/?p=87"},"modified":"2012-11-18T07:32:53","modified_gmt":"2012-11-18T07:32:53","slug":"el-cabo-moya-y-felipe-gonzalez","status":"publish","type":"post","link":"https:\/\/blogs.hoy.es\/dicestudemili\/2012\/11\/18\/el-cabo-moya-y-felipe-gonzalez\/","title":{"rendered":"El Cabo Moya y Felipe Gonz\u00e1lez"},"content":{"rendered":"<p>Una de las personas m\u00e1s conocidas que hicieron aqu\u00ed el servicio militar obligatorio fue <strong>Felipe Gonz\u00e1lez<\/strong>, que estuvo cuatro meses como alf\u00e9rez en C\u00e1ceres, contando varios de sus compa\u00f1eros que le ten\u00edan que invitar en la cantina porque andaba algo escaso de recursos, aunque alguno indica que ten\u00eda un viejo descapotable.<\/p>\n<div>Aqu\u00ed conoci\u00f3 Felipe Gonz\u00e1lez a <strong>Enrique Moya Dom\u00ednguez<\/strong>, al <strong>Cabo Moya<\/strong>, un hombre popular y peculiar que hasta hizo de Don Tancredo en las plazas de toros antes de meterse a militar. Nacido en M\u00e1laga, lleg\u00f3 a C\u00e1ceres en 1947 y en esta ciudad estuvo casi toda su vida, salvo unos a\u00f1os que fue destinado a <strong>Sidi Ifni<\/strong>. Cuando ya Felipe Gonz\u00e1lez fue presidente de Espa\u00f1a el Cabo Moya, ni corto ni perezoso, se present\u00f3 en el <strong>Palacio de La Moncloa<\/strong>, para pedirle que arreglara una injusticia que se quer\u00eda cometer con un familiar. Seg\u00fan cont\u00f3 el Cabo Moya, los dos viejos compa\u00f1eros del centro de instrucci\u00f3n <strong>CIR C\u00e1ceres<\/strong> se abrazaron y luego estuvieron hablando una hora y cuarto, pregunt\u00e1ndole el presidente por el <strong>comandante Due\u00f1as<\/strong>, al que estaba muy agradecido porque le pidi\u00f3 tres d\u00edas de permiso y le dio ocho. Al poco tiempo del reencuentro Felipe Gonz\u00e1lez le mand\u00f3 a Moya la foto que acompa\u00f1a este texto, con la siguiente dedicatoria: \u00abAl Cabo Moya, en recuerdo de los tiempos de C\u00e1ceres y de su visita a la Moncloa. Cordialmente&#8230; Felipe Gonz\u00e1lez\u00bb.<strong><\/strong><\/div>\n<div><strong>Felipe Gonz\u00e1lez M\u00e1rquez<\/strong> (Sevilla, 5 de marzo de 1942), secretario general del Partido Socialista Obrero Espa\u00f1ol (PSOE) desde 1974 a 1997, fue presidente del Gobierno desde 1982 a 1996.<\/div>\n<div><\/div>\n<div><\/div>\n<div><\/div>\n<div>\n<div id=\"attachment_88\" style=\"width: 309px\" class=\"wp-caption aligncenter\"><a href=\"\/dicestudemili\/wp-content\/uploads\/sites\/57\/2012\/11\/ESCAfelipe-glez.jpg\"><img aria-describedby=\"caption-attachment-88\" loading=\"lazy\" class=\" wp-image-88  \" title=\"Felipe Gonz\u00e1lez en la mili.\" src=\"\/dicestudemili\/wp-content\/uploads\/sites\/57\/2012\/11\/ESCAfelipe-glez.jpg\" alt=\"Felipe Gonz\u00e1lez en la mili.\" width=\"299\" height=\"438\" srcset=\"https:\/\/static-blogs.hoy.es\/wp-content\/uploads\/sites\/57\/2012\/11\/ESCAfelipe-glez.jpg 624w, https:\/\/static-blogs.hoy.es\/wp-content\/uploads\/sites\/57\/2012\/11\/ESCAfelipe-glez-205x300.jpg 205w\" sizes=\"(max-width: 299px) 100vw, 299px\" \/><\/a><p id=\"caption-attachment-88\" class=\"wp-caption-text\">Felipe Gonz\u00e1lez en la mili.<\/p><\/div>\n<p>&nbsp;<\/p>\n<div id=\"attachment_89\" style=\"width: 655px\" class=\"wp-caption aligncenter\"><a href=\"\/dicestudemili\/wp-content\/uploads\/sites\/57\/2012\/11\/ESCACabo-Moya-y-Felipe-Gonz\u00e1lez-copia.jpg\"><img aria-describedby=\"caption-attachment-89\" loading=\"lazy\" class=\" wp-image-89  \" title=\"Foto del Cabo Moya y Felipe Gonz\u00e1lez en la Moncloa, con la dedicatoria.\" src=\"\/dicestudemili\/wp-content\/uploads\/sites\/57\/2012\/11\/ESCACabo-Moya-y-Felipe-Gonz\u00e1lez-copia.jpg\" alt=\"Foto del Cabo Moya y Felipe Gonz\u00e1lez en la Moncloa, con la dedicatoria.\" width=\"645\" height=\"504\" srcset=\"https:\/\/static-blogs.hoy.es\/wp-content\/uploads\/sites\/57\/2012\/11\/ESCACabo-Moya-y-Felipe-Gonz\u00e1lez-copia.jpg 1134w, https:\/\/static-blogs.hoy.es\/wp-content\/uploads\/sites\/57\/2012\/11\/ESCACabo-Moya-y-Felipe-Gonz\u00e1lez-copia-300x234.jpg 300w, https:\/\/static-blogs.hoy.es\/wp-content\/uploads\/sites\/57\/2012\/11\/ESCACabo-Moya-y-Felipe-Gonz\u00e1lez-copia-768x600.jpg 768w, https:\/\/static-blogs.hoy.es\/wp-content\/uploads\/sites\/57\/2012\/11\/ESCACabo-Moya-y-Felipe-Gonz\u00e1lez-copia-1024x800.jpg 1024w\" sizes=\"(max-width: 645px) 100vw, 645px\" \/><\/a><p id=\"caption-attachment-89\" class=\"wp-caption-text\">Foto del Cabo Moya y Felipe Gonz\u00e1lez en la Moncloa, con la dedicatoria.<\/p><\/div>\n<\/div>\n<!-- AddThis Advanced Settings generic via filter on the_content --><!-- AddThis Share Buttons generic via filter on the_content -->","protected":false},"excerpt":{"rendered":"<p>Una de las personas m\u00e1s conocidas que hicieron aqu\u00ed el servicio militar obligatorio fue Felipe Gonz\u00e1lez, que estuvo cuatro meses como alf\u00e9rez en C\u00e1ceres, contando varios de sus compa\u00f1eros que le ten\u00edan que invitar en la cantina porque andaba algo escaso de recursos, aunque alguno indica que ten\u00eda un viejo descapotable. Aqu\u00ed conoci\u00f3 Felipe Gonz\u00e1lez [&hellip;]<!-- AddThis Advanced Settings generic via filter on get_the_excerpt --><!-- AddThis Share Buttons generic via filter on get_the_excerpt --><\/p>\n","protected":false},"author":52,"featured_media":0,"comment_status":"open","ping_status":"closed","sticky":false,"template":"","format":"standard","meta":[],"categories":[2],"tags":[173,343,496],"_links":{"self":[{"href":"https:\/\/blogs.hoy.es\/dicestudemili\/wp-json\/wp\/v2\/posts\/87"}],"collection":[{"href":"https:\/\/blogs.hoy.es\/dicestudemili\/wp-json\/wp\/v2\/posts"}],"about":[{"href":"https:\/\/blogs.hoy.es\/dicestudemili\/wp-json\/wp\/v2\/types\/post"}],"author":[{"embeddable":true,"href":"https:\/\/blogs.hoy.es\/dicestudemili\/wp-json\/wp\/v2\/users\/52"}],"replies":[{"embeddable":true,"href":"https:\/\/blogs.hoy.es\/dicestudemili\/wp-json\/wp\/v2\/comments?post=87"}],"version-history":[{"count":0,"href":"https:\/\/blogs.hoy.es\/dicestudemili\/wp-json\/wp\/v2\/posts\/87\/revisions"}],"wp:attachment":[{"href":"https:\/\/blogs.hoy.es\/dicestudemili\/wp-json\/wp\/v2\/media?parent=87"}],"wp:term":[{"taxonomy":"category","embeddable":true,"href":"https:\/\/blogs.hoy.es\/dicestudemili\/wp-json\/wp\/v2\/categories?post=87"},{"taxonomy":"post_tag","embeddable":true,"href":"https:\/\/blogs.hoy.es\/dicestudemili\/wp-json\/wp\/v2\/tags?post=87"}],"curies":[{"name":"wp","href":"https:\/\/api.w.org\/{rel}","templated":true}]}}