{"id":871,"date":"2013-03-21T06:01:23","date_gmt":"2013-03-21T06:01:23","guid":{"rendered":"http:\/\/blogs.hoy.es\/dicestudemili\/?p=871"},"modified":"2013-03-21T06:01:23","modified_gmt":"2013-03-21T06:01:23","slug":"juan-olivera-fue-una-de-las-mejores-epocas-de-mi-vida","status":"publish","type":"post","link":"https:\/\/blogs.hoy.es\/dicestudemili\/2013\/03\/21\/juan-olivera-fue-una-de-las-mejores-epocas-de-mi-vida\/","title":{"rendered":"Juan Olivera Pacheco: &#8220;Fue una de las mejores \u00e9pocas de mi vida&#8221;"},"content":{"rendered":"<p><em><span style=\"font-size: 13px;\">Hola amigos.\u00a0<\/span><\/em><\/p>\n<p><em><span style=\"font-size: 13px;\">Me llamo<strong> Juan Olivera Pacheco<\/strong>, pertenezco al <strong>79\/3\u00ba<\/strong> reemplazo, e ingres\u00e9 en el cuartel Infanta Isabel como recluta en la 2\u00aa Compa\u00f1\u00eda el mismo d\u00eda de mi 18 cumplea\u00f1os, el <strong>7 de abr\u00edl de 1.980<\/strong>.<\/span><\/em><\/p>\n<p><em><span style=\"font-size: 13px;\">Despu\u00e9s de mi jura de bandera me destinaron, en el mismo cuartel, a la compa\u00f1\u00eda de<strong> Polic\u00eda Interior &#8216;VM&#8217;<\/strong>. Aqu\u00ed ten\u00e9is una foto donde, que yo recuerde, est\u00e1n compa\u00f1eros como <strong>Garrido<\/strong> (Tiburon), <strong>Alegre<\/strong>, <strong>Ordiales<\/strong>, <strong>Burgos<\/strong>, <strong>Real<\/strong> y un buen chaval de <strong>Aliseda<\/strong> que no consigo recordar su nombre (\u00bf<strong>Rufo<\/strong>?)&#8230; Faltaba nuestro famoso <strong>cabo 1\u00ba \u00a0Enriquito<\/strong>.<\/span><\/em><\/p>\n<p>&nbsp;<\/p>\n<div id=\"attachment_877\" style=\"width: 537px\" class=\"wp-caption aligncenter\"><a href=\"\/dicestudemili\/wp-content\/uploads\/sites\/57\/2013\/03\/AQUELLO-SI-QUE-ERA-MILI-12.jpg\"><img aria-describedby=\"caption-attachment-877\" loading=\"lazy\" class=\" wp-image-877 \" title=\"Con compa\u00f1eros de 'VM' en el cuartel Infanta Isabel.\" src=\"\/dicestudemili\/wp-content\/uploads\/sites\/57\/2013\/03\/AQUELLO-SI-QUE-ERA-MILI-12.jpg\" alt=\"Con compa\u00f1eros de 'VM' en el cuartel Infanta Isabel.\" width=\"527\" height=\"751\" srcset=\"https:\/\/static-blogs.hoy.es\/wp-content\/uploads\/sites\/57\/2013\/03\/AQUELLO-SI-QUE-ERA-MILI-12.jpg 586w, https:\/\/static-blogs.hoy.es\/wp-content\/uploads\/sites\/57\/2013\/03\/AQUELLO-SI-QUE-ERA-MILI-12-211x300.jpg 211w\" sizes=\"(max-width: 527px) 100vw, 527px\" \/><\/a><p id=\"caption-attachment-877\" class=\"wp-caption-text\">Con compa\u00f1eros de la &#39;VM&#39;, en el cuartel Infanta Isabel.<\/p><\/div>\n<p>&nbsp;<\/p>\n<p><em style=\"font-size: 13px;\"><span style=\"font-size: 13px;\">Al aprobar el curso de cabo 1\u00ba me trasladaron al CIR, a la 6\u00aa Compa\u00f1\u00eda (la peque\u00f1a legi\u00f3n) junto al teniente, Don <strong>Miguel Fern\u00e1ndez D\u00edaz<\/strong>, hombre del que guardo un grato recuerdo y respeto porque para m\u00ed era un gran profesional, as\u00ed como de mis compa\u00f1eros de los cuales ahora recuerdo a <strong>Alberto Caro<\/strong> (furriel) y <strong>Aguilar Pina<\/strong> (cabo 1\u00ba). Aqu\u00ed ten\u00e9is un par de fotos m\u00e1s, una de ellas con mi amigo <strong>Jos\u00e9 Real<\/strong>.<\/span><\/em><\/p>\n<p>&nbsp;<\/p>\n<div id=\"attachment_874\" style=\"width: 504px\" class=\"wp-caption aligncenter\"><a href=\"\/dicestudemili\/wp-content\/uploads\/sites\/57\/2013\/03\/AQUELLO-SI-QUE-ERA-MILI-3.jpg\"><img aria-describedby=\"caption-attachment-874\" loading=\"lazy\" class=\" wp-image-874  \" title=\"Empec\u00e9 a hacer la mili el d\u00eda que cumpl\u00ed 18 a\u00f1os.\" src=\"\/dicestudemili\/wp-content\/uploads\/sites\/57\/2013\/03\/AQUELLO-SI-QUE-ERA-MILI-3.jpg\" alt=\"Empec\u00e9 a hacer la mili el d\u00eda que cumpl\u00ed 18 a\u00f1os.\" width=\"494\" height=\"697\" srcset=\"https:\/\/static-blogs.hoy.es\/wp-content\/uploads\/sites\/57\/2013\/03\/AQUELLO-SI-QUE-ERA-MILI-3.jpg 685w, https:\/\/static-blogs.hoy.es\/wp-content\/uploads\/sites\/57\/2013\/03\/AQUELLO-SI-QUE-ERA-MILI-3-212x300.jpg 212w\" sizes=\"(max-width: 494px) 100vw, 494px\" \/><\/a><p id=\"caption-attachment-874\" class=\"wp-caption-text\">Empec\u00e9 a hacer la mili el d\u00eda que cumpl\u00ed 18 a\u00f1os.<\/p><\/div>\n<p>&nbsp;<\/p>\n<div id=\"attachment_876\" style=\"width: 533px\" class=\"wp-caption aligncenter\"><a href=\"\/dicestudemili\/wp-content\/uploads\/sites\/57\/2013\/03\/AQUELLO-SI-QUE-ERA-MILI-2.jpg\"><img aria-describedby=\"caption-attachment-876\" loading=\"lazy\" class=\" wp-image-876  \" title=\"Con mi amigo Jos\u00e9 Real.\" src=\"\/dicestudemili\/wp-content\/uploads\/sites\/57\/2013\/03\/AQUELLO-SI-QUE-ERA-MILI-2.jpg\" alt=\"Con mi amigo Jos\u00e9 Real.\" width=\"523\" height=\"741\" srcset=\"https:\/\/static-blogs.hoy.es\/wp-content\/uploads\/sites\/57\/2013\/03\/AQUELLO-SI-QUE-ERA-MILI-2.jpg 646w, https:\/\/static-blogs.hoy.es\/wp-content\/uploads\/sites\/57\/2013\/03\/AQUELLO-SI-QUE-ERA-MILI-2-212x300.jpg 212w\" sizes=\"(max-width: 523px) 100vw, 523px\" \/><\/a><p id=\"caption-attachment-876\" class=\"wp-caption-text\">Con mi amigo Jos\u00e9 Real.<\/p><\/div>\n<p>&nbsp;<\/p>\n<p><em style=\"font-size: 13px;\"><span style=\"font-size: 13px;\">Para terminar, solo comentar que fue\u00a0<\/span><span style=\"font-size: 13px;\">una de las mejores \u00e9pocas de mi vida<\/span><span style=\"font-size: 13px;\">\u00a0y que guardo muy buenos recuerdos de todo aquello, de lo malo ya no me acuerdo y lo repetir\u00eda sin pesta\u00f1ear.<\/span><\/em><\/p>\n<p><em><span style=\"font-size: 13px;\">Un saludo<\/span><\/em><\/p>\n<p>&nbsp;<\/p>\n<p>(Nota del administrador del blog: &#8220;Si quieres enviar tu testimonio y tus fotograf\u00edas est\u00e1n da\u00f1adas o han perdido color, nosotros intentamos arreglarlas. Un saludo&#8221;)<\/p>\n<!-- AddThis Advanced Settings generic via filter on the_content --><!-- AddThis Share Buttons generic via filter on the_content -->","protected":false},"excerpt":{"rendered":"<p>Hola amigos.\u00a0 Me llamo Juan Olivera Pacheco, pertenezco al 79\/3\u00ba reemplazo, e ingres\u00e9 en el cuartel Infanta Isabel como recluta en la 2\u00aa Compa\u00f1\u00eda el mismo d\u00eda de mi 18 cumplea\u00f1os, el 7 de abr\u00edl de 1.980. Despu\u00e9s de mi jura de bandera me destinaron, en el mismo cuartel, a la compa\u00f1\u00eda de Polic\u00eda Interior [&hellip;]<!-- AddThis Advanced Settings generic via filter on get_the_excerpt --><!-- AddThis Share Buttons generic via filter on get_the_excerpt --><\/p>\n","protected":false},"author":52,"featured_media":0,"comment_status":"open","ping_status":"closed","sticky":false,"template":"","format":"standard","meta":[],"categories":[6],"tags":[25,32,37,159,356,552,709,736,882,965,1122],"_links":{"self":[{"href":"https:\/\/blogs.hoy.es\/dicestudemili\/wp-json\/wp\/v2\/posts\/871"}],"collection":[{"href":"https:\/\/blogs.hoy.es\/dicestudemili\/wp-json\/wp\/v2\/posts"}],"about":[{"href":"https:\/\/blogs.hoy.es\/dicestudemili\/wp-json\/wp\/v2\/types\/post"}],"author":[{"embeddable":true,"href":"https:\/\/blogs.hoy.es\/dicestudemili\/wp-json\/wp\/v2\/users\/52"}],"replies":[{"embeddable":true,"href":"https:\/\/blogs.hoy.es\/dicestudemili\/wp-json\/wp\/v2\/comments?post=871"}],"version-history":[{"count":0,"href":"https:\/\/blogs.hoy.es\/dicestudemili\/wp-json\/wp\/v2\/posts\/871\/revisions"}],"wp:attachment":[{"href":"https:\/\/blogs.hoy.es\/dicestudemili\/wp-json\/wp\/v2\/media?parent=871"}],"wp:term":[{"taxonomy":"category","embeddable":true,"href":"https:\/\/blogs.hoy.es\/dicestudemili\/wp-json\/wp\/v2\/categories?post=871"},{"taxonomy":"post_tag","embeddable":true,"href":"https:\/\/blogs.hoy.es\/dicestudemili\/wp-json\/wp\/v2\/tags?post=871"}],"curies":[{"name":"wp","href":"https:\/\/api.w.org\/{rel}","templated":true}]}}