{"id":884,"date":"2013-03-25T07:05:55","date_gmt":"2013-03-25T07:05:55","guid":{"rendered":"http:\/\/blogs.hoy.es\/dicestudemili\/?p=884"},"modified":"2013-03-25T07:05:55","modified_gmt":"2013-03-25T07:05:55","slug":"1987-1-en-caceres-suele-haber-1-200-reclutas-y-en-plasencia-800","status":"publish","type":"post","link":"https:\/\/blogs.hoy.es\/dicestudemili\/2013\/03\/25\/1987-1-en-caceres-suele-haber-1-200-reclutas-y-en-plasencia-800\/","title":{"rendered":"1987 (1): En C\u00e1ceres suele haber 1.200 reclutas y en Plasencia 800"},"content":{"rendered":"<div id=\"attachment_885\" style=\"width: 665px\" class=\"wp-caption aligncenter\"><a href=\"\/dicestudemili\/wp-content\/uploads\/sites\/57\/2013\/03\/3-1987.-CACERES.-JURA-DE-BANDERA-A\u00d1O-1987.jpg\"><img aria-describedby=\"caption-attachment-885\" loading=\"lazy\" class=\" wp-image-885  \" title=\"Jura de bandera del 17 de mayo de 1987, con miembros de la Unidad de Ferrocarriles.\" src=\"\/dicestudemili\/wp-content\/uploads\/sites\/57\/2013\/03\/3-1987.-CACERES.-JURA-DE-BANDERA-A\u00d1O-1987.jpg\" alt=\"Jura de bandera del 17 de mayo de 1987, con miembros de la Unidad de Ferrocarriles.\" width=\"655\" height=\"399\" srcset=\"https:\/\/static-blogs.hoy.es\/wp-content\/uploads\/sites\/57\/2013\/03\/3-1987.-CACERES.-JURA-DE-BANDERA-A\u00d1O-1987.jpg 1188w, https:\/\/static-blogs.hoy.es\/wp-content\/uploads\/sites\/57\/2013\/03\/3-1987.-CACERES.-JURA-DE-BANDERA-A\u00d1O-1987-300x183.jpg 300w, https:\/\/static-blogs.hoy.es\/wp-content\/uploads\/sites\/57\/2013\/03\/3-1987.-CACERES.-JURA-DE-BANDERA-A\u00d1O-1987-768x468.jpg 768w, https:\/\/static-blogs.hoy.es\/wp-content\/uploads\/sites\/57\/2013\/03\/3-1987.-CACERES.-JURA-DE-BANDERA-A\u00d1O-1987-1024x624.jpg 1024w\" sizes=\"(max-width: 655px) 100vw, 655px\" \/><\/a><p id=\"caption-attachment-885\" class=\"wp-caption-text\">Jura de bandera del 17 de mayo de 1987, con miembros de la Unidad de Ferrocarriles.<\/p><\/div>\n<p>&nbsp;<\/p>\n<p>En esta fotograf\u00eda, cedida por el Centro de Instrucci\u00f3n de C\u00e1ceres, podemos ver parte de los 1.612 reclutas que participaron en el acto de la jura de bandera del <strong>17 de mayo de 1987<\/strong>, que fue la \u00faltima que presidi\u00f3 el <strong>coronel Francisco Bernab\u00e9u L\u00f3pez<\/strong>.<\/p>\n<p>Este a\u00f1o nombran como nuevo coronel jefe del CIR de C\u00e1ceres a <strong>Luis Gonz\u00e1lez Mart\u00edn<\/strong> que ya el <strong>12 de junio<\/strong>, con motivo del <strong>D\u00eda de las Fuerzas Armadas<\/strong>, muestra las instalaciones del Campamento Santa Ana. El coronel ense\u00f1a a los visitantes el &#8216;hogar del soldado&#8217;, la enfermer\u00eda, el polideportivo, el departamento de v\u00edveres, las cocinas, el comedor y el dormitorio de tropa de una de las compa\u00f1\u00edas, para ofrecer despu\u00e9s una copa de vino espa\u00f1ol. Cont\u00f3 que habitualmente hab\u00eda en el CIR de C\u00e1ceres unos 1.200 reclutas form\u00e1ndose y 800 en el CIR de Plasencia.<\/p>\n<p>Las juras de bandera que se hicieron este a\u00f1o fueron seis. El nuevo coronel coment\u00f3 en una entrevista concedida al <strong>Diario HOY<\/strong>, que en C\u00e1ceres se hab\u00edan celebrado tres juras de bandera al a\u00f1o desde 1965 hasta 1970, entre 1971 a 1978 pasaron a ser cuatro, y desde 1979 hasta 1984 las juras de bandera se incrementaron a ocho cada a\u00f1o. Desde 1985 se redujeron a seis. El coronel comentaba que as\u00ed los soldados estaban algo m\u00e1s de tiempo form\u00e1ndose, ya que con ocho llamamientos y juras al a\u00f1o, indicaba que los reclutas no pod\u00edan conocer bien las instalaciones del CIR, seg\u00fan sus propias palabras &#8220;no daba tiempo ni a vestirlos&#8221;.<\/p>\n<p>&nbsp;<\/p>\n<div id=\"attachment_887\" style=\"width: 691px\" class=\"wp-caption aligncenter\"><a href=\"\/dicestudemili\/wp-content\/uploads\/sites\/57\/2013\/03\/1-1987-1\u00aacia-3er-reemplazo.jpg\"><img aria-describedby=\"caption-attachment-887\" loading=\"lazy\" class=\" wp-image-887  \" title=\"Reclutas de 1987 de la 1\u00aa Compa\u00f1\u00eda, tercer reemplazo.\" src=\"\/dicestudemili\/wp-content\/uploads\/sites\/57\/2013\/03\/1-1987-1\u00aacia-3er-reemplazo.jpg\" alt=\"Reclutas de 1987 de la 1\u00aa Compa\u00f1\u00eda, tercer reemplazo.\" width=\"681\" height=\"461\" srcset=\"https:\/\/static-blogs.hoy.es\/wp-content\/uploads\/sites\/57\/2013\/03\/1-1987-1\u00aacia-3er-reemplazo.jpg 841w, https:\/\/static-blogs.hoy.es\/wp-content\/uploads\/sites\/57\/2013\/03\/1-1987-1\u00aacia-3er-reemplazo-300x203.jpg 300w, https:\/\/static-blogs.hoy.es\/wp-content\/uploads\/sites\/57\/2013\/03\/1-1987-1\u00aacia-3er-reemplazo-768x520.jpg 768w\" sizes=\"(max-width: 681px) 100vw, 681px\" \/><\/a><p id=\"caption-attachment-887\" class=\"wp-caption-text\">Reclutas de 1987 de la 1\u00aa Compa\u00f1\u00eda, tercer reemplazo.<\/p><\/div>\n<p>&nbsp;<\/p>\n<div id=\"attachment_889\" style=\"width: 634px\" class=\"wp-caption aligncenter\"><a href=\"\/dicestudemili\/wp-content\/uploads\/sites\/57\/2013\/03\/2-1987.-8\u00aaCIA-2\u00bare1.jpg\"><img aria-describedby=\"caption-attachment-889\" loading=\"lazy\" class=\" wp-image-889   \" title=\"Miembros de la 8\u00aa Compa\u00f1\u00eda, del segundo reemplazo.\" src=\"\/dicestudemili\/wp-content\/uploads\/sites\/57\/2013\/03\/2-1987.-8\u00aaCIA-2\u00bare1.jpg\" alt=\"Miembros de la 8\u00aa Compa\u00f1\u00eda, del segundo reemplazo.\" width=\"624\" height=\"478\" srcset=\"https:\/\/static-blogs.hoy.es\/wp-content\/uploads\/sites\/57\/2013\/03\/2-1987.-8\u00aaCIA-2\u00bare1.jpg 856w, https:\/\/static-blogs.hoy.es\/wp-content\/uploads\/sites\/57\/2013\/03\/2-1987.-8\u00aaCIA-2\u00bare1-300x230.jpg 300w, https:\/\/static-blogs.hoy.es\/wp-content\/uploads\/sites\/57\/2013\/03\/2-1987.-8\u00aaCIA-2\u00bare1-768x589.jpg 768w\" sizes=\"(max-width: 624px) 100vw, 624px\" \/><\/a><p id=\"caption-attachment-889\" class=\"wp-caption-text\">Miembros de la 8\u00aa Compa\u00f1\u00eda, del segundo reemplazo.<\/p><\/div>\n<!-- AddThis Advanced Settings generic via filter on the_content --><!-- AddThis Share Buttons generic via filter on the_content -->","protected":false},"excerpt":{"rendered":"<p>&nbsp; En esta fotograf\u00eda, cedida por el Centro de Instrucci\u00f3n de C\u00e1ceres, podemos ver parte de los 1.612 reclutas que participaron en el acto de la jura de bandera del 17 de mayo de 1987, que fue la \u00faltima que presidi\u00f3 el coronel Francisco Bernab\u00e9u L\u00f3pez. Este a\u00f1o nombran como nuevo coronel jefe del CIR [&hellip;]<!-- AddThis Advanced Settings generic via filter on get_the_excerpt --><!-- AddThis Share Buttons generic via filter on get_the_excerpt --><\/p>\n","protected":false},"author":52,"featured_media":0,"comment_status":"open","ping_status":"closed","sticky":false,"template":"","format":"standard","meta":[],"categories":[3],"tags":[379,394,428,1158],"_links":{"self":[{"href":"https:\/\/blogs.hoy.es\/dicestudemili\/wp-json\/wp\/v2\/posts\/884"}],"collection":[{"href":"https:\/\/blogs.hoy.es\/dicestudemili\/wp-json\/wp\/v2\/posts"}],"about":[{"href":"https:\/\/blogs.hoy.es\/dicestudemili\/wp-json\/wp\/v2\/types\/post"}],"author":[{"embeddable":true,"href":"https:\/\/blogs.hoy.es\/dicestudemili\/wp-json\/wp\/v2\/users\/52"}],"replies":[{"embeddable":true,"href":"https:\/\/blogs.hoy.es\/dicestudemili\/wp-json\/wp\/v2\/comments?post=884"}],"version-history":[{"count":0,"href":"https:\/\/blogs.hoy.es\/dicestudemili\/wp-json\/wp\/v2\/posts\/884\/revisions"}],"wp:attachment":[{"href":"https:\/\/blogs.hoy.es\/dicestudemili\/wp-json\/wp\/v2\/media?parent=884"}],"wp:term":[{"taxonomy":"category","embeddable":true,"href":"https:\/\/blogs.hoy.es\/dicestudemili\/wp-json\/wp\/v2\/categories?post=884"},{"taxonomy":"post_tag","embeddable":true,"href":"https:\/\/blogs.hoy.es\/dicestudemili\/wp-json\/wp\/v2\/tags?post=884"}],"curies":[{"name":"wp","href":"https:\/\/api.w.org\/{rel}","templated":true}]}}