{"id":892,"date":"2013-03-27T06:56:34","date_gmt":"2013-03-27T06:56:34","guid":{"rendered":"http:\/\/blogs.hoy.es\/dicestudemili\/?p=892"},"modified":"2013-03-27T06:56:34","modified_gmt":"2013-03-27T06:56:34","slug":"1987-y-2-con-maqueda-del-real-madrid-y-el-alferez-primo-de-la-cantante-de-mecano","status":"publish","type":"post","link":"https:\/\/blogs.hoy.es\/dicestudemili\/2013\/03\/27\/1987-y-2-con-maqueda-del-real-madrid-y-el-alferez-primo-de-la-cantante-de-mecano\/","title":{"rendered":"1987 (y 2): Con Maqueda del Real Madrid y el alf\u00e9rez primo de la cantante de Mecano"},"content":{"rendered":"<div id=\"attachment_893\" style=\"width: 634px\" class=\"wp-caption aligncenter\"><a href=\"\/dicestudemili\/wp-content\/uploads\/sites\/57\/2013\/03\/1987Jes\u00fas-Sol\u00eds.jpg\"><img aria-describedby=\"caption-attachment-893\" loading=\"lazy\" class=\" wp-image-893   \" title=\"Foto de Jes\u00fas Sol\u00eds, el primero por la izquierda es 'Guare\u00f1a' y el primero por la derecha 'Polaco'.\" src=\"\/dicestudemili\/wp-content\/uploads\/sites\/57\/2013\/03\/1987Jes\u00fas-Sol\u00eds.jpg\" alt=\"Foto de Jes\u00fas Sol\u00eds, el primero por la izquierda es 'Guare\u00f1a' y el primero por la derecha 'Polaco'.\" width=\"624\" height=\"426\" srcset=\"https:\/\/static-blogs.hoy.es\/wp-content\/uploads\/sites\/57\/2013\/03\/1987Jes\u00fas-Sol\u00eds.jpg 856w, https:\/\/static-blogs.hoy.es\/wp-content\/uploads\/sites\/57\/2013\/03\/1987Jes\u00fas-Sol\u00eds-300x205.jpg 300w, https:\/\/static-blogs.hoy.es\/wp-content\/uploads\/sites\/57\/2013\/03\/1987Jes\u00fas-Sol\u00eds-768x524.jpg 768w\" sizes=\"(max-width: 624px) 100vw, 624px\" \/><\/a><p id=\"caption-attachment-893\" class=\"wp-caption-text\">Foto de Jes\u00fas Sol\u00eds; el primero por la izquierda es &#39;Guare\u00f1a&#39; y el primero por la derecha &#39;Polaco&#39;.<\/p><\/div>\n<p>&nbsp;<\/p>\n<p>En facebook hay dos grupos formados por gente que ha hecho la mili en C\u00e1ceres. En el grupo &#8216;Yo tambi\u00e9n hice la mili en C\u00e1ceres&#8217;, <strong>Jes\u00fas Sol\u00eds<\/strong> publica la imagen que se encuentra sobre estas l\u00edneas, de <strong>voluntarios especiales<\/strong> que estaban<span style=\"font-size: 13px;\">\u00a0en la 2\u00aa Compa\u00f1\u00eda, en el quinto reemplazo de 1987, tras un ejercicio nocturno. Sol\u00eds comenta que eran 129 en la Compa\u00f1\u00eda y que estaban bajo las \u00f3rdenes del <strong>capit\u00e1n Molina<\/strong>.<\/span><\/p>\n<p>Otros voluntarios especiales que est\u00e1n en este grupo de facebook, son<strong> Juan Francisco Casasola Rico<\/strong> y <strong>Salvador Garc\u00eda Roso<\/strong>. \u00c9ste \u00faltimo deja este comentario: &#8220;<em>Buenas juergas en <strong>La Madrila<\/strong> en Caceres cuando nos daban permiso. Mis compis eran el <strong>Apa<\/strong>, <strong>Bromuro<\/strong>, <strong>El Moro<\/strong>, <strong>Calonge<\/strong>, <strong>Menor Rus<\/strong>, <strong>Iv\u00e1n<\/strong>, <strong>El Suizo<\/strong>, <strong>Madriles<\/strong>, <strong>Bragado<\/strong> etc etc. Me conoc\u00edan como <strong>Sally<\/strong>. Todos ten\u00edamos motes<\/em>&#8220;. Uno de los citados, Menor Rus, tambi\u00e9n conocido como &#8216;<strong>El Linares<\/strong>&#8216; comenta: &#8220;<em>A ver si alg\u00fan d\u00eda nos juntamos todos. Ser\u00eda extraordinario. Yo hice el periodo de instrucci\u00f3n en el CIR Centro de C\u00e1ceres, en la 2\u00aa Compa\u00f1\u00eda , desde el 9 de septiembre hasta el <strong>10 de noviembre de 1987<\/strong><\/em>&#8220;.<\/p>\n<p>En la 2\u00aa Compa\u00f1\u00eda, este mismo a\u00f1o, estuvo <strong>Jes\u00fas Barcina L\u00f3pez<\/strong> que publica la siguiente fotograf\u00eda suya en la entrada de la Compa\u00f1\u00eda.<\/p>\n<p>&nbsp;<\/p>\n<div id=\"attachment_895\" style=\"width: 452px\" class=\"wp-caption alignleft\"><a href=\"\/dicestudemili\/wp-content\/uploads\/sites\/57\/2013\/03\/1987Jes\u00fas-Barcina.jpg\"><img aria-describedby=\"caption-attachment-895\" loading=\"lazy\" class=\"wp-image-895  \" title=\"Jes\u00fas Barcina en la entrada de la 2\u00aa Compa\u00f1\u00eda.\" src=\"\/dicestudemili\/wp-content\/uploads\/sites\/57\/2013\/03\/1987Jes\u00fas-Barcina.jpg\" alt=\"Jes\u00fas Barcina en la entrada de la 2\u00aa Compa\u00f1\u00eda.\" width=\"442\" height=\"590\" srcset=\"https:\/\/static-blogs.hoy.es\/wp-content\/uploads\/sites\/57\/2013\/03\/1987Jes\u00fas-Barcina.jpg 1181w, https:\/\/static-blogs.hoy.es\/wp-content\/uploads\/sites\/57\/2013\/03\/1987Jes\u00fas-Barcina-225x300.jpg 225w, https:\/\/static-blogs.hoy.es\/wp-content\/uploads\/sites\/57\/2013\/03\/1987Jes\u00fas-Barcina-768x1024.jpg 768w\" sizes=\"(max-width: 442px) 100vw, 442px\" \/><\/a><p id=\"caption-attachment-895\" class=\"wp-caption-text\">Jes\u00fas Barcina en la entrada de la 2\u00aa Compa\u00f1\u00eda.<\/p><\/div>\n<p>&nbsp;<\/p>\n<p>&nbsp;<\/p>\n<p>&nbsp;<\/p>\n<p>&nbsp;<\/p>\n<p>&nbsp;<\/p>\n<p>&nbsp;<\/p>\n<p>&nbsp;<\/p>\n<p>&nbsp;<\/p>\n<p>&nbsp;<\/p>\n<p>&nbsp;<\/p>\n<p>&nbsp;<\/p>\n<p>&nbsp;<\/p>\n<p>&nbsp;<\/p>\n<p>&nbsp;<\/p>\n<p>&nbsp;<\/p>\n<p>&nbsp;<\/p>\n<p>&nbsp;<\/p>\n<p>&nbsp;<\/p>\n<p>&nbsp;<\/p>\n<p>&nbsp;<\/p>\n<p>&nbsp;<\/p>\n<p>&nbsp;<\/p>\n<p>&nbsp;<\/p>\n<p>&nbsp;<\/p>\n<p>En el mismo grupo de &#8216;Yo tambi\u00e9n hice la mili en C\u00e1ceres&#8217; se encuentra <strong>Jordi Caudet<\/strong> que escribe, &#8220;<em>Hola compa\u00f1eros de armas!!!, jaja, 2\u00ba del 87, 8\u00aa Compa\u00f1\u00eda. \u00bfOs acord\u00e1is del <strong>sargento C\u00e1ceres<\/strong>, el primero <strong>Gregorio G\u00f3mez<\/strong> y de <strong>tito Belisario<\/strong>? A \u00e9ste lo bautic\u00e9 yo as\u00ed, TITO, porque estaba m\u00e1s pendiente de nosotros que nuestras propias madres. Un saludo a todos los que sufrimos esa aventura. Que tiempos aquellos..<\/em>.&#8221;<\/p>\n<p>&nbsp;<\/p>\n<div id=\"attachment_896\" style=\"width: 673px\" class=\"wp-caption aligncenter\"><a href=\"\/dicestudemili\/wp-content\/uploads\/sites\/57\/2013\/03\/19872\u00aasecc-5\u00bare-de-FMMR.jpg\"><img aria-describedby=\"caption-attachment-896\" loading=\"lazy\" class=\" wp-image-896    \" title=\"Reclutas del quinto reemplazo de 1987.\" src=\"\/dicestudemili\/wp-content\/uploads\/sites\/57\/2013\/03\/19872\u00aasecc-5\u00bare-de-FMMR.jpg\" alt=\"Reclutas del quinto reemplazo de 1987.\" width=\"663\" height=\"437\" srcset=\"https:\/\/static-blogs.hoy.es\/wp-content\/uploads\/sites\/57\/2013\/03\/19872\u00aasecc-5\u00bare-de-FMMR.jpg 1417w, https:\/\/static-blogs.hoy.es\/wp-content\/uploads\/sites\/57\/2013\/03\/19872\u00aasecc-5\u00bare-de-FMMR-300x198.jpg 300w, https:\/\/static-blogs.hoy.es\/wp-content\/uploads\/sites\/57\/2013\/03\/19872\u00aasecc-5\u00bare-de-FMMR-768x507.jpg 768w, https:\/\/static-blogs.hoy.es\/wp-content\/uploads\/sites\/57\/2013\/03\/19872\u00aasecc-5\u00bare-de-FMMR-1024x676.jpg 1024w\" sizes=\"(max-width: 663px) 100vw, 663px\" \/><\/a><p id=\"caption-attachment-896\" class=\"wp-caption-text\">Reclutas del quinto reemplazo de 1987.<\/p><\/div>\n<p>&nbsp;<\/p>\n<p>En el blog <strong>Historias de El Pardo<\/strong>, se encuentra el siguiente comentario de un recluta de este a\u00f1o que no deja su nombre, &#8220;<span style=\"font-size: 13px;\"><em>yo estuve en la 5\u00aa Compa\u00f1ia en el 87, del segundo reemplazo. Me acuerdo del <strong>sargento Barroso<\/strong>, del <strong>comandante Mogoll\u00f3n Mogoll\u00f3n<\/strong> y de un alf\u00e9rez que era primo de la cantante de <strong>Mecano<\/strong>, el <strong>alf\u00e9rez Torroja<\/strong>, de la poller\u00eda, y sobre todo cuando por megafon\u00eda te llamaban a Correos que hab\u00eda un giro jajaja. En mayo jur\u00e9 bandera. Acab\u00e9 en Madrid, en la carretera de Andaluc\u00eda, en <strong>Mantenimiento de Sistemas Acorazados<\/strong>. \u00a1Qu\u00e9 tiempos! Un saludo a todos<\/em>&#8220;. Otro deja su correo por si alguien quiere contactar con \u00e9l, &#8220;<\/span><span style=\"font-size: 13px;\"><em>yo soy del 87\/6 en Santa Ana. Me llamo <strong>Jos\u00e9 Garc\u00eda Aiza<\/strong>, pellas1968@hotmail.com<\/em>&#8220;.<\/span><\/p>\n<p>En la p\u00e1gina web www.amigosdelamili.com, <strong>Jos\u00e9 Francisco Sierra Peula<\/strong>, del tercer llamamiento de 1987, comenta: &#8220;<em>Yo era de la 13\u00aa Compa\u00f1\u00eda, y aqu\u00ed estuvo con nosotros <strong>Maqueda<\/strong>, que era jugador del Real Madrid por aquellas fechas<\/em>&#8220;.<\/p>\n<p>&nbsp;<\/p>\n<div id=\"attachment_897\" style=\"width: 522px\" class=\"wp-caption aligncenter\"><a href=\"\/dicestudemili\/wp-content\/uploads\/sites\/57\/2013\/03\/1987maqueda-1.jpg\"><img aria-describedby=\"caption-attachment-897\" loading=\"lazy\" class=\" wp-image-897  \" title=\"Cromo de f\u00fatbol del jugador del Real Madrid, Maqueda.\" src=\"\/dicestudemili\/wp-content\/uploads\/sites\/57\/2013\/03\/1987maqueda-1.jpg\" alt=\"Cromo de f\u00fatbol del jugador del Real Madrid, Maqueda.\" width=\"512\" height=\"408\" srcset=\"https:\/\/static-blogs.hoy.es\/wp-content\/uploads\/sites\/57\/2013\/03\/1987maqueda-1.jpg 800w, https:\/\/static-blogs.hoy.es\/wp-content\/uploads\/sites\/57\/2013\/03\/1987maqueda-1-300x239.jpg 300w, https:\/\/static-blogs.hoy.es\/wp-content\/uploads\/sites\/57\/2013\/03\/1987maqueda-1-768x612.jpg 768w\" sizes=\"(max-width: 512px) 100vw, 512px\" \/><\/a><p id=\"caption-attachment-897\" class=\"wp-caption-text\">Cromo de f\u00fatbol del jugador del Real Madrid, Maqueda.<\/p><\/div>\n<p>&nbsp;<\/p>\n<p><strong>Juan Jos\u00e9 S\u00e1nchez Maqueda<\/strong>\u00a0naci\u00f3 en Madrid el <strong>23 de enero de 1969<\/strong>. Seg\u00fan datos de wikipedia, se form\u00f3 en las categor\u00edas inferiores del <strong>Real Madrid<\/strong>. En la temporada 1987\/88\u00a0debut\u00f3 con el primer equipo y ese a\u00f1o jug\u00f3 diez partidos y marc\u00f3 un gol. Sus apariciones continuar\u00edan al a\u00f1o siguiente con otros cinco encuentros. En este bienio, el equipo madridista gan\u00f3 dos Ligas\u00a0y una Copa del Rey.\u00a0<span style=\"font-size: 13px;\">En la temporada 1989\/90 se march\u00f3 cedido al <strong>CD Logro\u00f1\u00e9s<\/strong><\/span><span style=\"font-size: 13px;\">. De regreso al Real Madrid, cuaj\u00f3 una buena temporada con 24 encuentros. En 1992<\/span><span style=\"font-size: 13px;\">\u00a0sufri\u00f3 una grave lesi\u00f3n en el ligamento cruzado\u00a0<\/span><span style=\"font-size: 13px;\">de la rodilla que lo mantuvo a\u00f1o y medio apartado de los terrenos de juego.\u00a0<\/span><span style=\"font-size: 13px;\">Vuelve a la competici\u00f3n en 1994. Jug\u00f3 con <strong>el Castilla<\/strong>,<\/span><span style=\"font-size: 13px;\">\u00a0en Segunda Divisi\u00f3n, y es fichado por el <strong>Valencia CF<\/strong><\/span><span style=\"font-size: 13px;\">\u00a0donde apenas apareci\u00f3 en nueve encuentros<\/span><span style=\"font-size: 13px;\">. En la 1995\/96 recal\u00f3 en el <strong>Albacete Balompi\u00e9<\/strong><\/span><span style=\"font-size: 13px;\">.\u00a0<\/span><span style=\"font-size: 13px;\">A partir de 1996\u00a0<\/span><span style=\"font-size: 13px;\">su carrera entr\u00f3 en declive. Fich\u00f3 por el <strong>R\u00e1cing de Ferrol<\/strong> y el <strong>CF Fuenlabrada<\/strong>, ambos en Segunda B. En 1998 se march\u00f3 al <strong>CD Irapuato<\/strong> mexicano y en 1999 al <strong>Panionios GSS<\/strong> griego donde cuelga las botas en el a\u00f1o 2000<\/span><span style=\"font-size: 13px;\">.<\/span><\/p>\n<p>Tras retirarse como jugador, Maqueda sigui\u00f3 vinculado al mundo del f\u00fatbol en calidad de entrenador. En primer lugar dirigi\u00f3 al filial del club blanco, luego al <strong>Levante UD<\/strong>, el <strong>Celta de Vigo<\/strong><span style=\"font-size: 13px;\">\u00a0y <strong>el Castilla<\/strong>. En 2010 march\u00f3 a Ruman\u00eda a entrenar al <strong>FC Vaslui<\/strong>. En el 2011 fich\u00f3 como t\u00e9cnico del equipo egipcio <strong>Al-ittihad Al-Iskandary<\/strong><\/span><span style=\"font-size: 13px;\">\u00a0(en castellano\u00a0<\/span><em style=\"font-size: 13px;\">Uni\u00f3n de Alejandr\u00eda<\/em><span style=\"font-size: 13px;\">) que est\u00e1 en la Primera Divisi\u00f3n<\/span><span style=\"font-size: 13px;\">.<\/span><\/p>\n<p>&nbsp;<\/p>\n<p>&nbsp;<\/p>\n<!-- AddThis Advanced Settings generic via filter on the_content --><!-- AddThis Share Buttons generic via filter on the_content -->","protected":false},"excerpt":{"rendered":"<p>&nbsp; En facebook hay dos grupos formados por gente que ha hecho la mili en C\u00e1ceres. En el grupo &#8216;Yo tambi\u00e9n hice la mili en C\u00e1ceres&#8217;, Jes\u00fas Sol\u00eds publica la imagen que se encuentra sobre estas l\u00edneas, de voluntarios especiales que estaban\u00a0en la 2\u00aa Compa\u00f1\u00eda, en el quinto reemplazo de 1987, tras un ejercicio nocturno. [&hellip;]<!-- AddThis Advanced Settings generic via filter on get_the_excerpt --><!-- AddThis Share Buttons generic via filter on get_the_excerpt --><\/p>\n","protected":false},"author":52,"featured_media":0,"comment_status":"open","ping_status":"closed","sticky":false,"template":"","format":"standard","meta":[],"categories":[3],"tags":[55,256,348,579,647,657,661,680,681,725,732,829,999,1013,1016,1147,1186],"_links":{"self":[{"href":"https:\/\/blogs.hoy.es\/dicestudemili\/wp-json\/wp\/v2\/posts\/892"}],"collection":[{"href":"https:\/\/blogs.hoy.es\/dicestudemili\/wp-json\/wp\/v2\/posts"}],"about":[{"href":"https:\/\/blogs.hoy.es\/dicestudemili\/wp-json\/wp\/v2\/types\/post"}],"author":[{"embeddable":true,"href":"https:\/\/blogs.hoy.es\/dicestudemili\/wp-json\/wp\/v2\/users\/52"}],"replies":[{"embeddable":true,"href":"https:\/\/blogs.hoy.es\/dicestudemili\/wp-json\/wp\/v2\/comments?post=892"}],"version-history":[{"count":0,"href":"https:\/\/blogs.hoy.es\/dicestudemili\/wp-json\/wp\/v2\/posts\/892\/revisions"}],"wp:attachment":[{"href":"https:\/\/blogs.hoy.es\/dicestudemili\/wp-json\/wp\/v2\/media?parent=892"}],"wp:term":[{"taxonomy":"category","embeddable":true,"href":"https:\/\/blogs.hoy.es\/dicestudemili\/wp-json\/wp\/v2\/categories?post=892"},{"taxonomy":"post_tag","embeddable":true,"href":"https:\/\/blogs.hoy.es\/dicestudemili\/wp-json\/wp\/v2\/tags?post=892"}],"curies":[{"name":"wp","href":"https:\/\/api.w.org\/{rel}","templated":true}]}}