{"id":90,"date":"2012-11-18T08:29:12","date_gmt":"2012-11-18T08:29:12","guid":{"rendered":"http:\/\/blogs.hoy.es\/dicestudemili\/?p=90"},"modified":"2012-11-18T08:29:12","modified_gmt":"2012-11-18T08:29:12","slug":"desde-finito-de-cordoba-a-don-algodon","status":"publish","type":"post","link":"https:\/\/blogs.hoy.es\/dicestudemili\/2012\/11\/18\/desde-finito-de-cordoba-a-don-algodon\/","title":{"rendered":"Desde Finito de C\u00f3rdoba a &#039;Don Algod\u00f3n&#039;"},"content":{"rendered":"<p>Entre los famosos que se vistieron de caqui en C\u00e1ceres se encuentran, adem\u00e1s de <strong>Felipe Gonz\u00e1lez<\/strong>, gente como el torero <strong>Finito de C\u00f3rdoba<\/strong>, los jugadores de f\u00fatbol <strong>Gallego<\/strong> y <strong>Maqueda<\/strong>, el cantante <strong>Jos\u00e9 Luis Perales<\/strong> y el empresario <strong>Jos\u00e9 Barroso<\/strong>, conocido como &#8216;Don Algod\u00f3n&#8217;.<\/p>\n<p><strong>Don Algod\u00f3n<\/strong> jur\u00f3 bandera en C\u00e1ceres el 16 de marzo de 1986, entre otros 1.852 soldados.<\/p>\n<div id=\"attachment_91\" style=\"width: 605px\" class=\"wp-caption aligncenter\"><a href=\"\/dicestudemili\/wp-content\/uploads\/sites\/57\/2012\/11\/Don-Algod\u00f3n-copia.jpg\"><img aria-describedby=\"caption-attachment-91\" loading=\"lazy\" class=\" wp-image-91 \" title=\"'Don Algod\u00f3n' en la jura de bandera.\" src=\"\/dicestudemili\/wp-content\/uploads\/sites\/57\/2012\/11\/Don-Algod\u00f3n-copia.jpg\" alt=\"'Don Algod\u00f3n' en la jura de bandera.\" width=\"595\" height=\"359\" srcset=\"https:\/\/static-blogs.hoy.es\/wp-content\/uploads\/sites\/57\/2012\/11\/Don-Algod\u00f3n-copia.jpg 850w, https:\/\/static-blogs.hoy.es\/wp-content\/uploads\/sites\/57\/2012\/11\/Don-Algod\u00f3n-copia-300x181.jpg 300w, https:\/\/static-blogs.hoy.es\/wp-content\/uploads\/sites\/57\/2012\/11\/Don-Algod\u00f3n-copia-768x464.jpg 768w\" sizes=\"(max-width: 595px) 100vw, 595px\" \/><\/a><p id=\"caption-attachment-91\" class=\"wp-caption-text\">&#39;Don Algod\u00f3n&#39; en la jura de bandera.<\/p><\/div>\n<!-- AddThis Advanced Settings generic via filter on the_content --><!-- AddThis Share Buttons generic via filter on the_content -->","protected":false},"excerpt":{"rendered":"<p>Entre los famosos que se vistieron de caqui en C\u00e1ceres se encuentran, adem\u00e1s de Felipe Gonz\u00e1lez, gente como el torero Finito de C\u00f3rdoba, los jugadores de f\u00fatbol Gallego y Maqueda, el cantante Jos\u00e9 Luis Perales y el empresario Jos\u00e9 Barroso, conocido como &#8216;Don Algod\u00f3n&#8217;. Don Algod\u00f3n jur\u00f3 bandera en C\u00e1ceres el 16 de marzo de [&hellip;]<!-- AddThis Advanced Settings generic via filter on get_the_excerpt --><!-- AddThis Share Buttons generic via filter on get_the_excerpt --><\/p>\n","protected":false},"author":52,"featured_media":0,"comment_status":"open","ping_status":"closed","sticky":false,"template":"","format":"standard","meta":[],"categories":[2],"tags":[442,515,549,676,692,800],"_links":{"self":[{"href":"https:\/\/blogs.hoy.es\/dicestudemili\/wp-json\/wp\/v2\/posts\/90"}],"collection":[{"href":"https:\/\/blogs.hoy.es\/dicestudemili\/wp-json\/wp\/v2\/posts"}],"about":[{"href":"https:\/\/blogs.hoy.es\/dicestudemili\/wp-json\/wp\/v2\/types\/post"}],"author":[{"embeddable":true,"href":"https:\/\/blogs.hoy.es\/dicestudemili\/wp-json\/wp\/v2\/users\/52"}],"replies":[{"embeddable":true,"href":"https:\/\/blogs.hoy.es\/dicestudemili\/wp-json\/wp\/v2\/comments?post=90"}],"version-history":[{"count":0,"href":"https:\/\/blogs.hoy.es\/dicestudemili\/wp-json\/wp\/v2\/posts\/90\/revisions"}],"wp:attachment":[{"href":"https:\/\/blogs.hoy.es\/dicestudemili\/wp-json\/wp\/v2\/media?parent=90"}],"wp:term":[{"taxonomy":"category","embeddable":true,"href":"https:\/\/blogs.hoy.es\/dicestudemili\/wp-json\/wp\/v2\/categories?post=90"},{"taxonomy":"post_tag","embeddable":true,"href":"https:\/\/blogs.hoy.es\/dicestudemili\/wp-json\/wp\/v2\/tags?post=90"}],"curies":[{"name":"wp","href":"https:\/\/api.w.org\/{rel}","templated":true}]}}