{"id":901,"date":"2013-03-29T07:36:29","date_gmt":"2013-03-29T07:36:29","guid":{"rendered":"http:\/\/blogs.hoy.es\/dicestudemili\/?p=901"},"modified":"2013-03-29T07:36:29","modified_gmt":"2013-03-29T07:36:29","slug":"el-cantante-jose-luis-perales-fue-de-los-primeros-reclutas-de-caceres","status":"publish","type":"post","link":"https:\/\/blogs.hoy.es\/dicestudemili\/2013\/03\/29\/el-cantante-jose-luis-perales-fue-de-los-primeros-reclutas-de-caceres\/","title":{"rendered":"El cantante Jos\u00e9 Luis Perales fue de los primeros reclutas de C\u00e1ceres"},"content":{"rendered":"<div id=\"attachment_902\" style=\"width: 483px\" class=\"wp-caption aligncenter\"><a href=\"\/dicestudemili\/wp-content\/uploads\/sites\/57\/2013\/03\/foto3g.jpg\"><img aria-describedby=\"caption-attachment-902\" loading=\"lazy\" class=\" wp-image-902   \" title=\"El cantante con su primera guitarra cuando ten\u00eda alrededor de 20 a\u00f1os.\" src=\"\/dicestudemili\/wp-content\/uploads\/sites\/57\/2013\/03\/foto3g.jpg\" alt=\"El cantante con su primera guitarra cuando ten\u00eda alrededor de 20 a\u00f1os.\" width=\"473\" height=\"664\" \/><\/a><p id=\"caption-attachment-902\" class=\"wp-caption-text\">El cantante con su primera guitarra cuando ten\u00eda alrededor de 20 a\u00f1os.<\/p><\/div>\n<p>&nbsp;<\/p>\n<p>Nacido el <strong>18 de enero de 1945<\/strong> en <strong>Castej\u00f3n<\/strong>, un peque\u00f1o pueblo de la provincia de Cuenca,<strong> Jos\u00e9 Luis Perales Morillas<\/strong> fue de los primeros reclutas que se formaron en el CIR de C\u00e1ceres, que se abri\u00f3 en 1964, cuando \u00e9l ten\u00eda 19 a\u00f1os.<\/p>\n<p>Los j\u00f3venes de la provincia de Cuenca sol\u00edan recibir la instrucci\u00f3n militar en esta ciudad. En <strong>1987<\/strong>, entre los actos que comprendieron la jura de bandera del <strong>15 de noviembre<\/strong>, se encontraba el descubrir una placa del <strong>Ayuntamiento de Cuenca<\/strong>, que seg\u00fan las noticias que se publicaron fue donada al CIR, &#8220;<em>como signo de agradecimiento por los soldados que se formaron en C\u00e1ceres<\/em>&#8220;, destacando que entre ellos estaba el cantante Jos\u00e9 Luis Perales, que tras jurar bandera hizo el servicio militar en Madrid. Precisamente en 1987, en el mes de julio, el cantante actu\u00f3 en C\u00e1ceres y en una entrevista que concedi\u00f3 a HOY record\u00f3 el fr\u00edo que hab\u00eda pasado en el <strong>Campamento Santa Ana<\/strong>.<\/p>\n<p>&nbsp;<\/p>\n<div id=\"attachment_904\" style=\"width: 558px\" class=\"wp-caption aligncenter\"><a href=\"\/dicestudemili\/wp-content\/uploads\/sites\/57\/2013\/03\/19872.jpg\"><img aria-describedby=\"caption-attachment-904\" loading=\"lazy\" class=\" wp-image-904  \" title=\"Noticia del Diario HOY, con la informaci\u00f3n de la placa de Cuenca en el subt\u00edtulo.\" src=\"\/dicestudemili\/wp-content\/uploads\/sites\/57\/2013\/03\/19872.jpg\" alt=\"Noticia del Diario HOY, con la informaci\u00f3n de la placa de Cuenca en el subt\u00edtulo.\" width=\"548\" height=\"369\" srcset=\"https:\/\/static-blogs.hoy.es\/wp-content\/uploads\/sites\/57\/2013\/03\/19872.jpg 761w, https:\/\/static-blogs.hoy.es\/wp-content\/uploads\/sites\/57\/2013\/03\/19872-300x202.jpg 300w\" sizes=\"(max-width: 548px) 100vw, 548px\" \/><\/a><p id=\"caption-attachment-904\" class=\"wp-caption-text\">Noticia del Diario HOY de 1987, con la informaci\u00f3n de la placa de Cuenca en el subt\u00edtulo.<\/p><\/div>\n<p>&nbsp;<\/p>\n<p>Seg\u00fan cuenta Jos\u00e9 Luis Perales en su p\u00e1gina web <strong>www.joseluisperales.net<\/strong> (de donde son las im\u00e1genes de \u00e9l publicadas aqu\u00ed), a los 13 a\u00f1os sali\u00f3 de su pueblo para estudiar electr\u00f3nica en la <strong>Universidad Laboral de Sevilla<\/strong>, en donde estuvo becado hasta los 19 a\u00f1os. Aqu\u00ed form\u00f3 el grupo musical <strong>The Lunic Boys<\/strong>. Ellos mismos se fabricaban las guitarras en los talleres de la Universidad Laboral.<\/p>\n<p>&nbsp;<\/p>\n<div id=\"attachment_905\" style=\"width: 534px\" class=\"wp-caption alignleft\"><a href=\"\/dicestudemili\/wp-content\/uploads\/sites\/57\/2013\/03\/foto7g.jpg\"><img aria-describedby=\"caption-attachment-905\" loading=\"lazy\" class=\" wp-image-905   \" title=\"En la Universidad Laboral de Sevilla.\" src=\"\/dicestudemili\/wp-content\/uploads\/sites\/57\/2013\/03\/foto7g.jpg\" alt=\"En la Universidad Laboral de Sevilla.\" width=\"524\" height=\"370\" srcset=\"https:\/\/static-blogs.hoy.es\/wp-content\/uploads\/sites\/57\/2013\/03\/foto7g.jpg 1164w, https:\/\/static-blogs.hoy.es\/wp-content\/uploads\/sites\/57\/2013\/03\/foto7g-300x212.jpg 300w, https:\/\/static-blogs.hoy.es\/wp-content\/uploads\/sites\/57\/2013\/03\/foto7g-768x544.jpg 768w, https:\/\/static-blogs.hoy.es\/wp-content\/uploads\/sites\/57\/2013\/03\/foto7g-1024x725.jpg 1024w\" sizes=\"(max-width: 524px) 100vw, 524px\" \/><\/a><p id=\"caption-attachment-905\" class=\"wp-caption-text\">En la Universidad Laboral de Sevilla.<\/p><\/div>\n<p>&nbsp;<\/p>\n<p>&nbsp;<\/p>\n<p>&nbsp;<\/p>\n<p>&nbsp;<\/p>\n<p>&nbsp;<\/p>\n<p>&nbsp;<\/p>\n<p>&nbsp;<\/p>\n<p>&nbsp;<\/p>\n<p>&nbsp;<\/p>\n<p>&nbsp;<\/p>\n<p>&nbsp;<\/p>\n<p>&nbsp;<\/p>\n<p>&nbsp;<\/p>\n<p>&nbsp;<\/p>\n<p>&nbsp;<\/p>\n<p>&nbsp;<\/p>\n<p>En Madrid comenz\u00f3 a trabajar de delineante en una empresa del <strong>Instituto Nacional de Industria<\/strong> (INI) mientras se dedicaba a componer canciones. A los 25 a\u00f1os conoce al productor discogr\u00e1fico <strong>Rafael Trabucchelli<\/strong> que le propone que, adem\u00e1s de componer, se suba a los escenarios haci\u00e9ndolo a los 28 a\u00f1os. Fue por entonces cuando comenz\u00f3 a ser famoso como compositor tras el triunfo de <strong>Jeanette<\/strong> con su canci\u00f3n &#8216;Porque te vas&#8217;.<\/p>\n<p>Perales tiene m\u00e1s de 450 canciones registradas en la <strong>Sociedad General de Autores de Espa\u00f1a<\/strong> (SGAE). Ha compuesto canciones como &#8216;Amor de hombre&#8217; para <strong>Mocedades<\/strong>, &#8216;Marinero de luces&#8217; y &#8216;Se me enamora el alma&#8217; para <strong>Isabel Pantoja<\/strong>, adem\u00e1s de temas para <strong>Miguel Bos\u00e9<\/strong>, <strong>Raphael<\/strong>, <strong>Julio Iglesias<\/strong>, <strong>Roc\u00edo Jurado<\/strong> o m\u00e1s recientemente <strong>Rosa L\u00f3pez<\/strong>.<\/p>\n<p>Como cantante ha vendido m\u00e1s de 50 millones de discos en todo el mundo. Tiene unos 100 discos de oro y platino. Entre sus canciones m\u00e1s conocidas est\u00e1n: &#8216;\u00bfY c\u00f3mo es \u00e9l?, &#8216;Un velero llamado libertad&#8217; o &#8216;Que canten los ni\u00f1os&#8217;, cuyos derechos ha cedido a la organizaci\u00f3n <strong>Aldeas Infantiles<\/strong>. El <strong>24 de abril de 2012<\/strong> sali\u00f3 a la venta su \u00faltimo disco: &#8216;Calle soledad&#8217;.<\/p>\n<p>&nbsp;<\/p>\n<div id=\"attachment_906\" style=\"width: 693px\" class=\"wp-caption alignleft\"><a href=\"\/dicestudemili\/wp-content\/uploads\/sites\/57\/2013\/03\/foto9g.jpg\"><img aria-describedby=\"caption-attachment-906\" loading=\"lazy\" class=\" wp-image-906   \" title=\"Perales cuando comenzaba su carrera como cantante.\" src=\"\/dicestudemili\/wp-content\/uploads\/sites\/57\/2013\/03\/foto9g.jpg\" alt=\"Perales cuando comenzaba su carrera como cantante.\" width=\"683\" height=\"442\" srcset=\"https:\/\/static-blogs.hoy.es\/wp-content\/uploads\/sites\/57\/2013\/03\/foto9g.jpg 937w, https:\/\/static-blogs.hoy.es\/wp-content\/uploads\/sites\/57\/2013\/03\/foto9g-300x194.jpg 300w, https:\/\/static-blogs.hoy.es\/wp-content\/uploads\/sites\/57\/2013\/03\/foto9g-768x497.jpg 768w\" sizes=\"(max-width: 683px) 100vw, 683px\" \/><\/a><p id=\"caption-attachment-906\" class=\"wp-caption-text\">Jos\u00e9 Luis Perales cuando comenzaba su carrera como cantante.<\/p><\/div>\n<p>&nbsp;<\/p>\n<p>&nbsp;<\/p>\n<p>&nbsp;<\/p>\n<!-- AddThis Advanced Settings generic via filter on the_content --><!-- AddThis Share Buttons generic via filter on the_content -->","protected":false},"excerpt":{"rendered":"<p>&nbsp; Nacido el 18 de enero de 1945 en Castej\u00f3n, un peque\u00f1o pueblo de la provincia de Cuenca, Jos\u00e9 Luis Perales Morillas fue de los primeros reclutas que se formaron en el CIR de C\u00e1ceres, que se abri\u00f3 en 1964, cuando \u00e9l ten\u00eda 19 a\u00f1os. Los j\u00f3venes de la provincia de Cuenca sol\u00edan recibir la [&hellip;]<!-- AddThis Advanced Settings generic via filter on get_the_excerpt --><!-- AddThis Share Buttons generic via filter on get_the_excerpt --><\/p>\n","protected":false},"author":52,"featured_media":0,"comment_status":"open","ping_status":"closed","sticky":false,"template":"","format":"standard","meta":[],"categories":[2],"tags":[120,298,394,692,951,1140,1164],"_links":{"self":[{"href":"https:\/\/blogs.hoy.es\/dicestudemili\/wp-json\/wp\/v2\/posts\/901"}],"collection":[{"href":"https:\/\/blogs.hoy.es\/dicestudemili\/wp-json\/wp\/v2\/posts"}],"about":[{"href":"https:\/\/blogs.hoy.es\/dicestudemili\/wp-json\/wp\/v2\/types\/post"}],"author":[{"embeddable":true,"href":"https:\/\/blogs.hoy.es\/dicestudemili\/wp-json\/wp\/v2\/users\/52"}],"replies":[{"embeddable":true,"href":"https:\/\/blogs.hoy.es\/dicestudemili\/wp-json\/wp\/v2\/comments?post=901"}],"version-history":[{"count":0,"href":"https:\/\/blogs.hoy.es\/dicestudemili\/wp-json\/wp\/v2\/posts\/901\/revisions"}],"wp:attachment":[{"href":"https:\/\/blogs.hoy.es\/dicestudemili\/wp-json\/wp\/v2\/media?parent=901"}],"wp:term":[{"taxonomy":"category","embeddable":true,"href":"https:\/\/blogs.hoy.es\/dicestudemili\/wp-json\/wp\/v2\/categories?post=901"},{"taxonomy":"post_tag","embeddable":true,"href":"https:\/\/blogs.hoy.es\/dicestudemili\/wp-json\/wp\/v2\/tags?post=901"}],"curies":[{"name":"wp","href":"https:\/\/api.w.org\/{rel}","templated":true}]}}