{"id":912,"date":"2013-03-31T17:55:09","date_gmt":"2013-03-31T17:55:09","guid":{"rendered":"http:\/\/blogs.hoy.es\/dicestudemili\/?p=912"},"modified":"2013-03-31T17:55:09","modified_gmt":"2013-03-31T17:55:09","slug":"1988-1-la-primera-mujer-que-jura-bandera-en-caceres","status":"publish","type":"post","link":"https:\/\/blogs.hoy.es\/dicestudemili\/2013\/03\/31\/1988-1-la-primera-mujer-que-jura-bandera-en-caceres\/","title":{"rendered":"1988 (1): Concepci\u00f3n Barrera, la primera mujer que jura bandera en C\u00e1ceres"},"content":{"rendered":"<div id=\"attachment_913\" style=\"width: 648px\" class=\"wp-caption aligncenter\"><a href=\"\/dicestudemili\/wp-content\/uploads\/sites\/57\/2013\/03\/1-mujer.jpg\"><img aria-describedby=\"caption-attachment-913\" loading=\"lazy\" class=\" wp-image-913 \" title=\"Noticia de portada del Diario HOY del 11 de marzo de 1988.\" src=\"\/dicestudemili\/wp-content\/uploads\/sites\/57\/2013\/03\/1-mujer.jpg\" alt=\"Noticia de portada del Diario HOY del 11 de marzo de 1988.\" width=\"638\" height=\"545\" srcset=\"https:\/\/static-blogs.hoy.es\/wp-content\/uploads\/sites\/57\/2013\/03\/1-mujer.jpg 709w, https:\/\/static-blogs.hoy.es\/wp-content\/uploads\/sites\/57\/2013\/03\/1-mujer-300x256.jpg 300w\" sizes=\"(max-width: 638px) 100vw, 638px\" \/><\/a><p id=\"caption-attachment-913\" class=\"wp-caption-text\">Noticia de portada del Diario HOY del 11 de marzo de 1988.<\/p><\/div>\n<p>&nbsp;<\/p>\n<p>En el a\u00f1o 1988 no era normal ver a una mujer participar en un acto militar; por ese motivo fue noticia de primera p\u00e1gina del Diario HOY, que <strong>Concepci\u00f3n Barrera D\u00edaz<\/strong> participara en la jura de bandera que tuvo lugar en C\u00e1ceres el <strong>10 de marzo<\/strong>. La que fue la primera mujer en jurar bandera en el CIR de C\u00e1ceres ten\u00eda 58 a\u00f1os, era natural de Toledo y vecina de Madrid. Acompa\u00f1\u00f3 en el acto militar a su hijo <strong>Juan Manuel Bermejo Barrera<\/strong>, recluta de la sexta Compa\u00f1\u00eda. Concepci\u00f3n Barrera declar\u00f3 a HOY que hab\u00eda escrito al coronel de C\u00e1ceres pidi\u00e9ndole que le permitiera jurar la bandera con su hijo, y el coronel se lo concedi\u00f3.<\/p>\n<p>Dos meses despu\u00e9s, el <strong>15 de mayo de 1988<\/strong>; ya no fue una, sino tres las mujeres que participaron en la jura de bandera y la noticia tambi\u00e9n sali\u00f3 en la primera p\u00e1gina de HOY.<\/p>\n<p>&nbsp;<\/p>\n<div id=\"attachment_915\" style=\"width: 622px\" class=\"wp-caption alignleft\"><a href=\"\/dicestudemili\/wp-content\/uploads\/sites\/57\/2013\/03\/2tres-mujeresjpg.jpg\"><img aria-describedby=\"caption-attachment-915\" loading=\"lazy\" class=\" wp-image-915  \" title=\"Noticia de portada del Diario HOY del 16 de mayo de 1988.\" src=\"\/dicestudemili\/wp-content\/uploads\/sites\/57\/2013\/03\/2tres-mujeresjpg.jpg\" alt=\"Noticia de portada del Diario HOY del 16 de mayo de 1988.\" width=\"612\" height=\"357\" srcset=\"https:\/\/static-blogs.hoy.es\/wp-content\/uploads\/sites\/57\/2013\/03\/2tres-mujeresjpg.jpg 850w, https:\/\/static-blogs.hoy.es\/wp-content\/uploads\/sites\/57\/2013\/03\/2tres-mujeresjpg-300x175.jpg 300w, https:\/\/static-blogs.hoy.es\/wp-content\/uploads\/sites\/57\/2013\/03\/2tres-mujeresjpg-768x448.jpg 768w\" sizes=\"(max-width: 612px) 100vw, 612px\" \/><\/a><p id=\"caption-attachment-915\" class=\"wp-caption-text\">Noticia de portada del Diario HOY del 16 de mayo de 1988.<\/p><\/div>\n<p>&nbsp;<\/p>\n<p>&nbsp;<\/p>\n<p>&nbsp;<\/p>\n<p>&nbsp;<\/p>\n<p>&nbsp;<\/p>\n<p>&nbsp;<\/p>\n<p>&nbsp;<\/p>\n<p>&nbsp;<\/p>\n<p>&nbsp;<\/p>\n<p>&nbsp;<\/p>\n<p>&nbsp;<\/p>\n<p>&nbsp;<\/p>\n<p>&nbsp;<\/p>\n<p>&nbsp;<\/p>\n<p>&nbsp;<\/p>\n<p>En este a\u00f1o volvi\u00f3 a extenderse el rumor del cierre del CIR de C\u00e1ceres, y ya era la tercera vez en la historia del centro de instrucci\u00f3n. El <strong>18 de enero<\/strong> la <strong>agencia Efe<\/strong> anunciaba que iban a desaperecer los CIR, ya que los j\u00f3venes recibir\u00edan la formaci\u00f3n militar en la unidad en la que iban a cumplir el servicio militar. <strong>Felipe Camis\u00f3n<\/strong>, diputado de <strong>Alianza Popular<\/strong> por C\u00e1ceres, pregunt\u00f3 al Gobierno los prop\u00f3sitos que ten\u00eda respecto al CIR de C\u00e1ceres, y sobre el futuro de las instalaciones militares en Plasencia: un batall\u00f3n desplazado a las \u00f3rdenes del coronel de C\u00e1ceres.<\/p>\n<p>El Gobierno le confirm\u00f3 la permanencia del CIR de C\u00e1ceres y el de C\u00e1diz. Tambi\u00e9n anunciaba que en un plazo de dos a\u00f1os se trasladar\u00eda el batall\u00f3n del CIR en Plasencia a la ciudad de C\u00e1ceres, &#8220;<em>con el objetivo de reunir la totalidad del CIR-Centro en C\u00e1ceres<\/em>&#8220;.<\/p>\n<p>&nbsp;<\/p>\n<!-- AddThis Advanced Settings generic via filter on the_content --><!-- AddThis Share Buttons generic via filter on the_content -->","protected":false},"excerpt":{"rendered":"<p>&nbsp; En el a\u00f1o 1988 no era normal ver a una mujer participar en un acto militar; por ese motivo fue noticia de primera p\u00e1gina del Diario HOY, que Concepci\u00f3n Barrera D\u00edaz participara en la jura de bandera que tuvo lugar en C\u00e1ceres el 10 de marzo. La que fue la primera mujer en jurar [&hellip;]<!-- AddThis Advanced Settings generic via filter on get_the_excerpt --><!-- AddThis Share Buttons generic via filter on get_the_excerpt --><\/p>\n","protected":false},"author":52,"featured_media":0,"comment_status":"open","ping_status":"closed","sticky":false,"template":"","format":"standard","meta":[],"categories":[3],"tags":[357,493,733],"_links":{"self":[{"href":"https:\/\/blogs.hoy.es\/dicestudemili\/wp-json\/wp\/v2\/posts\/912"}],"collection":[{"href":"https:\/\/blogs.hoy.es\/dicestudemili\/wp-json\/wp\/v2\/posts"}],"about":[{"href":"https:\/\/blogs.hoy.es\/dicestudemili\/wp-json\/wp\/v2\/types\/post"}],"author":[{"embeddable":true,"href":"https:\/\/blogs.hoy.es\/dicestudemili\/wp-json\/wp\/v2\/users\/52"}],"replies":[{"embeddable":true,"href":"https:\/\/blogs.hoy.es\/dicestudemili\/wp-json\/wp\/v2\/comments?post=912"}],"version-history":[{"count":0,"href":"https:\/\/blogs.hoy.es\/dicestudemili\/wp-json\/wp\/v2\/posts\/912\/revisions"}],"wp:attachment":[{"href":"https:\/\/blogs.hoy.es\/dicestudemili\/wp-json\/wp\/v2\/media?parent=912"}],"wp:term":[{"taxonomy":"category","embeddable":true,"href":"https:\/\/blogs.hoy.es\/dicestudemili\/wp-json\/wp\/v2\/categories?post=912"},{"taxonomy":"post_tag","embeddable":true,"href":"https:\/\/blogs.hoy.es\/dicestudemili\/wp-json\/wp\/v2\/tags?post=912"}],"curies":[{"name":"wp","href":"https:\/\/api.w.org\/{rel}","templated":true}]}}