{"id":919,"date":"2013-04-03T07:36:41","date_gmt":"2013-04-03T07:36:41","guid":{"rendered":"http:\/\/blogs.hoy.es\/dicestudemili\/?p=919"},"modified":"2013-04-03T07:36:41","modified_gmt":"2013-04-03T07:36:41","slug":"1988-2-los-veteranos-de-sidi-ifni-y-las-lagrimas-de-urtain","status":"publish","type":"post","link":"https:\/\/blogs.hoy.es\/dicestudemili\/2013\/04\/03\/1988-2-los-veteranos-de-sidi-ifni-y-las-lagrimas-de-urtain\/","title":{"rendered":"1988 (2): Los veteranos de Sidi-Ifni y las l\u00e1grimas de Urtain"},"content":{"rendered":"<div id=\"attachment_920\" style=\"width: 622px\" class=\"wp-caption aligncenter\"><a href=\"\/dicestudemili\/wp-content\/uploads\/sites\/57\/2013\/04\/1988-sidiifnijpg.jpg\"><img aria-describedby=\"caption-attachment-920\" loading=\"lazy\" class=\" wp-image-920  \" title=\"Noticia, en el Diario HOY, de los que fueron a Sidi-Ifni en 1958 jurando bandera otra vez.\" src=\"\/dicestudemili\/wp-content\/uploads\/sites\/57\/2013\/04\/1988-sidiifnijpg.jpg\" alt=\"Noticia, en el Diario HOY, de los que fueron a Sidi-Ifni en 1958 jurando bandera otra vez\" width=\"612\" height=\"639\" srcset=\"https:\/\/static-blogs.hoy.es\/wp-content\/uploads\/sites\/57\/2013\/04\/1988-sidiifnijpg.jpg 850w, https:\/\/static-blogs.hoy.es\/wp-content\/uploads\/sites\/57\/2013\/04\/1988-sidiifnijpg-287x300.jpg 287w, https:\/\/static-blogs.hoy.es\/wp-content\/uploads\/sites\/57\/2013\/04\/1988-sidiifnijpg-768x802.jpg 768w\" sizes=\"(max-width: 612px) 100vw, 612px\" \/><\/a><p id=\"caption-attachment-920\" class=\"wp-caption-text\">Noticia de los que fueron a Sidi-Ifni en 1958 y juraron bandera otra vez. El tercero por la izquierda es Teodoro Casado.<\/p><\/div>\n<p>&nbsp;<\/p>\n<p>En la jura de bandera de <strong>noviembre de 1988<\/strong>, se produjo un hecho singular: Hubo 20 hombres que volvieron a desfilar ante la Bandera como lo hicieron 30 a\u00f1os antes cuando fueron destinados a <strong>Sidi-Ifni<\/strong>. En la rese\u00f1a informativa del <strong>Diario HOY<\/strong>, el periodista <strong>Fernando Garc\u00eda Morales<\/strong> escrib\u00eda: &#8220;<em>Entre la veintena de veteranos de Sidi-Ifni que lograron reunirse, figuraba gente tan conocida como el concejal <strong>Teodoro Casado<\/strong> y nuestro reportero gr\u00e1fico <strong>Fernando Garc\u00eda M\u00fa\u00f1ez<\/strong>. Ni que decir tiene que estos veteranos est\u00e1n con menos pelo y m\u00e1s barriga que en el a\u00f1o 58, pero con iguales ilusiones que entonces, por lo que desfilaron con gran marcialidad. Hubo un caso curioso, cual fue que se agreg\u00f3 voluntariamente a ellos, tambi\u00e9n para jurar bandera, el vendedor de la ONCE <strong>\u00c1ngel Cedillo<\/strong>, conocido popularmente por <strong>Urtain<\/strong>, que estaba sumamente emocionado<\/em>&#8220;.<\/p>\n<p>Cuando estos cacere\u00f1os fueron a Sidi-Ifni estaban los rescoldos de la que es llamada la guerra olvidada de Espa\u00f1a, ya que oficialmente no se quiso dar mucha publicidad al conflicto que Espa\u00f1a tuvo Marruecos en 1957 y 1958,\u00a0una contienda que caus\u00f3 a Espa\u00f1a 119 muertos, 73 heridos y 80 desaparecidos. Para animar a las tropas, <strong>Gila<\/strong> y <strong>Carmen Sevilla<\/strong> acudieron a Sidi-Ifni.<\/p>\n<p>&nbsp;<\/p>\n<div id=\"attachment_922\" style=\"width: 673px\" class=\"wp-caption aligncenter\"><a href=\"\/dicestudemili\/wp-content\/uploads\/sites\/57\/2013\/04\/ifni-carmen-sevilla.jpg\"><img aria-describedby=\"caption-attachment-922\" loading=\"lazy\" class=\" wp-image-922   \" title=\"Carmen Sevilla a lo Marilyn Monroe en Sidi-Ifni.\" src=\"\/dicestudemili\/wp-content\/uploads\/sites\/57\/2013\/04\/ifni-carmen-sevilla.jpg\" alt=\"Carmen Sevilla a lo Marilyn Monroe en Sidi-Ifni.\" width=\"663\" height=\"361\" \/><\/a><p id=\"caption-attachment-922\" class=\"wp-caption-text\">Carmen Sevilla a lo Marilyn Monroe en Sidi-Ifni.<\/p><\/div>\n<p>&nbsp;<\/p>\n<p>Volviendo a la tranquilidad de C\u00e1ceres en 1988, en esta \u00e9poca se tom\u00f3 como costumbre por parte de la <strong>Corporaci\u00f3n Municipal<\/strong> el agasajar a una representaci\u00f3n de los nuevos reclutas que acud\u00edan en cada reemplazo. Se invitaba a medio centenar de ellos a que acudieran al sal\u00f3n de Plenos y despu\u00e9s de las palabras del alcalde y del coronel les daban un refrigerio, adem\u00e1s de planos de la Ciudad Monumental. En esta imagen se encuentran parte de los agasajados el <strong>13 de octubre de 1988<\/strong>. Son del quinto reemplazo, que trajo a C\u00e1ceres a 1.700 reclutas.<\/p>\n<p>&nbsp;<\/p>\n<div id=\"attachment_923\" style=\"width: 630px\" class=\"wp-caption aligncenter\"><a href=\"\/dicestudemili\/wp-content\/uploads\/sites\/57\/2013\/04\/1988-visitajpg.jpg\"><img aria-describedby=\"caption-attachment-923\" loading=\"lazy\" class=\" wp-image-923   \" title=\"Imagen publicada en HOY de los reclutas agasajados por el Ayuntamiento.\" src=\"\/dicestudemili\/wp-content\/uploads\/sites\/57\/2013\/04\/1988-visitajpg.jpg\" alt=\"Imagen publicada en HOY de los reclutas agasajados por el Ayuntamiento.\" width=\"620\" height=\"361\" srcset=\"https:\/\/static-blogs.hoy.es\/wp-content\/uploads\/sites\/57\/2013\/04\/1988-visitajpg.jpg 850w, https:\/\/static-blogs.hoy.es\/wp-content\/uploads\/sites\/57\/2013\/04\/1988-visitajpg-300x175.jpg 300w, https:\/\/static-blogs.hoy.es\/wp-content\/uploads\/sites\/57\/2013\/04\/1988-visitajpg-768x448.jpg 768w\" sizes=\"(max-width: 620px) 100vw, 620px\" \/><\/a><p id=\"caption-attachment-923\" class=\"wp-caption-text\">Imagen publicada en HOY de los reclutas agasajados por el Ayuntamiento.<\/p><\/div>\n<p>&nbsp;<\/p>\n<p>C\u00e1ceres era la ciudad extreme\u00f1a que acog\u00eda m\u00e1s reclutas, prueba de ello es una noticia del <strong>14 de noviembre de 1988<\/strong> en la que se se\u00f1ala que en el mismo d\u00eda hubo jura de Bandera en Badajoz, Plasencia y C\u00e1ceres. En <strong>Badajoz<\/strong> participaron en el acto militar <strong>697<\/strong> j\u00f3venes, en <strong>Plasencia<\/strong> un total de <strong>759<\/strong> y en <strong>C\u00e1ceres<\/strong> fueron <strong>1.566<\/strong> reclutas.<\/p>\n<p>&nbsp;<\/p>\n<!-- AddThis Advanced Settings generic via filter on the_content --><!-- AddThis Share Buttons generic via filter on the_content -->","protected":false},"excerpt":{"rendered":"<p>&nbsp; En la jura de bandera de noviembre de 1988, se produjo un hecho singular: Hubo 20 hombres que volvieron a desfilar ante la Bandera como lo hicieron 30 a\u00f1os antes cuando fueron destinados a Sidi-Ifni. En la rese\u00f1a informativa del Diario HOY, el periodista Fernando Garc\u00eda Morales escrib\u00eda: &#8220;Entre la veintena de veteranos de [&hellip;]<!-- AddThis Advanced Settings generic via filter on get_the_excerpt --><!-- AddThis Share Buttons generic via filter on get_the_excerpt --><\/p>\n","protected":false},"author":52,"featured_media":0,"comment_status":"open","ping_status":"closed","sticky":false,"template":"","format":"standard","meta":[],"categories":[3],"tags":[78,289,508,509,569,1054,1134,1166],"_links":{"self":[{"href":"https:\/\/blogs.hoy.es\/dicestudemili\/wp-json\/wp\/v2\/posts\/919"}],"collection":[{"href":"https:\/\/blogs.hoy.es\/dicestudemili\/wp-json\/wp\/v2\/posts"}],"about":[{"href":"https:\/\/blogs.hoy.es\/dicestudemili\/wp-json\/wp\/v2\/types\/post"}],"author":[{"embeddable":true,"href":"https:\/\/blogs.hoy.es\/dicestudemili\/wp-json\/wp\/v2\/users\/52"}],"replies":[{"embeddable":true,"href":"https:\/\/blogs.hoy.es\/dicestudemili\/wp-json\/wp\/v2\/comments?post=919"}],"version-history":[{"count":0,"href":"https:\/\/blogs.hoy.es\/dicestudemili\/wp-json\/wp\/v2\/posts\/919\/revisions"}],"wp:attachment":[{"href":"https:\/\/blogs.hoy.es\/dicestudemili\/wp-json\/wp\/v2\/media?parent=919"}],"wp:term":[{"taxonomy":"category","embeddable":true,"href":"https:\/\/blogs.hoy.es\/dicestudemili\/wp-json\/wp\/v2\/categories?post=919"},{"taxonomy":"post_tag","embeddable":true,"href":"https:\/\/blogs.hoy.es\/dicestudemili\/wp-json\/wp\/v2\/tags?post=919"}],"curies":[{"name":"wp","href":"https:\/\/api.w.org\/{rel}","templated":true}]}}