{"id":929,"date":"2013-04-05T05:28:09","date_gmt":"2013-04-05T05:28:09","guid":{"rendered":"http:\/\/blogs.hoy.es\/dicestudemili\/?p=929"},"modified":"2013-04-05T05:28:09","modified_gmt":"2013-04-05T05:28:09","slug":"1988-y-3-buscando-al-amigo-que-hizo-el-marido-en-la-mili-en-caceres","status":"publish","type":"post","link":"https:\/\/blogs.hoy.es\/dicestudemili\/2013\/04\/05\/1988-y-3-buscando-al-amigo-que-hizo-el-marido-en-la-mili-en-caceres\/","title":{"rendered":"1988 (y 3): Buscando al amigo que hizo el marido en la mili en C\u00e1ceres"},"content":{"rendered":"<div id=\"attachment_930\" style=\"width: 705px\" class=\"wp-caption aligncenter\"><a href=\"\/dicestudemili\/wp-content\/uploads\/sites\/57\/2013\/04\/1988-3\u00aa-secci\u00f3n-cia-13-reemplazo-5.jpg\"><img aria-describedby=\"caption-attachment-930\" loading=\"lazy\" class=\" wp-image-930  \" title=\"Miembros de la Compa\u00f1\u00eda n\u00famero 13 en 1988, del quinto reemplazo.\" src=\"\/dicestudemili\/wp-content\/uploads\/sites\/57\/2013\/04\/1988-3\u00aa-secci\u00f3n-cia-13-reemplazo-5.jpg\" alt=\"Miembros de la Compa\u00f1\u00eda n\u00famero 13 en 1988, del quinto reemplazo.\" width=\"695\" height=\"391\" srcset=\"https:\/\/static-blogs.hoy.es\/wp-content\/uploads\/sites\/57\/2013\/04\/1988-3\u00aa-secci\u00f3n-cia-13-reemplazo-5.jpg 965w, https:\/\/static-blogs.hoy.es\/wp-content\/uploads\/sites\/57\/2013\/04\/1988-3\u00aa-secci\u00f3n-cia-13-reemplazo-5-300x169.jpg 300w, https:\/\/static-blogs.hoy.es\/wp-content\/uploads\/sites\/57\/2013\/04\/1988-3\u00aa-secci\u00f3n-cia-13-reemplazo-5-768x432.jpg 768w\" sizes=\"(max-width: 695px) 100vw, 695px\" \/><\/a><p id=\"caption-attachment-930\" class=\"wp-caption-text\">Miembros de la Compa\u00f1\u00eda n\u00famero 13 en 1988, del quinto reemplazo.<\/p><\/div>\n<p>&nbsp;<\/p>\n<p><span style=\"font-size: 13px;\">&#8220;<em>\u00bf\u00bf\u00bf Alguien recuerda a <strong>Alfons\u00f3n de C\u00f3rdoba<\/strong>, de la promoci\u00f3n 88-89 que luego el resto de la mili la hicieron en Campamento en la PM de GM de Madrid??? Si alguien lo conoce o sabe algo de \u00e9l que se ponga en contacto conmigo&#8230; Mi marido fue compa\u00f1ero suyo y me gustar\u00eda que volvieran a verse. Gracias<\/em>&#8220;. Esta curiosa petici\u00f3n de una mujer que busca a un amigo de la mili de su marido, la ha realizado <strong>Ana Morete<\/strong> en el grupo de Facebook &#8216;<\/span><span style=\"font-size: 13px;\"><strong>Yo hice la mili en el CIR de C\u00e1ceres o el CIMOV<\/strong>&#8216;.<\/span><\/p>\n<p>En otro grupo de Facebook, &#8216;<strong>Yo tambi\u00e9n hice la mili en C\u00e1ceres<\/strong>&#8216;, <strong>Mauricio Gordillo \u00c1lvarez<\/strong> recuerda que hizo la mili completa en C\u00e1ceres, era del sexto reemplazo de 1988, &#8220;<em><span style=\"font-size: 13px;\">Como recluta, estuve en la 4\u00aa Compa\u00f1\u00eda del I Batall\u00f3n (2\u00ba pelot\u00f3n, 2\u00aa Secci\u00f3n), a las \u00f3rdenes del c<strong>apit\u00e1n Guerrero Cant\u00f3n<\/strong>, aunque mi instructor fue el <strong>cabo primero Trejo<\/strong>. Como soldado, estuve en la Unidad de Servicio, y mi &#8216;capi&#8217; era D. <strong>Fructuoso Dur\u00e1n<\/strong>. Estuve en la Plana Mayor, concretamente en &#8216;Filiaciones&#8217;, que era la secci\u00f3n encargada de mandar la documentaci\u00f3n de los reclutas que hab\u00edan jurado bandera a sus unidades de destino.\u00a0<\/span><\/em><span style=\"font-size: 13px;\"><em>La verdad es que tengo muy buenos recuerdos de mi estancia en el Santa Ana. Desde que me licenci\u00e9, no he vuelto a ver el acuartelamiento. Por entonces estaba a unos kil\u00f3metros del casco urbano, pero me han dicho que ya pr\u00e1cticamente est\u00e1 a las afueras de C\u00e1ceres. Me acuerdo perfectamente de la &#8216;Poller\u00eda&#8217;, donde todos \u00edbamos a comernos una hamburguesa y\/o un plato combinado, y de la Cantina, donde nos com\u00edamos los chuscos previo cambiazo del embutido de turno por alguna &#8216;latita&#8217; que nos tra\u00edamos de casa. (&#8230;) Me ha dado mucha alegr\u00eda encontrar este rinconcito dedicado al Santa Ana, donde todos (unos m\u00e1s y otros menos) dedicamos alg\u00fan tiempo de nuestra vida (en mi caso, un a\u00f1o y tres d\u00edas).\u00a0Un cordial abrazo para todos.\u00a0Mauri<\/em>&#8220;. Hay otro comentario de <strong>Fernando S\u00e1nchez L\u00f3pez<\/strong>, &#8220;<em>n<\/em><\/span><span style=\"font-size: 13px;\"><em>o me acuerdo muy bien cuando estuve por all\u00ed. Creo que en el a\u00f1o 88. Lo que si me acuerdo es que estuve en la 13 Compa\u00f1\u00eda y el alf\u00e9rez se llamaba Lopez-Pozas, si alguien estuvo un saludo para todos&#8221;<\/em>.<\/span><\/p>\n<p>Mauricio Gordillo (citado antes) ha enviado a este blog una fotograf\u00eda tomada en diciembre de 1988 o en enero de 1989, de la 4\u00aa Compa\u00f1\u00eda a la que pertenec\u00eda.<\/p>\n<p>&nbsp;<\/p>\n<div id=\"attachment_1437\" style=\"width: 645px\" class=\"wp-caption aligncenter\"><a href=\"\/dicestudemili\/wp-content\/uploads\/sites\/57\/2013\/04\/Foto-Mauricio-4\u00aaCIA-diciembnre-1988.jpg\"><img aria-describedby=\"caption-attachment-1437\" loading=\"lazy\" class=\" wp-image-1437  \" title=\"Reclutas de la 4\u00aa Compa\u00f1\u00eda.\" src=\"\/dicestudemili\/wp-content\/uploads\/sites\/57\/2013\/04\/Foto-Mauricio-4\u00aaCIA-diciembnre-1988.jpg\" alt=\"Reclutas de la 4\u00aa Compa\u00f1\u00eda.\" width=\"635\" height=\"440\" srcset=\"https:\/\/static-blogs.hoy.es\/wp-content\/uploads\/sites\/57\/2013\/04\/Foto-Mauricio-4\u00aaCIA-diciembnre-1988.jpg 992w, https:\/\/static-blogs.hoy.es\/wp-content\/uploads\/sites\/57\/2013\/04\/Foto-Mauricio-4\u00aaCIA-diciembnre-1988-300x208.jpg 300w, https:\/\/static-blogs.hoy.es\/wp-content\/uploads\/sites\/57\/2013\/04\/Foto-Mauricio-4\u00aaCIA-diciembnre-1988-768x533.jpg 768w\" sizes=\"(max-width: 635px) 100vw, 635px\" \/><\/a><p id=\"caption-attachment-1437\" class=\"wp-caption-text\">Reclutas de la 4\u00aa Compa\u00f1\u00eda.<\/p><\/div>\n<p>&nbsp;<\/p>\n<p>En la p\u00e1gina web <strong>www.amigosdelamili.com\u00a0<\/strong>se encuentra esta intervenci\u00f3n de<strong> Jes\u00fas Manuel Aznar<\/strong>, del tercer reemplazo de 1988: &#8220;\u00a1<span style=\"font-size: 13px;\"><em>Hola! Yo pertenec\u00ed al 3\u00ba\/88 y estuve en la 1\u00aa Compa\u00f1\u00eda. Recuerdo a <strong>Javi<\/strong> el de <strong>Jarque<\/strong>, a <strong>Jos\u00e9 Manuel<\/strong> el de <strong>Brea<\/strong>, a <strong>Almi\u00f1ana<\/strong>, al <strong>Arrugao<\/strong>, al <strong>Pancho<\/strong>, al <strong>sargento Bonilla<\/strong> y al <strong>teniente De la Monta\u00f1a<\/strong> y a <strong>Jos\u00e9 Trabuco<\/strong> el de <strong>Tierga<\/strong> que estaba en la 2\u00aa Compa\u00f1\u00eda. Recuerdo siempre el superviaje en tren desde <strong>Zaragoza<\/strong> a C\u00e1ceres, que salimos a las 2 de la ma\u00f1ana de Zaragoza y llegamos a las 4 de tarde a C\u00e1ceres, con transbordos incluidos en Madrid de la estaci\u00f3n de Chamart\u00edn a la de Atocha. Pasamos 40 d\u00edas con mucha calor, pero es grato de recordar. Luego fui destinado al <strong>Acuartelamiento Quintana Lacaci<\/strong> de Madrid, en la secci\u00f3n de Autos<\/em>&#8220;.<\/span><\/p>\n<p><span style=\"font-size: 13px;\">En el blog &#8216;<strong>Historias de El Pardo<\/strong>&#8216; hay dos comentarios de reclutas del a\u00f1os 1988. Uno de ellos dice: &#8220;<em>H<\/em><\/span><em><span style=\"font-size: 13px;\">ola a todos. \u00a1\u00a1Qu\u00e9 recuerdos!! Soy del 4\u00ba reemplazo del 88. Que calor pas\u00e9, Dios mio. Mi saludo y afecto a esa mi CUARTA COMPA\u00d1IA.. &#8216;avanza ya la cuarta firme bajo el sol&#8230;.&#8217; y mi reconocimiento al <\/span><strong style=\"font-size: 13px;\">capit\u00e1n Guerrero<\/strong><span style=\"font-size: 13px;\"> y a los sargentos <\/span><strong style=\"font-size: 13px;\">Soria<\/strong><span style=\"font-size: 13px;\"> y<\/span><strong style=\"font-size: 13px;\"> S\u00e1nchez. <\/strong><span style=\"font-size: 13px;\">Un abrazo a mis compa\u00f1eros de Santa Ana.\u00a0<\/span><\/em><span style=\"font-size: 13px;\"><em>(de 115 Ja\u00e9n)<\/em>&#8220;. El otro comentario, muy escueto, dice: &#8220;<em>Yo estuve en el 88, 6\u00ba reemplazo en la Unidad de Vigilancia, con <strong>Galindo<\/strong> y sus secuaces<\/em>&#8220;, curiosamente lo firma <strong>Antonio Galindo<\/strong>.<\/span><\/p>\n<p>&nbsp;<\/p>\n<p>&nbsp;<\/p>\n<!-- AddThis Advanced Settings generic via filter on the_content --><!-- AddThis Share Buttons generic via filter on the_content -->","protected":false},"excerpt":{"rendered":"<p>&nbsp; &#8220;\u00bf\u00bf\u00bf Alguien recuerda a Alfons\u00f3n de C\u00f3rdoba, de la promoci\u00f3n 88-89 que luego el resto de la mili la hicieron en Campamento en la PM de GM de Madrid??? Si alguien lo conoce o sabe algo de \u00e9l que se ponga en contacto conmigo&#8230; Mi marido fue compa\u00f1ero suyo y me gustar\u00eda que volvieran [&hellip;]<!-- AddThis Advanced Settings generic via filter on get_the_excerpt --><!-- AddThis Share Buttons generic via filter on get_the_excerpt --><\/p>\n","protected":false},"author":52,"featured_media":0,"comment_status":"open","ping_status":"closed","sticky":false,"template":"","format":"standard","meta":[],"categories":[3],"tags":[74,95,189,235,244,245,511,824,1015,1041,1043,1107],"_links":{"self":[{"href":"https:\/\/blogs.hoy.es\/dicestudemili\/wp-json\/wp\/v2\/posts\/929"}],"collection":[{"href":"https:\/\/blogs.hoy.es\/dicestudemili\/wp-json\/wp\/v2\/posts"}],"about":[{"href":"https:\/\/blogs.hoy.es\/dicestudemili\/wp-json\/wp\/v2\/types\/post"}],"author":[{"embeddable":true,"href":"https:\/\/blogs.hoy.es\/dicestudemili\/wp-json\/wp\/v2\/users\/52"}],"replies":[{"embeddable":true,"href":"https:\/\/blogs.hoy.es\/dicestudemili\/wp-json\/wp\/v2\/comments?post=929"}],"version-history":[{"count":0,"href":"https:\/\/blogs.hoy.es\/dicestudemili\/wp-json\/wp\/v2\/posts\/929\/revisions"}],"wp:attachment":[{"href":"https:\/\/blogs.hoy.es\/dicestudemili\/wp-json\/wp\/v2\/media?parent=929"}],"wp:term":[{"taxonomy":"category","embeddable":true,"href":"https:\/\/blogs.hoy.es\/dicestudemili\/wp-json\/wp\/v2\/categories?post=929"},{"taxonomy":"post_tag","embeddable":true,"href":"https:\/\/blogs.hoy.es\/dicestudemili\/wp-json\/wp\/v2\/tags?post=929"}],"curies":[{"name":"wp","href":"https:\/\/api.w.org\/{rel}","templated":true}]}}