{"id":935,"date":"2013-04-08T05:17:45","date_gmt":"2013-04-08T05:17:45","guid":{"rendered":"http:\/\/blogs.hoy.es\/dicestudemili\/?p=935"},"modified":"2013-04-08T05:17:45","modified_gmt":"2013-04-08T05:17:45","slug":"el-famoso-manolito-y-su-padre","status":"publish","type":"post","link":"https:\/\/blogs.hoy.es\/dicestudemili\/2013\/04\/08\/el-famoso-manolito-y-su-padre\/","title":{"rendered":"El famoso &#039;Manolito&#039; y su no menos famoso padre"},"content":{"rendered":"<div id=\"attachment_936\" style=\"width: 636px\" class=\"wp-caption aligncenter\"><a href=\"\/dicestudemili\/wp-content\/uploads\/sites\/57\/2013\/04\/Monolito.jpg\"><img aria-describedby=\"caption-attachment-936\" loading=\"lazy\" class=\" wp-image-936  \" title=\"Escultura en homenaje al recluta en la entrada del Centro.\" src=\"\/dicestudemili\/wp-content\/uploads\/sites\/57\/2013\/04\/Monolito.jpg\" alt=\"Escultura en homenaje al recluta en la entrada del Centro.\" width=\"626\" height=\"431\" srcset=\"https:\/\/static-blogs.hoy.es\/wp-content\/uploads\/sites\/57\/2013\/04\/Monolito.jpg 772w, https:\/\/static-blogs.hoy.es\/wp-content\/uploads\/sites\/57\/2013\/04\/Monolito-300x207.jpg 300w, https:\/\/static-blogs.hoy.es\/wp-content\/uploads\/sites\/57\/2013\/04\/Monolito-768x529.jpg 768w\" sizes=\"(max-width: 626px) 100vw, 626px\" \/><\/a><p id=\"caption-attachment-936\" class=\"wp-caption-text\">Escultura en homenaje al recluta en la entrada del Centro.<\/p><\/div>\n<p>La gran mayor\u00eda de los reclutas que pasaron por el campamento Santa Ana tienen una fotograf\u00eda con\u00a0<strong>\u2018Manolito\u2019<\/strong>. As\u00ed es como era llamado y a\u00fan se llama al soldado de metal que est\u00e1 sobre un pedestal en la entrada del Centro.<\/p>\n<p>El bautizarle como Manolito viene de la palabra \u2018monolito\u2019. Al principio los reclutas quedaban, \u2018en donde el monolito\u2019, hasta ir derivando en dar nombre al soldado de bronce. No obstante, hay quien dice que se le llam\u00f3 de esa manera en recuerdo de un coronel del CIR que se llamaba Manuel, quiz\u00e1 <strong>Manuel Rodr\u00edguez de la Pe\u00f1a<\/strong> que estuvo al mando del Centro desde 1980 a 1984.<\/p>\n<p>&nbsp;<\/p>\n<div id=\"attachment_938\" style=\"width: 352px\" class=\"wp-caption alignleft\"><a href=\"\/dicestudemili\/wp-content\/uploads\/sites\/57\/2013\/04\/Manolit.jpg\"><img aria-describedby=\"caption-attachment-938\" loading=\"lazy\" class=\" wp-image-938  \" title=\"Estatuilla de la escultura.\" src=\"\/dicestudemili\/wp-content\/uploads\/sites\/57\/2013\/04\/Manolit.jpg\" alt=\"Estatuilla de la escultura.\" width=\"342\" height=\"519\" srcset=\"https:\/\/static-blogs.hoy.es\/wp-content\/uploads\/sites\/57\/2013\/04\/Manolit.jpg 543w, https:\/\/static-blogs.hoy.es\/wp-content\/uploads\/sites\/57\/2013\/04\/Manolit-198x300.jpg 198w\" sizes=\"(max-width: 342px) 100vw, 342px\" \/><\/a><p id=\"caption-attachment-938\" class=\"wp-caption-text\">Estatuilla de la escultura.<\/p><\/div>\n<p><span style=\"font-size: 13px;\">A la izquierda, se muestra una estatuilla de la escultura que es obra del famoso artista <strong>Luis Mart\u00edn de Vidales<\/strong> (1950).<\/span><\/p>\n<p>Luis Mart\u00edn naci\u00f3 en <strong>Toledo<\/strong>. A los 11 a\u00f1os sus padres le matriculan en la Escuela de Artes y Oficios de Toledo, alternando las clases con el trabajo en el taller del padre, que era artesano. Con 20 a\u00f1os realiza un paso de Semana Santa con cuatro figuras talladas en madera y policromadas. El recuerdo del ambiente militar que vivi\u00f3 en Toledo, por la presencia de la <strong>Academia de Infanter\u00eda<\/strong>, el <strong>Alc\u00e1zar<\/strong> y la <strong>Escuela de Educaci\u00f3n F\u00edsica<\/strong>, hizo que empezara a hacer monumentos militares, reparti\u00e9ndolos por toda la geograf\u00eda espa\u00f1ola. As\u00ed lo reconoce en una entrevista a <strong>ABC<\/strong> al preguntarle por sus numerosas esculturas de tem\u00e1tica militar: &#8220;<em>De mi infancia y adolescencia recuerdo especialmente el ambiente militar que se viv\u00eda en la ciudad por la presencia de la Academia de Infanter\u00eda y la Escuela de Educaci\u00f3n F\u00edsica. Aquello me llam\u00f3 mucho la atenci\u00f3n y me vi muy atra\u00eddo sobre todo por la belleza de la uniformidad militar de aquel entonces, los uniformes ten\u00edan una plasticidad y un atractivo art\u00edstico magn\u00edfico. A partir de ah\u00ed empec\u00e9 a hacer monumentos militares en <strong>Zaragoza<\/strong>, <strong>Alicante<\/strong>, <strong>Ronda<\/strong>, <strong>Ceuta<\/strong>&#8230; son innumerables<\/em>&#8220;.<\/p>\n<p>El de C\u00e1ceres lo realiz\u00f3 en 1974, ten\u00eda 24 a\u00f1os.<\/p>\n<p>Una de sus \u00faltimas obras de motivo castrense se descubri\u00f3 el <strong>31 de enero de 2013<\/strong> en la Academia de Infanter\u00eda de Toledo, frente a la fachada principal. Es una escultura dedicada a los Cazadores de Monta\u00f1a.<\/p>\n<p>&nbsp;<\/p>\n<p>Adem\u00e1s de esta tem\u00e1tica, ha realizado pasos de Semana Santa. En la imagen inferior izquierda vemos al escultor con una de sus obras, en una imagen publicada en el blog <strong>Guacamaya Verde<\/strong>. La fotograf\u00eda de la de la derecha, publicada en <strong>ABC<\/strong>, es de la visita que en el a\u00f1o 2010 hizo a su taller <strong>Mar\u00eda Dolores Cospedal<\/strong>, entonces presidenta del PP de <strong>Castilla-La Mancha<\/strong>.<\/p>\n<p>&nbsp;<\/p>\n<div id=\"attachment_939\" style=\"width: 218px\" class=\"wp-caption alignleft\"><a href=\"\/dicestudemili\/wp-content\/uploads\/sites\/57\/2013\/04\/Luis-Martin-de-Vidales.jpg\"><img aria-describedby=\"caption-attachment-939\" loading=\"lazy\" class=\" wp-image-939     \" title=\"El escultor con una de sus obras.\" src=\"\/dicestudemili\/wp-content\/uploads\/sites\/57\/2013\/04\/Luis-Martin-de-Vidales.jpg\" alt=\"El escultor con una de sus obras.\" width=\"208\" height=\"311\" srcset=\"https:\/\/static-blogs.hoy.es\/wp-content\/uploads\/sites\/57\/2013\/04\/Luis-Martin-de-Vidales.jpg 510w, https:\/\/static-blogs.hoy.es\/wp-content\/uploads\/sites\/57\/2013\/04\/Luis-Martin-de-Vidales-201x300.jpg 201w\" sizes=\"(max-width: 208px) 100vw, 208px\" \/><\/a><p id=\"caption-attachment-939\" class=\"wp-caption-text\">El escultor con una de sus obras.<\/p><\/div>\n<div id=\"attachment_940\" style=\"width: 375px\" class=\"wp-caption alignright\"><a href=\"\/dicestudemili\/wp-content\/uploads\/sites\/57\/2013\/04\/2010_104.jpg\"><img aria-describedby=\"caption-attachment-940\" loading=\"lazy\" class=\" wp-image-940    \" title=\"Cospedal con el escultor en su taller.\" src=\"\/dicestudemili\/wp-content\/uploads\/sites\/57\/2013\/04\/2010_104.jpg\" alt=\"Cospedal con el escultor en su taller.\" width=\"365\" height=\"272\" \/><\/a><p id=\"caption-attachment-940\" class=\"wp-caption-text\">Cospedal con Luis Mart\u00edn en su taller.<\/p><\/div>\n<p>&nbsp;<\/p>\n<p>&nbsp;<\/p>\n<p>&nbsp;<\/p>\n<p>&nbsp;<\/p>\n<p>&nbsp;<\/p>\n<p>&nbsp;<\/p>\n<p>&nbsp;<\/p>\n<p>&nbsp;<\/p>\n<p>&nbsp;<\/p>\n<p>&nbsp;<\/p>\n<p>&nbsp;<\/p>\n<p>&nbsp;<\/p>\n<p>&nbsp;<\/p>\n<p>&nbsp;<\/p>\n<p>Es curioso que muchos reclutas se han hecho la fotograf\u00eda con el militar de bronce, pero en pocas fotos aparece &#8216;Manolito&#8217; en su totalidad, ya que las c\u00e1maras que utilizaban ten\u00edan el error de paralaje, y aunque en el visor sal\u00eda la escultura luego aparec\u00eda parte de ella en la imagen.<\/p>\n<p>Aqu\u00ed dejamos dos ejemplos. Esta es de reclutas del a\u00f1o <strong>1990<\/strong>, publicada por <strong>Rafael Hurtado<\/strong> en la p\u00e1gina de facebook &#8216;<strong>Yo tambi\u00e9n hice la mili en C\u00e1ceres<\/strong>&#8216;.<\/p>\n<p>&nbsp;<\/p>\n<div id=\"attachment_941\" style=\"width: 692px\" class=\"wp-caption aligncenter\"><a href=\"\/dicestudemili\/wp-content\/uploads\/sites\/57\/2013\/04\/monolito1990-Rafael-Hurtado.jpg\"><img aria-describedby=\"caption-attachment-941\" loading=\"lazy\" class=\" wp-image-941   \" title=\"Reclutas junto a' Manolito' en 1990.\" src=\"\/dicestudemili\/wp-content\/uploads\/sites\/57\/2013\/04\/monolito1990-Rafael-Hurtado.jpg\" alt=\"Reclutas junto a' Manolito' en 1990.\" width=\"682\" height=\"457\" srcset=\"https:\/\/static-blogs.hoy.es\/wp-content\/uploads\/sites\/57\/2013\/04\/monolito1990-Rafael-Hurtado.jpg 936w, https:\/\/static-blogs.hoy.es\/wp-content\/uploads\/sites\/57\/2013\/04\/monolito1990-Rafael-Hurtado-300x201.jpg 300w, https:\/\/static-blogs.hoy.es\/wp-content\/uploads\/sites\/57\/2013\/04\/monolito1990-Rafael-Hurtado-768x514.jpg 768w\" sizes=\"(max-width: 682px) 100vw, 682px\" \/><\/a><p id=\"caption-attachment-941\" class=\"wp-caption-text\">Reclutas junto a&#39; Manolito&#39; en 1990.<\/p><\/div>\n<p>&nbsp;<\/p>\n<p>La siguiente aparece en el blog &#8216;<strong>Historias de El Pardo<\/strong>&#8216;. Son algunos madrile\u00f1os que hicieron la mili en C\u00e1ceres en <strong>1982<\/strong>. La cedi\u00f3 <strong>Julio G. Blanco<\/strong>.<\/p>\n<p>&nbsp;<\/p>\n<div id=\"attachment_942\" style=\"width: 624px\" class=\"wp-caption aligncenter\"><a href=\"\/dicestudemili\/wp-content\/uploads\/sites\/57\/2013\/04\/Madrile\u00f1os-82-Julio-G.-Blanco-Pardo.jpg\"><img aria-describedby=\"caption-attachment-942\" loading=\"lazy\" class=\" wp-image-942 \" title=\"Reclutas madrile\u00f1os en 1982.\" src=\"\/dicestudemili\/wp-content\/uploads\/sites\/57\/2013\/04\/Madrile\u00f1os-82-Julio-G.-Blanco-Pardo.jpg\" alt=\"Reclutas madrile\u00f1os en 1982.\" width=\"614\" height=\"819\" srcset=\"https:\/\/static-blogs.hoy.es\/wp-content\/uploads\/sites\/57\/2013\/04\/Madrile\u00f1os-82-Julio-G.-Blanco-Pardo.jpg 1200w, https:\/\/static-blogs.hoy.es\/wp-content\/uploads\/sites\/57\/2013\/04\/Madrile\u00f1os-82-Julio-G.-Blanco-Pardo-225x300.jpg 225w, https:\/\/static-blogs.hoy.es\/wp-content\/uploads\/sites\/57\/2013\/04\/Madrile\u00f1os-82-Julio-G.-Blanco-Pardo-768x1024.jpg 768w\" sizes=\"(max-width: 614px) 100vw, 614px\" \/><\/a><p id=\"caption-attachment-942\" class=\"wp-caption-text\">Reclutas madrile\u00f1os en 1982.<\/p><\/div>\n<p>&nbsp;<\/p>\n<p>El pobre &#8216;Manolito&#8217; sol\u00eda salir decapitado en la mayor\u00eda de las fotograf\u00edas.<\/p>\n<p>&nbsp;<\/p>\n<p>&nbsp;<\/p>\n<!-- AddThis Advanced Settings generic via filter on the_content --><!-- AddThis Share Buttons generic via filter on the_content -->","protected":false},"excerpt":{"rendered":"<p>La gran mayor\u00eda de los reclutas que pasaron por el campamento Santa Ana tienen una fotograf\u00eda con\u00a0\u2018Manolito\u2019. As\u00ed es como era llamado y a\u00fan se llama al soldado de metal que est\u00e1 sobre un pedestal en la entrada del Centro. El bautizarle como Manolito viene de la palabra \u2018monolito\u2019. Al principio los reclutas quedaban, \u2018en [&hellip;]<!-- AddThis Advanced Settings generic via filter on get_the_excerpt --><!-- AddThis Share Buttons generic via filter on get_the_excerpt --><\/p>\n","protected":false},"author":52,"featured_media":0,"comment_status":"open","ping_status":"closed","sticky":false,"template":"","format":"standard","meta":[],"categories":[2],"tags":[395,743,772,807,947],"_links":{"self":[{"href":"https:\/\/blogs.hoy.es\/dicestudemili\/wp-json\/wp\/v2\/posts\/935"}],"collection":[{"href":"https:\/\/blogs.hoy.es\/dicestudemili\/wp-json\/wp\/v2\/posts"}],"about":[{"href":"https:\/\/blogs.hoy.es\/dicestudemili\/wp-json\/wp\/v2\/types\/post"}],"author":[{"embeddable":true,"href":"https:\/\/blogs.hoy.es\/dicestudemili\/wp-json\/wp\/v2\/users\/52"}],"replies":[{"embeddable":true,"href":"https:\/\/blogs.hoy.es\/dicestudemili\/wp-json\/wp\/v2\/comments?post=935"}],"version-history":[{"count":0,"href":"https:\/\/blogs.hoy.es\/dicestudemili\/wp-json\/wp\/v2\/posts\/935\/revisions"}],"wp:attachment":[{"href":"https:\/\/blogs.hoy.es\/dicestudemili\/wp-json\/wp\/v2\/media?parent=935"}],"wp:term":[{"taxonomy":"category","embeddable":true,"href":"https:\/\/blogs.hoy.es\/dicestudemili\/wp-json\/wp\/v2\/categories?post=935"},{"taxonomy":"post_tag","embeddable":true,"href":"https:\/\/blogs.hoy.es\/dicestudemili\/wp-json\/wp\/v2\/tags?post=935"}],"curies":[{"name":"wp","href":"https:\/\/api.w.org\/{rel}","templated":true}]}}