{"id":954,"date":"2013-04-12T07:05:33","date_gmt":"2013-04-12T07:05:33","guid":{"rendered":"http:\/\/blogs.hoy.es\/dicestudemili\/?p=954"},"modified":"2013-04-12T07:05:33","modified_gmt":"2013-04-12T07:05:33","slug":"1989-1-en-plasencia-desaparece-el-cir-y-en-caceres-cambia-el-mando","status":"publish","type":"post","link":"https:\/\/blogs.hoy.es\/dicestudemili\/2013\/04\/12\/1989-1-en-plasencia-desaparece-el-cir-y-en-caceres-cambia-el-mando\/","title":{"rendered":"1989 (1): En Plasencia se anuncia el cierre del CIR y en C\u00e1ceres cambia el mando"},"content":{"rendered":"<div id=\"attachment_955\" style=\"width: 638px\" class=\"wp-caption aligncenter\"><a href=\"\/dicestudemili\/wp-content\/uploads\/sites\/57\/2013\/04\/124.-PLASENCIA.-ACTOS-CELEBRADOS-CON-MOTIVO-DEL-CAMBIO-DE-LA.jpg\"><img aria-describedby=\"caption-attachment-955\" loading=\"lazy\" class=\" wp-image-955   \" title=\"Desfile militar por las calles de Plasencia.\" src=\"\/dicestudemili\/wp-content\/uploads\/sites\/57\/2013\/04\/124.-PLASENCIA.-ACTOS-CELEBRADOS-CON-MOTIVO-DEL-CAMBIO-DE-LA.jpg\" alt=\"Desfile militar por las calles de Plasencia.\" width=\"628\" height=\"402\" srcset=\"https:\/\/static-blogs.hoy.es\/wp-content\/uploads\/sites\/57\/2013\/04\/124.-PLASENCIA.-ACTOS-CELEBRADOS-CON-MOTIVO-DEL-CAMBIO-DE-LA.jpg 862w, https:\/\/static-blogs.hoy.es\/wp-content\/uploads\/sites\/57\/2013\/04\/124.-PLASENCIA.-ACTOS-CELEBRADOS-CON-MOTIVO-DEL-CAMBIO-DE-LA-300x192.jpg 300w, https:\/\/static-blogs.hoy.es\/wp-content\/uploads\/sites\/57\/2013\/04\/124.-PLASENCIA.-ACTOS-CELEBRADOS-CON-MOTIVO-DEL-CAMBIO-DE-LA-768x492.jpg 768w\" sizes=\"(max-width: 628px) 100vw, 628px\" \/><\/a><p id=\"caption-attachment-955\" class=\"wp-caption-text\">Desfile militar por las calles de Plasencia.<\/p><\/div>\n<p>&nbsp;<\/p>\n<p>El <strong>8 de octubre de 1989<\/strong> se anunciaba que en <strong>enero de 1990<\/strong> se suprim\u00eda el CIR de Plasencia. Noticia que sent\u00f3 muy mal en gran parte de la ciudad, que ve\u00eda como perd\u00eda una fuente de ingresos que se calcul\u00f3 entonces en 1.000 millones de pesetas anuales. Cada tres meses entre 600 y 1.000 j\u00f3venes acud\u00edan al <strong>Cuartel de la Constancia<\/strong> de Plasencia para aprender la instrucci\u00f3n militar en el batall\u00f3n que se hab\u00eda desgajado del CIR de C\u00e1ceres.<\/p>\n<p>Se constituy\u00f3 una llamada &#8216;<strong>Junta de defensa de Plasencia<\/strong>&#8216; formada por ciudadanos que comenzaron a luchar para que la ciudad no se quedara sin Centro de Instrucci\u00f3n de Reclutas (CIR), el portavoz era <strong>Florentino Neria Manglano<\/strong>. El <strong>2 de noviembre<\/strong> organizaron una manifestaci\u00f3n en la que participaron entre 2.000 a 3.000 personas. Se hizo por la noche y muchas llevaban velas. El recorrido de la manifestaci\u00f3n fue desde el Ayuntamiento, en la Plaza Mayor, al Cuartel de la Constancia. Entre los manifestantes hab\u00eda varios concejales del <strong>CDS<\/strong> y del <strong>PP<\/strong>, el diputado regional <strong>Rodolfo Orantos<\/strong> y el diputado nacional <strong>Felipe Camis\u00f3n<\/strong>. Un manifestante, <strong>Daniel Monge<\/strong>, se lleg\u00f3 a rapar la cabeza y sobre ella llevaba escritos mensajes en contra del cierre del CIR.<\/p>\n<p>Unos d\u00edas despu\u00e9s, el <strong>16 de noviembre<\/strong>, el entonces presidente de la Junta de Extremadura, <strong>Juan Carlos Rodr\u00edguez Ibarra<\/strong>, acudi\u00f3 por la noche a Plasencia, acompa\u00f1ado por el diputado nacional <strong>Alejandro Cercas<\/strong>, para anunciar p\u00fablicamente que la orden de desmantelamiento del CIR de Plasencia hab\u00eda sido revocada tras entrevistarse \u00e9l con cargos del <strong>Ministerio de Defensa<\/strong>. Al final, el CIR placentino desapareci\u00f3.<\/p>\n<p>En C\u00e1ceres, mientras tanto, en este a\u00f1o se produjo el cambio del mando del Centro de Instrucci\u00f3n. El 1 de junio el <strong>coronel Carlos Velasco Gil<\/strong> tom\u00f3 el mando del CIR Centro. Natural de Medina del Campo (Valladolid), el nuevo coronel sustitu\u00eda a <strong>Luis Gonz\u00e1lez Mart\u00edn<\/strong> que fue destinado a Melilla.<\/p>\n<p>&nbsp;<\/p>\n<div id=\"attachment_957\" style=\"width: 654px\" class=\"wp-caption aligncenter\"><a href=\"\/dicestudemili\/wp-content\/uploads\/sites\/57\/2013\/04\/milii-copia.jpg\"><img aria-describedby=\"caption-attachment-957\" loading=\"lazy\" class=\" wp-image-957   \" title=\"Noticia, en el Diario HOY, del nuevo coronel del CIR Centro de C\u00e1ceres.\" src=\"\/dicestudemili\/wp-content\/uploads\/sites\/57\/2013\/04\/milii-copia.jpg\" alt=\"Noticia, en el Diario HOY, del nuevo coronel del CIR Centro de C\u00e1ceres.\" width=\"644\" height=\"256\" srcset=\"https:\/\/static-blogs.hoy.es\/wp-content\/uploads\/sites\/57\/2013\/04\/milii-copia.jpg 992w, https:\/\/static-blogs.hoy.es\/wp-content\/uploads\/sites\/57\/2013\/04\/milii-copia-300x119.jpg 300w, https:\/\/static-blogs.hoy.es\/wp-content\/uploads\/sites\/57\/2013\/04\/milii-copia-768x306.jpg 768w\" sizes=\"(max-width: 644px) 100vw, 644px\" \/><\/a><p id=\"caption-attachment-957\" class=\"wp-caption-text\">Noticia, en el Diario HOY, del nuevo coronel del CIR Centro de C\u00e1ceres.<\/p><\/div>\n<p>&nbsp;<\/p>\n<!-- AddThis Advanced Settings generic via filter on the_content --><!-- AddThis Share Buttons generic via filter on the_content -->","protected":false},"excerpt":{"rendered":"<p>&nbsp; El 8 de octubre de 1989 se anunciaba que en enero de 1990 se suprim\u00eda el CIR de Plasencia. Noticia que sent\u00f3 muy mal en gran parte de la ciudad, que ve\u00eda como perd\u00eda una fuente de ingresos que se calcul\u00f3 entonces en 1.000 millones de pesetas anuales. Cada tres meses entre 600 y [&hellip;]<!-- AddThis Advanced Settings generic via filter on get_the_excerpt --><!-- AddThis Share Buttons generic via filter on get_the_excerpt --><\/p>\n","protected":false},"author":52,"featured_media":0,"comment_status":"open","ping_status":"closed","sticky":false,"template":"","format":"standard","meta":[],"categories":[3],"tags":[38,368,394,411,420,493,517,723,746,924,989],"_links":{"self":[{"href":"https:\/\/blogs.hoy.es\/dicestudemili\/wp-json\/wp\/v2\/posts\/954"}],"collection":[{"href":"https:\/\/blogs.hoy.es\/dicestudemili\/wp-json\/wp\/v2\/posts"}],"about":[{"href":"https:\/\/blogs.hoy.es\/dicestudemili\/wp-json\/wp\/v2\/types\/post"}],"author":[{"embeddable":true,"href":"https:\/\/blogs.hoy.es\/dicestudemili\/wp-json\/wp\/v2\/users\/52"}],"replies":[{"embeddable":true,"href":"https:\/\/blogs.hoy.es\/dicestudemili\/wp-json\/wp\/v2\/comments?post=954"}],"version-history":[{"count":0,"href":"https:\/\/blogs.hoy.es\/dicestudemili\/wp-json\/wp\/v2\/posts\/954\/revisions"}],"wp:attachment":[{"href":"https:\/\/blogs.hoy.es\/dicestudemili\/wp-json\/wp\/v2\/media?parent=954"}],"wp:term":[{"taxonomy":"category","embeddable":true,"href":"https:\/\/blogs.hoy.es\/dicestudemili\/wp-json\/wp\/v2\/categories?post=954"},{"taxonomy":"post_tag","embeddable":true,"href":"https:\/\/blogs.hoy.es\/dicestudemili\/wp-json\/wp\/v2\/tags?post=954"}],"curies":[{"name":"wp","href":"https:\/\/api.w.org\/{rel}","templated":true}]}}