{"id":982,"date":"2013-04-15T06:35:33","date_gmt":"2013-04-15T06:35:33","guid":{"rendered":"http:\/\/blogs.hoy.es\/dicestudemili\/?p=982"},"modified":"2013-04-15T06:35:33","modified_gmt":"2013-04-15T06:35:33","slug":"jose-calvo-valio-la-pena-hacer-el-servicio-militar-y-mas-en-caceres","status":"publish","type":"post","link":"https:\/\/blogs.hoy.es\/dicestudemili\/2013\/04\/15\/jose-calvo-valio-la-pena-hacer-el-servicio-militar-y-mas-en-caceres\/","title":{"rendered":"Jos\u00e9 Calvo: &#8220;Vali\u00f3 la pena hacer el servicio militar y m\u00e1s en C\u00e1ceres&#8221;"},"content":{"rendered":"<div id=\"attachment_983\" style=\"width: 708px\" class=\"wp-caption aligncenter\"><a href=\"\/dicestudemili\/wp-content\/uploads\/sites\/57\/2013\/04\/img048.jpg\"><img aria-describedby=\"caption-attachment-983\" loading=\"lazy\" class=\" wp-image-983 \" title=\"Jos\u00e9 Calvo (el del dedo vendado) con varios compa\u00f1eros del CIR en la furrieler\u00eda.\" src=\"\/dicestudemili\/wp-content\/uploads\/sites\/57\/2013\/04\/img048.jpg\" alt=\"Jos\u00e9 Calvo (el del dedo vendado) con varios compa\u00f1eros del CIR en la furrieler\u00eda.\" width=\"698\" height=\"483\" srcset=\"https:\/\/static-blogs.hoy.es\/wp-content\/uploads\/sites\/57\/2013\/04\/img048.jpg 872w, https:\/\/static-blogs.hoy.es\/wp-content\/uploads\/sites\/57\/2013\/04\/img048-300x208.jpg 300w, https:\/\/static-blogs.hoy.es\/wp-content\/uploads\/sites\/57\/2013\/04\/img048-768x532.jpg 768w\" sizes=\"(max-width: 698px) 100vw, 698px\" \/><\/a><p id=\"caption-attachment-983\" class=\"wp-caption-text\">Jos\u00e9 Calvo (el del dedo vendado) con varios compa\u00f1eros del CIR en la furrieler\u00eda.<\/p><\/div>\n<p>&nbsp;<\/p>\n<p><em>Despu\u00e9s de pensarlo bastante, me decido a comunicarme con vosotros para enviaros unas fotos y comentarios de mi servicio militar en C\u00e1ceres.<\/em><\/p>\n<p><em>Me tallaron el d\u00eda <strong>8 de marzo de 1970<\/strong>, gran fiesta familiar en casa. Ingres\u00e9 en el CIR 3, Campamento de Santa Ana, el<strong> 17 de julio de 1971<\/strong>, con la correspondiente pelada y pincelada de verde.<\/em><\/p>\n<p><em>El <strong>26 de septiembre<\/strong> jur\u00e9 bandera a Espa\u00f1a y bese su bandera, aquella era la del \u00e1guila y las flechas en tiempos del caudillo <strong>Francisco Franco Bahamonde<\/strong>. Un d\u00eda muy significativo para m\u00ed. Gran fiesta en casa.\u00a0<\/em><em style=\"font-size: 13px;\">Me dieron destino el <strong>30 de septiembre de 1971<\/strong>.<\/em><\/p>\n<p><em>No me arrepiento de haber hecho el Servicio Militar y haber servido a la Patria como de aquella se dec\u00eda y uno se hac\u00eda hombre de bien.\u00a0<\/em><em>Lo hice, como ya he dicho, en el CIR 3, en la <strong>octava compa\u00f1\u00eda<\/strong> mandada por el <strong>capit\u00e1n Qui\u00f1ones<\/strong>, gran profesional de la vida militar.<\/em>\u00a0<em>Ten\u00edamos al <strong>teniente Vega<\/strong>, el cual me oblig\u00f3 a hacer el curso de cabo rojo para luego darme la furrieler\u00eda.\u00a0<\/em><br \/>\n<em> Seriamos alrededor de doscientos veinte reclutas.<\/em><\/p>\n<p><em>Luego, estaba el <strong>coronel Rodr\u00edguez Cullell<\/strong>, muy humano, y el <strong>comandante de La Pe\u00f1a<\/strong>, todos ellos muy profesionales.\u00a0<\/em><em style=\"font-size: 13px;\">Una frase que se me qued\u00f3 muy grabada del teniente Vega, fue un d\u00eda que me dijo que en este mundo era mejor que te tomaran por cabr\u00f3n que por tonto, la he tenido muy presente y me ha dado resultado. \u00bfQui\u00e9n dijo que en la mili no se aprend\u00edan cosas?<\/em><\/p>\n<p><em>De aquella ten\u00edamos una paga mensual de 35 pesetas y una aspirina, que era una botella de cristal de cocacola con un cuello de\u00a0ginebra, te costaba quince pesetas y estaba la aspirina buen\u00edsima, esperando cobrar para tomarte una aspirina. \u00a0\u00a0<\/em><\/p>\n<p><em>Yo no quer\u00eda ser cabo furriel y eso me cost\u00f3 una semana de cocina. Acabada aquella semana, todo volvi\u00f3 a su normalidad y yo me sent\u00ed orgulloso de sacar el curso de cabo y llevar esos galones rojos de cabo tomatero con todo lo que ello significaba.<\/em><br \/>\n<em> Tuve a compa\u00f1eros vascos, gallegos, asturianos, andaluces, catalanes, castellanos, manchegos, de toda Espa\u00f1a y uno de Estados Unidos de origen gallego que quiso venir a Espa\u00f1a hacer la mili y no hacerla en EE.UU.\u00a0<\/em><em>Para m\u00ed eso fue lo mejor de la mili, que conoc\u00ed a muchas personas de esta tierra llamada Espa\u00f1a.<\/em><\/p>\n<p><em>Una vez que jur\u00e9 bandera pas\u00e9 a la furriler\u00eda con mis galones rojos y mis responsabilidades adquiridas. Hab\u00eda buena armon\u00eda y eso hac\u00eda que el d\u00eda a d\u00eda fuese m\u00e1s llevadero.\u00a0<\/em><em style=\"font-size: 13px;\">Mi labor, entre otras, consist\u00eda en nombrar servicio a los veteranos y reclutas. Me encargaba de abastecer a los reclutas y veteranos de las necesidades elementales que conlleva el ser furriel y mantener el orden y la disciplina dentro de mi \u00e1rea encomendada. Hab\u00eda veces que daba \u00f3rdenes que eran propias del capit\u00e1n de la Compa\u00f1\u00eda y \u00e9ste me dejaba actuar, descansando en mi forma de proceder.\u00a0<\/em><em style=\"font-size: 13px;\">Siempre fui responsable en mis hechos, en mis acciones y en mis responsabilidades y, por encima de todo, obr\u00f3 el orden y el respeto.\u00a0<\/em><\/p>\n<p><em> Los reclutas, cuando el chusco de las diez de la ma\u00f1ana no les llegaba, o las caballas y sardinas en lata escaseaban, ven\u00edan junto a m\u00ed para ver si les daba. Yo ten\u00eda siempre sobras, porque siempre tra\u00eda de m\u00e1s y ellos me lo agradec\u00edan.\u00a0<\/em><\/p>\n<p><em>Me licenci\u00e9 a los catorce meses, y el <strong>2 de enero de 1986<\/strong> pas\u00e9 a la Reserva absoluta.<\/em><\/p>\n<p><em>Si tuviera hoy en d\u00eda que volver hacer la mili, la har\u00eda. Vali\u00f3 la pena hacer el servicio militar y m\u00e1s en C\u00e1ceres. Fue una experiencia positiva en la vida. Pienso yo que el haberla anulado fue un gran error que cometi\u00f3 el gobierno de <strong>Felipe Gonz\u00e1lez<\/strong>.<\/em><\/p>\n<p>En la fotograf\u00eda de la <strong>furrieler\u00eda<\/strong> (arriba, sobre el texto) yo soy el dedo vendado. El compa\u00f1ero que se encuentra a mi izquierda era de C\u00e1ceres, muy buena persona y viv\u00eda en <strong>Aldea Moret<\/strong>. El que est\u00e1 al lado con bigote, de un pueblo por la zona de <strong>Mont\u00e1nchez<\/strong>. A mi derecha, de los dos oficiales (alf\u00e9rez de complemento), el que est\u00e1 sentado es de Castilla-La Mancha y el que est\u00e1 sobre \u00e9l, del Pa\u00eds Vasco.<\/p>\n<p><em>Estas fotos son de la cartilla militar, que de aquella era de color blanca.<\/em><\/p>\n<div>\n<dl id=\"attachment_985\">\n<dt><a href=\"\/dicestudemili\/wp-content\/uploads\/sites\/57\/2013\/04\/img054.jpg\"><img loading=\"lazy\" title=\"Cartilla militar.\" src=\"\/dicestudemili\/wp-content\/uploads\/sites\/57\/2013\/04\/img054.jpg\" alt=\"Cartilla militar.\" width=\"334\" height=\"442\" \/><\/a><\/dt>\n<dd>Cartilla militar.<\/dd>\n<\/dl>\n<\/div>\n<p>&nbsp;<\/p>\n<div>\n<dl id=\"attachment_986\">\n<dt><a href=\"\/dicestudemili\/wp-content\/uploads\/sites\/57\/2013\/04\/img055.jpg\"><img loading=\"lazy\" title=\"Datos de la incorporaci\u00f3n a filas y destino.\" src=\"\/dicestudemili\/wp-content\/uploads\/sites\/57\/2013\/04\/img055.jpg\" alt=\"Datos de la incorporaci\u00f3n a filas y destino.\" width=\"630\" height=\"450\" \/><\/a><\/dt>\n<dd>Datos de la incorporaci\u00f3n a filas y destino.<\/dd>\n<\/dl>\n<\/div>\n<p>&nbsp;<\/p>\n<div>\n<dl id=\"attachment_987\">\n<dt><a href=\"\/dicestudemili\/wp-content\/uploads\/sites\/57\/2013\/04\/img056.jpg\"><img loading=\"lazy\" title=\"La \u00faltima revista.\" src=\"\/dicestudemili\/wp-content\/uploads\/sites\/57\/2013\/04\/img056.jpg\" alt=\"La \u00faltima revista.\" width=\"606\" height=\"425\" \/><\/a><\/dt>\n<dd>La \u00faltima revista.<\/dd>\n<dd><\/dd>\n<\/dl>\n<\/div>\n<p>&nbsp;<\/p>\n<p><em>Esta foto es con todo el grupo de mis compa\u00f1eros reclutas en el Campamento, realizada en <strong>julio del 71<\/strong>. Seg\u00fan se mira la fotograf\u00eda empezando por la derecha, se encuentra el capit\u00e1n Qui\u00f1ones, con gafas, sentado en el suelo, y yo me encuentro dos filas por encima de \u00e9l a la izquierda del compa\u00f1ero de la tez blanca. Estoy de semiperfil.<\/em><\/p>\n<p>&nbsp;<\/p>\n<div id=\"attachment_988\" style=\"width: 1034px\" class=\"wp-caption aligncenter\"><a href=\"\/dicestudemili\/wp-content\/uploads\/sites\/57\/2013\/04\/img052.jpg\"><img aria-describedby=\"caption-attachment-988\" loading=\"lazy\" class=\"size-large wp-image-988\" title=\"Con mis compa\u00f1eros reclutas y el capit\u00e1n Qui\u00f1ones en julio de 1971.\" src=\"\/dicestudemili\/wp-content\/uploads\/sites\/57\/2013\/04\/img052.jpg\" alt=\"Con mis compa\u00f1eros reclutas y el capit\u00e1n Qui\u00f1ones en julio de 1971.\" width=\"1024\" height=\"676\" srcset=\"https:\/\/static-blogs.hoy.es\/wp-content\/uploads\/sites\/57\/2013\/04\/img052.jpg 1076w, https:\/\/static-blogs.hoy.es\/wp-content\/uploads\/sites\/57\/2013\/04\/img052-300x198.jpg 300w, https:\/\/static-blogs.hoy.es\/wp-content\/uploads\/sites\/57\/2013\/04\/img052-768x507.jpg 768w, https:\/\/static-blogs.hoy.es\/wp-content\/uploads\/sites\/57\/2013\/04\/img052-1024x677.jpg 1024w\" sizes=\"(max-width: 1024px) 100vw, 1024px\" \/><\/a><p id=\"caption-attachment-988\" class=\"wp-caption-text\">Con mis compa\u00f1eros reclutas y el capit\u00e1n Qui\u00f1ones en julio de 1971.<\/p><\/div>\n<p>&nbsp;<\/p>\n<p><em style=\"font-size: 13px;\">Hab\u00eda una canci\u00f3n que se cantaba cuando se iba de marcha, que dec\u00eda:\u00a0<\/em><em style=\"font-size: 13px;\">\u2018Un soldado de la octava, que a La Bombilla bajo, y a la chica con quien bailaba, embarazada la qued\u00f3. Los de la octava, somos la hostia. Viva la madre que nos pari\u00f3&#8230;\u2019 <\/em><\/p>\n<p><em style=\"font-size: 13px;\">Un abrazo para todos mis compa\u00f1eros ausentes y presentes de la <strong>octava Compa\u00f1\u00eda<\/strong> del CIR 3.<\/em><\/p>\n<p>&nbsp;<\/p>\n<p>(Nota del administrador del blog: \u201cSi quieres enviar tu testimonio y tus fotograf\u00edas est\u00e1n da\u00f1adas o han perdido color, nosotros intentamos arreglarlas. Un saludo\u201d)<\/p>\n<!-- AddThis Advanced Settings generic via filter on the_content --><!-- AddThis Share Buttons generic via filter on the_content -->","protected":false},"excerpt":{"rendered":"<p>&nbsp; Despu\u00e9s de pensarlo bastante, me decido a comunicarme con vosotros para enviaros unas fotos y comentarios de mi servicio militar en C\u00e1ceres. Me tallaron el d\u00eda 8 de marzo de 1970, gran fiesta familiar en casa. Ingres\u00e9 en el CIR 3, Campamento de Santa Ana, el 17 de julio de 1971, con la correspondiente [&hellip;]<!-- AddThis Advanced Settings generic via filter on get_the_excerpt --><!-- AddThis Share Buttons generic via filter on get_the_excerpt --><\/p>\n","protected":false},"author":52,"featured_media":0,"comment_status":"open","ping_status":"closed","sticky":false,"template":"","format":"standard","meta":[],"categories":[6],"tags":[263,342,402,678,750,872,1132],"_links":{"self":[{"href":"https:\/\/blogs.hoy.es\/dicestudemili\/wp-json\/wp\/v2\/posts\/982"}],"collection":[{"href":"https:\/\/blogs.hoy.es\/dicestudemili\/wp-json\/wp\/v2\/posts"}],"about":[{"href":"https:\/\/blogs.hoy.es\/dicestudemili\/wp-json\/wp\/v2\/types\/post"}],"author":[{"embeddable":true,"href":"https:\/\/blogs.hoy.es\/dicestudemili\/wp-json\/wp\/v2\/users\/52"}],"replies":[{"embeddable":true,"href":"https:\/\/blogs.hoy.es\/dicestudemili\/wp-json\/wp\/v2\/comments?post=982"}],"version-history":[{"count":0,"href":"https:\/\/blogs.hoy.es\/dicestudemili\/wp-json\/wp\/v2\/posts\/982\/revisions"}],"wp:attachment":[{"href":"https:\/\/blogs.hoy.es\/dicestudemili\/wp-json\/wp\/v2\/media?parent=982"}],"wp:term":[{"taxonomy":"category","embeddable":true,"href":"https:\/\/blogs.hoy.es\/dicestudemili\/wp-json\/wp\/v2\/categories?post=982"},{"taxonomy":"post_tag","embeddable":true,"href":"https:\/\/blogs.hoy.es\/dicestudemili\/wp-json\/wp\/v2\/tags?post=982"}],"curies":[{"name":"wp","href":"https:\/\/api.w.org\/{rel}","templated":true}]}}