{"id":1264,"date":"2022-07-21T22:38:36","date_gmt":"2022-07-21T20:38:36","guid":{"rendered":"https:\/\/blogs.hoy.es\/economiaanticrisis\/?p=1264"},"modified":"2022-07-21T22:38:36","modified_gmt":"2022-07-21T20:38:36","slug":"incendios-forestales-en-extremadura","status":"publish","type":"post","link":"https:\/\/blogs.hoy.es\/economiaanticrisis\/2022\/07\/21\/incendios-forestales-en-extremadura\/","title":{"rendered":"INCENDIOS FORESTALES EN EXTREMADURA"},"content":{"rendered":"<p><strong>Los incendios forestales que arrasan todo<\/strong> est\u00e1n siendo la m\u00fasica de fondo de una historia triste, cara y perfectamente previsible.<\/p>\n<p>Retomar despu\u00e9s de 2 a\u00f1os el blog de Econom\u00eda Anticrisis, <strong>en plena crisis de incendios forestales<\/strong> y a pocas fechas de una crisis de inflaci\u00f3n que nos va a tener a todos en vilo no ha sido una casualidad, ha sido la necesidad de volver a plantearnos la lucha contra la crisis.<\/p>\n<p>Los incendios forestales son previsibles. <strong>El calentamiento del planeta no es previsible.<\/strong><\/p>\n<p>&nbsp;<\/p>\n<ul>\n<li>Una humedad por debajo del 30% no es previsible.<\/li>\n<li>Vientos por encima de los 30 kilometros por hora, tampoco.<\/li>\n<li>Y que decir de las temperaturas de m\u00e1s de 30 grados .<\/li>\n<\/ul>\n<p>&nbsp;<\/p>\n<p>Pero <strong>si es previsible que todos esos factores que conforman un incendio, no encuentren combustible para quemar<\/strong>. Eso si es previsible. Los incendios forestales se apagan antes de que se produzcan con una buena gesti\u00f3n agro-forestal.<\/p>\n<h2>Que hacen nuestros politicos con la prevenci\u00f3n de incendios forestales?<\/h2>\n<p>El gobierno de Espa\u00f1a con su Presidente a la cabeza ha destinado para gesti\u00f3n forestal el 0.2% de los presupuestos y aunque las competencias est\u00e1n transferidas, con esos mimbres pocas posibilidades tenemos de prevenir y atacar incendios.<\/p>\n<p>Hace m\u00e1s de un m\u00e9s que <strong>los expertos como<a href=\"https:\/\/www.hoy.es\/extremadura\/extremadura-riesgo-sufrir-20190609004024-ntvo.html\"> Francisco Casta\u00f1ares avisaba<\/a> que un incendio en Monfrag\u00fce pod\u00eda acabar con al vida dentro del Parque Nacional<\/strong> en poco m\u00e1s de cuatro horas y\u00a0 as\u00ed ha sido. Entr\u00f3 el incendio forestal por Casas de Miravete y m\u00e1s de 1.000 Hectareas han sido pasto de las llamas.<\/p>\n<p>Y de los incendios forestales en Espa\u00f1a no vale echar la culpa al cambio clim\u00e1tico. Ah\u00ed ni siquiera los diosecillos pol\u00edticos pueden actuar, donde pueden actuar es para q<strong>ue ese cambio clim\u00e1tico no encuentre combustible para que se quemen nuestros montes.<\/strong><\/p>\n<ol>\n<li>En Extremadura se produce una media de 1.000 kg de combustible forestal por hectarea.<\/li>\n<li>En las zonas de alta vegetaci\u00f3n la media puede llegar a 2.000 kg de combustible forestal por hectarea.<\/li>\n<li>Y cuando se acumulan 10.000 kg por hectarea se producen fuegos de sexta generaci\u00f3n imposibles de controlar y en muchas zonas de nuestros montes extreme\u00f1os se acumulan hasta 50.000 kg por hectarea.<\/li>\n<\/ol>\n<h3>Algunos datos:<\/h3>\n<p><strong>Extremadura cuenta con una biomasa combustible anual de 1.7 Millones de toneladas.<\/strong> Que equivalen en energ\u00eda \u00a0a 5 millones de barriles de petr\u00f3leo. Esto no es nuevo, ya lo cont\u00e1bamos hace a\u00f1os, porque hace a\u00f1os que los expertos nos est\u00e1n avisando de los peligros de no gestionar nuestros montes y bosques como lo hac\u00edan anta\u00f1o nuestros abuelos. Aprovechando todo ese combustible.<a href=\"https:\/\/www.eldiario.es\/extremadura\/sociedad\/paco-castanares-politica-extincion-incendios-extremadura-90-ahora-fuegos-son-bombas-atomicas_1_9176994.html\">Los incendios son ahora bombas atomicas pero las politicas de extinci\u00f3n son de los 90.<\/a><\/p>\n<p><strong>Y se puede aprovechar con un alto rendimiento econ\u00f3mico<\/strong>, con la creaci\u00f3n de puestos de trabajo, con fijaci\u00f3n de poblaci\u00f3n a nuestra Extremadura creando centros de conversi\u00f3n en pellets que sean combustibles para la industria, las calefacciones y las pymes. <a href=\"https:\/\/blogs.hoy.es\/economiaanticrisis\/2018\/07\/19\/la-energia-limpia-en-extremadura-es-un-buen-negocio\/\">La energ\u00eda limpia en Extremadura, es un buen negocio<\/a><\/p>\n<p>Por eso admitir que los incendios forestales que arrasan nuestro Pa\u00eds sean causados por el cambio clim\u00e1tico es como afirmar cuando se nos cae un vaso al suelo que la culpa es de la fuerza de la gravedad.<\/p>\n<p><strong>El cambio clim\u00e1tico est\u00e1 ah\u00ed. Nuestros impuestos tambi\u00e9n<\/strong>. La voluntad de los pol\u00edticos para acabar con la lacra de los incendios forestales mientras digan que la culpa es del calor es de mal pagador. Es de\u00a0 mal pagador de sus responsabilidades. <a href=\"https:\/\/blogs.hoy.es\/economiaanticrisis\/2016\/03\/12\/por-que-la-economia-verde-es-buena-para-el-bolsillo\/\">Y la Econom\u00eda verde es buena para el bolsillo<\/a><\/p>\n<p>Y por encima de todo ello. Nuestra regi\u00f3n cacere\u00f1a el 70% de su recaudaci\u00f3n hotelera depende de nuestras reservas forestales y su turismo rural. Al d\u00eda de hoy solo se ha quemado el 8% de toda esa superficie forestal.Que todo el que quiera siga acercandose a nuestras piscinas naturales, a nuestros Valle del Jerte y Gata. Pero no esperemos a que se queme el resto. <strong>Los incendios forestales se pueden prevenir, en invierno<\/strong> y con presupuestos dignos y responsabilidad orientada a la gesti\u00f3n forestal y limpieza de nuestros montes.<\/p>\n<p>Porque en esto como en todo,<strong> lo que no son cuentas\u2026 son cuentos.<\/strong><\/p>\n<!-- AddThis Advanced Settings generic via filter on the_content --><!-- AddThis Share Buttons generic via filter on the_content -->","protected":false},"excerpt":{"rendered":"<p>Los incendios forestales que arrasan todo est\u00e1n siendo la m\u00fasica de fondo de una historia triste, cara y perfectamente previsible. Retomar despu\u00e9s de 2 a\u00f1os el blog de Econom\u00eda Anticrisis, en plena crisis de incendios forestales y a pocas fechas de una crisis de inflaci\u00f3n que nos va a tener a todos en vilo no [&hellip;]<!-- AddThis Advanced Settings generic via filter on get_the_excerpt --><!-- AddThis Share Buttons generic via filter on get_the_excerpt --><\/p>\n","protected":false},"author":110,"featured_media":0,"comment_status":"open","ping_status":"closed","sticky":false,"template":"","format":"standard","meta":[],"categories":[3],"tags":[],"_links":{"self":[{"href":"https:\/\/blogs.hoy.es\/economiaanticrisis\/wp-json\/wp\/v2\/posts\/1264"}],"collection":[{"href":"https:\/\/blogs.hoy.es\/economiaanticrisis\/wp-json\/wp\/v2\/posts"}],"about":[{"href":"https:\/\/blogs.hoy.es\/economiaanticrisis\/wp-json\/wp\/v2\/types\/post"}],"author":[{"embeddable":true,"href":"https:\/\/blogs.hoy.es\/economiaanticrisis\/wp-json\/wp\/v2\/users\/110"}],"replies":[{"embeddable":true,"href":"https:\/\/blogs.hoy.es\/economiaanticrisis\/wp-json\/wp\/v2\/comments?post=1264"}],"version-history":[{"count":5,"href":"https:\/\/blogs.hoy.es\/economiaanticrisis\/wp-json\/wp\/v2\/posts\/1264\/revisions"}],"predecessor-version":[{"id":1274,"href":"https:\/\/blogs.hoy.es\/economiaanticrisis\/wp-json\/wp\/v2\/posts\/1264\/revisions\/1274"}],"wp:attachment":[{"href":"https:\/\/blogs.hoy.es\/economiaanticrisis\/wp-json\/wp\/v2\/media?parent=1264"}],"wp:term":[{"taxonomy":"category","embeddable":true,"href":"https:\/\/blogs.hoy.es\/economiaanticrisis\/wp-json\/wp\/v2\/categories?post=1264"},{"taxonomy":"post_tag","embeddable":true,"href":"https:\/\/blogs.hoy.es\/economiaanticrisis\/wp-json\/wp\/v2\/tags?post=1264"}],"curies":[{"name":"wp","href":"https:\/\/api.w.org\/{rel}","templated":true}]}}