{"id":1455,"date":"2025-08-19T10:18:20","date_gmt":"2025-08-19T08:18:20","guid":{"rendered":"https:\/\/blogs.hoy.es\/economiaanticrisis\/?p=1455"},"modified":"2025-08-19T10:18:20","modified_gmt":"2025-08-19T08:18:20","slug":"vuelta-de-las-vacaciones-financieras-septiembre-impulsa-a-banca-y-pymes","status":"publish","type":"post","link":"https:\/\/blogs.hoy.es\/economiaanticrisis\/2025\/08\/19\/vuelta-de-las-vacaciones-financieras-septiembre-impulsa-a-banca-y-pymes\/","title":{"rendered":"Vuelta de las vacaciones financieras: septiembre impulsa a banca y pymes"},"content":{"rendered":"<p>Septiembre no es solo la vuelta a la rutina. Tambi\u00e9n es el mes en el que <strong>empresas, profesionales y bancos hacen balance del a\u00f1o<\/strong> y se preparan para el sprint final. Si en verano se levant\u00f3 el pie del acelerador, la \u201cvuelta de las vacaciones financieras\u201d exige <strong>estrategia, anticipaci\u00f3n y visi\u00f3n clara<\/strong>.<\/p>\n<p>&nbsp;<\/p>\n<h2><strong>Los tres retos financieros en septiembre<\/strong><\/h2>\n<ol>\n<li>\n<h3><strong>Ordenar cuentas: la foto real del negocio<\/strong><\/h3>\n<\/li>\n<\/ol>\n<p>En la playa ya empezabas a pensar que el primer paso tras el verano es revisar el estado financiero de la empresa, ya no cabe la pereza , empieza ver :<\/p>\n<ul>\n<li>Liquidez disponible.<\/li>\n<li><a href=\"https:\/\/blogs.hoy.es\/economiaanticrisis\/2025\/07\/17\/vas-a-solicitar-financiacion-esto-es-lo-que-analiza-un-banco-en-cada-operacion-financiera\/\">Endeudamiento pendiente<\/a>.<\/li>\n<li>Rentabilidad de los meses anteriores.<\/li>\n<li>Proyecciones de cierre de a\u00f1o.<\/li>\n<\/ul>\n<p>Porque muchas pymes llegan a septiembre con tensiones de tesorer\u00eda. Y es el momento en que \u00a0la <strong>banca territorial<\/strong> debe estar cerca: ofreciendo diagn\u00f3sticos \u00e1giles y soluciones adaptadas.<\/p>\n<p>&nbsp;<\/p>\n<ol start=\"2\">\n<li>\n<h3><strong> Anticipar necesidades: mirar m\u00e1s all\u00e1 de diciembre<\/strong><\/h3>\n<\/li>\n<\/ol>\n<p>Siempre se habla de la cuesta de Enero. Pero la cuesta de Septiembre <a href=\"https:\/\/blogs.hoy.es\/economiaanticrisis\/2023\/12\/12\/si-la-pyme-tiene-problemas-plan-de-continuidad\/\">es la aut\u00e9ntica cuesta<\/a>. El error m\u00e1s com\u00fan es pensar que el a\u00f1o se acaba en diciembre. En realidad, septiembre es el momento para planificar:<\/p>\n<ul>\n<li><strong>Campa\u00f1a de Navidad<\/strong>.<\/li>\n<li><strong>Primer trimestre del a\u00f1o siguiente<\/strong>.<\/li>\n<li><strong>Inversiones estrat\u00e9gicas<\/strong>.<\/li>\n<\/ul>\n<p>Por lo que tenemos que esperar <strong>que la <\/strong><strong>banca prepare:<\/strong><\/p>\n<ul>\n<li><a href=\"https:\/\/blogs.hoy.es\/economiaanticrisis\/2025\/06\/24\/tu-pyme-quiere-crecer-entonces-necesitas-esto-y-lo-sabes\/\">L\u00edneas de financiaci\u00f3n<\/a> espec\u00edficas para circulante y estacionalidad.<\/li>\n<li>Programas de inversi\u00f3n en modernizaci\u00f3n tecnol\u00f3gica.<\/li>\n<li>Soluciones de seguros y coberturas que protejan el balance.<\/li>\n<\/ul>\n<p>&nbsp;<\/p>\n<ol start=\"3\">\n<li>\n<h3><strong> Acelerar decisiones: tiempo es negocio<\/strong><\/h3>\n<\/li>\n<\/ol>\n<p>Y como a partir de Septiembre estar\u00e1n las pymes inmersas en papeles , el mayor <a href=\"https:\/\/blogs.hoy.es\/economiaanticrisis\/2023\/12\/12\/si-la-pyme-tiene-problemas-plan-de-continuidad\/\">enemigo de las pymes \u00a0ser\u00e1 \u00a0la burocracia<\/a>.<\/p>\n<p>As\u00ed que las pymes necesitan r<strong>espuestas r\u00e1pidas, condiciones claras y cercan\u00eda<\/strong> deben ser la norma en septiembre.<\/p>\n<p>En Espa\u00f1a, el 99,8% de las empresas son pymes y generan m\u00e1s del 60% del empleo. <strong>Facilitar su crecimiento es <a href=\"https:\/\/blogs.hoy.es\/economiaanticrisis\/2025\/08\/08\/liderazgo-financiero-territorial-y-si-las-pymes-dirigieran-los-bancos\/\">estrategia bancaria,<\/a> no filantrop\u00eda.<\/strong><\/p>\n<p>&nbsp;<\/p>\n<h2><strong>Liderazgo territorial: el factor diferencial<\/strong><\/h2>\n<p>Y siempre hablamos de las pymes, pero para\u00a0 una entidad<strong> territorial de banca<\/strong>, septiembre es la ocasi\u00f3n de:<\/p>\n<ul>\n<li><a href=\"https:\/\/blogs.hoy.es\/economiaanticrisis\/2025\/08\/12\/convenios-la-estrategia-territorial-que-multiplica-el-negocio-de-la-banca-y-fortalece-las-pymes\/\">Conectar con asociaciones empresariales.<\/a><\/li>\n<li>Escuchar de primera mano a los clientes.<\/li>\n<li>Impulsar la banca como <strong>motor de desarrollo econ\u00f3mico local<\/strong>.<\/li>\n<\/ul>\n<p>Porque ya lo hemos dicho varias veces este verano, el liderazgo financiero no se mide solo en cifras, sino en <strong>confianza, relaciones s\u00f3lidas y en transformar cr\u00e9dito en oportunidades reales<\/strong>.<\/p>\n<p>&nbsp;<\/p>\n<h2><strong>Conclusi\u00f3n \u2013 Septiembre como trampol\u00edn financiero<\/strong><\/h2>\n<p>La <strong>vuelta de las vacaciones financieras<\/strong> no es un \u201cvolver a empezar\u201d, sino una <strong>oportunidad para cerrar el a\u00f1o con fuerza y preparar el pr\u00f3ximo<\/strong>.<\/p>\n<p>En finanzas: <strong>quien vuelve con foco, vuelve con ventaja<\/strong>.<br \/>\nCuando bancos y pymes avanzan juntos, septiembre deja de ser cuesta arriba y se convierte en el inicio de un ciclo de <strong>crecimiento compartido<\/strong>.<\/p>\n<p>Pero como ni Bancos ni pymes hayan hecho las tareas, <a href=\"https:\/\/blogs.hoy.es\/economiaanticrisis\/2025\/06\/11\/financiacion-pymes-y-autonomos-la-relacion-bancaria-como-eje-estrategico-del-crecimiento\/\">la cuesta de Septiembre nos llevar\u00e1 a la cuesta de Enero<\/a> y el camino se har\u00e1 impracticable porque lo que no son cuentas\u2026son cuentos. (<a href=\"mailto:asaez@icaba.com\">asaez@icaba.com<\/a>).<\/p>\n<!-- AddThis Advanced Settings generic via filter on the_content --><!-- AddThis Share Buttons generic via filter on the_content -->","protected":false},"excerpt":{"rendered":"<p>Septiembre no es solo la vuelta a la rutina. Tambi\u00e9n es el mes en el que empresas, profesionales y bancos hacen balance del a\u00f1o y se preparan para el sprint final. Si en verano se levant\u00f3 el pie del acelerador, la \u201cvuelta de las vacaciones financieras\u201d exige estrategia, anticipaci\u00f3n y visi\u00f3n clara. &nbsp; Los tres [&hellip;]<!-- AddThis Advanced Settings generic via filter on get_the_excerpt --><!-- AddThis Share Buttons generic via filter on get_the_excerpt --><\/p>\n","protected":false},"author":110,"featured_media":621,"comment_status":"open","ping_status":"closed","sticky":false,"template":"","format":"standard","meta":[],"categories":[1],"tags":[],"_links":{"self":[{"href":"https:\/\/blogs.hoy.es\/economiaanticrisis\/wp-json\/wp\/v2\/posts\/1455"}],"collection":[{"href":"https:\/\/blogs.hoy.es\/economiaanticrisis\/wp-json\/wp\/v2\/posts"}],"about":[{"href":"https:\/\/blogs.hoy.es\/economiaanticrisis\/wp-json\/wp\/v2\/types\/post"}],"author":[{"embeddable":true,"href":"https:\/\/blogs.hoy.es\/economiaanticrisis\/wp-json\/wp\/v2\/users\/110"}],"replies":[{"embeddable":true,"href":"https:\/\/blogs.hoy.es\/economiaanticrisis\/wp-json\/wp\/v2\/comments?post=1455"}],"version-history":[{"count":2,"href":"https:\/\/blogs.hoy.es\/economiaanticrisis\/wp-json\/wp\/v2\/posts\/1455\/revisions"}],"predecessor-version":[{"id":1458,"href":"https:\/\/blogs.hoy.es\/economiaanticrisis\/wp-json\/wp\/v2\/posts\/1455\/revisions\/1458"}],"wp:featuredmedia":[{"embeddable":true,"href":"https:\/\/blogs.hoy.es\/economiaanticrisis\/wp-json\/wp\/v2\/media\/621"}],"wp:attachment":[{"href":"https:\/\/blogs.hoy.es\/economiaanticrisis\/wp-json\/wp\/v2\/media?parent=1455"}],"wp:term":[{"taxonomy":"category","embeddable":true,"href":"https:\/\/blogs.hoy.es\/economiaanticrisis\/wp-json\/wp\/v2\/categories?post=1455"},{"taxonomy":"post_tag","embeddable":true,"href":"https:\/\/blogs.hoy.es\/economiaanticrisis\/wp-json\/wp\/v2\/tags?post=1455"}],"curies":[{"name":"wp","href":"https:\/\/api.w.org\/{rel}","templated":true}]}}