{"id":37,"date":"2016-03-23T20:48:16","date_gmt":"2016-03-23T19:48:16","guid":{"rendered":"http:\/\/blogs.hoy.es\/el-blog-de-carlos-moreno\/?p=37"},"modified":"2016-03-23T20:48:16","modified_gmt":"2016-03-23T19:48:16","slug":"17-sensaciones-despues-de-correr","status":"publish","type":"post","link":"https:\/\/blogs.hoy.es\/el-blog-de-carlos-moreno\/2016\/03\/23\/17-sensaciones-despues-de-correr\/","title":{"rendered":"17 SENSACIONES DESPU\u00c9S DE CORRER"},"content":{"rendered":"<p>Sal\u00eda del ajetreo diario con ganas de entrenar. En ese trasiego alguien me dijo: \u00a1vaya ganas que tienes de salir a correr ahora!<\/p>\n<p>Es cierto que el d\u00eda llegaba a su ocaso, pero por una extra\u00f1a raz\u00f3n nada me apetec\u00eda m\u00e1s que atarme las zapatillas y completar mi entrenamiento.<\/p>\n<p>Una hora despu\u00e9s estaba empapado en sudor mientras estiraba en la puerta de casa. Hab\u00eda sido una sesi\u00f3n intensa y ahora mi cabeza estaba despejada.<\/p>\n<p>Llevaba un d\u00eda sin ideas, muchos problemas y pocas soluciones y ahora, solo ten\u00eda respuestas a esa cuesti\u00f3n que me persegu\u00eda todo el entrenamiento. \u00bfPor qu\u00e9 corro?<\/p>\n<p><strong>17 SENSACIONES DESPU\u00c9S DE CORRER<\/strong><\/p>\n<p>1. Te sientes bien.<\/p>\n<p>2. Sonr\u00edes sin saber porqu\u00e9.<\/p>\n<p>3. Te ves mas guap@ por los espejos.<\/p>\n<p>4. Caminas de forma mas atractiva.<\/p>\n<p>5. Escuchas m\u00fasica dentro de ti que tarareas y cantas de forma motivante.<\/p>\n<p>6. Bailas la m\u00fasica que crees escuchar.<\/p>\n<p>7. Ves todo de forma positiva.<\/p>\n<p>8. Estas activo.<\/p>\n<p>9. Sientes satisfacci\u00f3n personal, un pelda\u00f1o m\u00e1s superado de la escalera.<\/p>\n<p>10. Y Despu\u00e9s del baile, sensaci\u00f3n de paz interior, casi religiosa.<\/p>\n<p>11. Inspiraci\u00f3n, y cuando llegue la inspiraci\u00f3n que te pille trabajando.<\/p>\n<p>12. Buen humor, ya nadie puede amargarte el d\u00eda.<\/p>\n<p>13. Visiones positivas.<\/p>\n<p>14. Sientes la asimilaci\u00f3n del entrenamiento de d\u00edas anteriores, y se te quitan las agujetas.<\/p>\n<p>15. Recuperaci\u00f3n y activaci\u00f3n.<\/p>\n<p>16. La ducha es una experiencia diferente.<\/p>\n<p>17.Comes sin sentimiento de culpa.<\/p>\n<p>\u00bfA TI TAMBI\u00c9N TE PASA?<\/p>\n<!-- AddThis Advanced Settings generic via filter on the_content --><!-- AddThis Share Buttons generic via filter on the_content -->","protected":false},"excerpt":{"rendered":"<p>Sal\u00eda del ajetreo diario con ganas de entrenar. En ese trasiego alguien me dijo: \u00a1vaya ganas que tienes de salir a correr ahora! Es cierto que el d\u00eda llegaba a su ocaso, pero por una extra\u00f1a raz\u00f3n nada me apetec\u00eda m\u00e1s que atarme las zapatillas y completar mi entrenamiento. Una hora despu\u00e9s estaba empapado en [&hellip;]<!-- AddThis Advanced Settings generic via filter on get_the_excerpt --><!-- AddThis Share Buttons generic via filter on get_the_excerpt --><\/p>\n","protected":false},"author":135,"featured_media":0,"comment_status":"open","ping_status":"closed","sticky":false,"template":"","format":"standard","meta":[],"categories":[2],"tags":[64,73,76,83],"_links":{"self":[{"href":"https:\/\/blogs.hoy.es\/el-blog-de-carlos-moreno\/wp-json\/wp\/v2\/posts\/37"}],"collection":[{"href":"https:\/\/blogs.hoy.es\/el-blog-de-carlos-moreno\/wp-json\/wp\/v2\/posts"}],"about":[{"href":"https:\/\/blogs.hoy.es\/el-blog-de-carlos-moreno\/wp-json\/wp\/v2\/types\/post"}],"author":[{"embeddable":true,"href":"https:\/\/blogs.hoy.es\/el-blog-de-carlos-moreno\/wp-json\/wp\/v2\/users\/135"}],"replies":[{"embeddable":true,"href":"https:\/\/blogs.hoy.es\/el-blog-de-carlos-moreno\/wp-json\/wp\/v2\/comments?post=37"}],"version-history":[{"count":0,"href":"https:\/\/blogs.hoy.es\/el-blog-de-carlos-moreno\/wp-json\/wp\/v2\/posts\/37\/revisions"}],"wp:attachment":[{"href":"https:\/\/blogs.hoy.es\/el-blog-de-carlos-moreno\/wp-json\/wp\/v2\/media?parent=37"}],"wp:term":[{"taxonomy":"category","embeddable":true,"href":"https:\/\/blogs.hoy.es\/el-blog-de-carlos-moreno\/wp-json\/wp\/v2\/categories?post=37"},{"taxonomy":"post_tag","embeddable":true,"href":"https:\/\/blogs.hoy.es\/el-blog-de-carlos-moreno\/wp-json\/wp\/v2\/tags?post=37"}],"curies":[{"name":"wp","href":"https:\/\/api.w.org\/{rel}","templated":true}]}}