{"id":54,"date":"2017-02-13T18:48:59","date_gmt":"2017-02-13T17:48:59","guid":{"rendered":"http:\/\/blogs.hoy.es\/el-blog-de-carlos-moreno\/?p=54"},"modified":"2017-02-13T18:48:59","modified_gmt":"2017-02-13T17:48:59","slug":"por-que-no-contar-a-nadie-que-estas-lesionado-por-correr","status":"publish","type":"post","link":"https:\/\/blogs.hoy.es\/el-blog-de-carlos-moreno\/2017\/02\/13\/por-que-no-contar-a-nadie-que-estas-lesionado-por-correr\/","title":{"rendered":"Por qu\u00e9 no contar a nadie que est\u00e1s lesionado por correr"},"content":{"rendered":"<p>&nbsp;<\/p>\n<div id=\"attachment_55\" style=\"width: 550px\" class=\"wp-caption aligncenter\"><a href=\"\/el-blog-de-carlos-moreno\/wp-content\/uploads\/sites\/112\/2017\/02\/moreno_xoptimizadax.jpg\"><img aria-describedby=\"caption-attachment-55\" loading=\"lazy\" class=\" wp-image-55 \" title=\"El corredor Carlos de Moreno.\" src=\"\/el-blog-de-carlos-moreno\/wp-content\/uploads\/sites\/112\/2017\/02\/moreno_xoptimizadax.jpg\" alt=\"El corredor Carlos de Moreno.\" width=\"540\" height=\"540\" srcset=\"https:\/\/static-blogs.hoy.es\/wp-content\/uploads\/sites\/112\/2017\/02\/moreno_xoptimizadax.jpg 900w, https:\/\/static-blogs.hoy.es\/wp-content\/uploads\/sites\/112\/2017\/02\/moreno_xoptimizadax-150x150.jpg 150w, https:\/\/static-blogs.hoy.es\/wp-content\/uploads\/sites\/112\/2017\/02\/moreno_xoptimizadax-300x300.jpg 300w, https:\/\/static-blogs.hoy.es\/wp-content\/uploads\/sites\/112\/2017\/02\/moreno_xoptimizadax-768x768.jpg 768w\" sizes=\"(max-width: 540px) 100vw, 540px\" \/><\/a><p id=\"caption-attachment-55\" class=\"wp-caption-text\">El corredor Carlos de Moreno.<\/p><\/div>\n<p><span style=\"font-size: small;\">El <strong>mayor enemigo de los corredores son las lesiones<\/strong>. Todos hemos estado lesionados o tocados f\u00edsicamente alguna vez. La clave si no quieres estar lesionado nunca es no moverte del sill\u00f3n, pero si te mueves corriendo es f\u00e1cil que, en alg\u00fan momento, te pase este contratiempo.<\/span><\/p>\n<p><span style=\"font-size: small;\">El mundo no acaba, aunque parezca un profundo agujero, hay luz al final y, en la mayor\u00eda de los casos, con final feliz. Mientras tanto, te explico\u00a0tres razones por las que <span style=\"text-decoration: underline;\"><strong>no deber\u00edas contar que est\u00e1s lesionado si corres<\/strong><\/span>:\u00a0<\/span><\/p>\n<p><span style=\"font-size: small;\">1. <span style=\"text-decoration: underline; font-size: medium;\"><strong>Mantener actitud positiva<\/strong><\/span><\/span><\/p>\n<p><span style=\"font-size: small;\">Para m\u00ed, \u00a0la m\u00e1s importante de las razones por las que debes mantener la boca cerrada es porque, aunque pases 300 d\u00edas al a\u00f1o corriendo, y durante 15 d\u00edas tengas que parar por motivos f\u00edsicos, al que se lo cuentes se va a quedar solo con la parte de que est\u00e1s lesionado. Si por circunstancias, te ves obligado a parar en dos momentos en la temporada, parecer\u00e1 que has pasado el a\u00f1o entero tumbado en la cama, y dar\u00e1 la sensaci\u00f3n de que siempre est\u00e1s lesionado. No importa lo que la gente piense, pero de esta manera evitar\u00e1s frases hechas del tipo &#8220;los corredores est\u00e1is siempre lesionados&#8221;.<\/span><\/p>\n<p><span style=\"font-size: small;\">2. <span style=\"text-decoration: underline; font-size: medium;\"><strong>Objetivo: estar recuperado<\/strong><\/span><\/span><\/p>\n<p><span style=\"font-size: small;\">Tu objetivo es recuperarte, y recuperarte lo antes posible. Por eso siempre debemos hablar en t\u00e9rminos positivos quit\u00e1ndole importancia, y dando la visi\u00f3n m\u00e1s optimista de nuestro problema. Puedes compartir tu situaci\u00f3n con las personas m\u00e1s cercanas, pero mi consejo es que no vayas contando tu vida a todo que se te cruza por el camino. No utilices la palabra &#8216;lesi\u00f3n&#8217;. \u00a0Puedes referirte a este periodo como &#8220;peque\u00f1as molestias que me han obligado parar un par de d\u00edas&#8221;.<\/span><\/p>\n<p><span style=\"font-size: small;\">3. <span style=\"text-decoration: underline; font-size: medium;\"><strong>No escuches opiniones que no hayas pedido<\/strong><\/span><\/span><\/p>\n<p><span style=\"font-size: small;\">Si cuentas que est\u00e1s lesionado, dar\u00e1s pie a que te den su opini\u00f3n al respecto, y eso puede terminar por cansarte. Unos te dir\u00e1n que es porque has entrenado mucho; \u00a0otros te dir\u00e1n que porque entrenas poco; \u00a0uno,s que porque entrenas por superficies duras; \u00a0otros, que porque entrenas por monta\u00f1a. All final, todos opinan, y el \u00fanico que tiene la capacidad para valorar junto con un profesional los porqu\u00e9s de lo que te ha ocurrido, eres t\u00fa mismo.<\/span><\/p>\n<p><span style=\"font-size: small;\">Por \u00faltimo, <span style=\"text-decoration: underline;\"><strong>quejarse es de viejos<\/strong><\/span>, No seas un viejo cascarrabias, y no est\u00e9s todo el d\u00eda llorando por las esquinas.<\/span><\/p>\n<p><span style=\"font-size: small;\">&#8220;<strong>Enfr\u00e9ntate de una manera directa, con una actitud positiva, y siempre con las miras puestas en tu regreso&#8221;<\/strong> (carlosdemoreno)<\/span><\/p>\n<!-- AddThis Advanced Settings generic via filter on the_content --><!-- AddThis Share Buttons generic via filter on the_content -->","protected":false},"excerpt":{"rendered":"<p>&nbsp; El mayor enemigo de los corredores son las lesiones. Todos hemos estado lesionados o tocados f\u00edsicamente alguna vez. La clave si no quieres estar lesionado nunca es no moverte del sill\u00f3n, pero si te mueves corriendo es f\u00e1cil que, en alg\u00fan momento, te pase este contratiempo. El mundo no acaba, aunque parezca un profundo [&hellip;]<!-- AddThis Advanced Settings generic via filter on get_the_excerpt --><!-- AddThis Share Buttons generic via filter on get_the_excerpt --><\/p>\n","protected":false},"author":135,"featured_media":0,"comment_status":"open","ping_status":"closed","sticky":false,"template":"","format":"standard","meta":[],"categories":[2],"tags":[16,18,55,59,60,77,78],"_links":{"self":[{"href":"https:\/\/blogs.hoy.es\/el-blog-de-carlos-moreno\/wp-json\/wp\/v2\/posts\/54"}],"collection":[{"href":"https:\/\/blogs.hoy.es\/el-blog-de-carlos-moreno\/wp-json\/wp\/v2\/posts"}],"about":[{"href":"https:\/\/blogs.hoy.es\/el-blog-de-carlos-moreno\/wp-json\/wp\/v2\/types\/post"}],"author":[{"embeddable":true,"href":"https:\/\/blogs.hoy.es\/el-blog-de-carlos-moreno\/wp-json\/wp\/v2\/users\/135"}],"replies":[{"embeddable":true,"href":"https:\/\/blogs.hoy.es\/el-blog-de-carlos-moreno\/wp-json\/wp\/v2\/comments?post=54"}],"version-history":[{"count":0,"href":"https:\/\/blogs.hoy.es\/el-blog-de-carlos-moreno\/wp-json\/wp\/v2\/posts\/54\/revisions"}],"wp:attachment":[{"href":"https:\/\/blogs.hoy.es\/el-blog-de-carlos-moreno\/wp-json\/wp\/v2\/media?parent=54"}],"wp:term":[{"taxonomy":"category","embeddable":true,"href":"https:\/\/blogs.hoy.es\/el-blog-de-carlos-moreno\/wp-json\/wp\/v2\/categories?post=54"},{"taxonomy":"post_tag","embeddable":true,"href":"https:\/\/blogs.hoy.es\/el-blog-de-carlos-moreno\/wp-json\/wp\/v2\/tags?post=54"}],"curies":[{"name":"wp","href":"https:\/\/api.w.org\/{rel}","templated":true}]}}