{"id":1,"date":"2012-05-22T18:23:56","date_gmt":"2012-05-22T18:23:56","guid":{"rendered":"http:\/\/blogs.hoy.es\/elluminoso\/?p=1"},"modified":"2017-04-28T17:29:37","modified_gmt":"2017-04-28T15:29:37","slug":"1","status":"publish","type":"post","link":"https:\/\/blogs.hoy.es\/elluminoso\/2012\/05\/22\/1\/","title":{"rendered":"1. Sergio y yo"},"content":{"rendered":"<p><a href=\"\/elluminoso\/wp-content\/uploads\/sites\/44\/2012\/05\/sergio.jpg\"><img loading=\"lazy\" class=\"size-medium wp-image-11 alignright\" title=\"sergio\" src=\"\/elluminoso\/wp-content\/uploads\/sites\/44\/2012\/05\/sergio-300x300.jpg\" alt=\"\" width=\"270\" height=\"270\" srcset=\"https:\/\/static-blogs.hoy.es\/wp-content\/uploads\/sites\/44\/2012\/05\/sergio-300x300.jpg 300w, https:\/\/static-blogs.hoy.es\/wp-content\/uploads\/sites\/44\/2012\/05\/sergio-150x150.jpg 150w, https:\/\/static-blogs.hoy.es\/wp-content\/uploads\/sites\/44\/2012\/05\/sergio.jpg 390w\" sizes=\"(max-width: 270px) 100vw, 270px\" \/><\/a>Ayer me top\u00e9 en Ebay con <a title=\"\u00ab\u00bfEs un ave?\u00bfEs un avi\u00f3n?\u00a1No, es el bal\u00f3n de Sergio Ramos!\u00bb\" href=\"http:\/\/www.hoy.es\/rc\/20120426\/deportes\/futbol\/avion-balon-sergio-ramos-201204261317.html\" target=\"_blank\">el supuesto bal\u00f3n que Sergio Ramos puso en \u00f3rbita<\/a> en la tanda de penaltis de la semifinal de Champions ante el Bayern. Como no me fiaba mucho intent\u00e9 verificar su autenticidad, eran 3.000 euros que me sobran pero que no quer\u00eda regalar. Me puse en contacto con la fuente, que es lo que hace un buen periodista.<\/p>\n<p><a title=\"@hoy_deportes\" href=\"https:\/\/twitter.com\/#!\/hoy_deportes\" target=\"_blank\">@hoy_deportes<\/a>: Hola soy tu fan n\u00famero uno <em>(Un poco de vaselina)<\/em> y quiero hacerte una pregunta.<\/p>\n<p><a title=\"@SergioRamos\" href=\"https:\/\/twitter.com\/#!\/SergioRamos\" target=\"_blank\">@Sergio Ramos<\/a>:\u00a0 Hola <em>(Contest\u00f3 r\u00e1pido)<\/em> No, eres mi fan n\u00famero 2.307.501 jejejejejejejeje <em>(La vaselina no hizo su efecto, pero hab\u00eda conectado)<\/em><\/p>\n<p>@hoy_deportes: He encontrado en Ebay este bal\u00f3n<em> (Adjunto foto)<\/em> \u00bfEs el que sacaste del Bernab\u00e9u ante el Bayern?<\/p>\n<p>@Sergio Ramos:No lo s\u00e9, le perd\u00ed de vista. jejejejejeje<\/p>\n<p>@hoy_deportes: Jejejejeje <em>(Re\u00ed para empatizar)<\/em><\/p>\n<p>@Sergio Ramos: Jejejejeje <em>(La conversaci\u00f3n estaba estancada)<\/em><\/p>\n<p>@hoy_deportes: Bueno, gracias. Seguir\u00e9 intent\u00e1ndolo.<\/p>\n<p>@Sergio Ramos:Gracias a ti. Jejejejejeje. Pero si tienes 3.000 euros vente a mi casa y le doy una patada a un bal\u00f3n y si lo encuentras te lo quedas. Jejejejeje<\/p>\n<p>@hoy_deportes: No es lo mismo, gracias.<\/p>\n<p>@Sergio Ramos: Ya, Jejejejeje. Pero es lo que suelo hacer.<\/p>\n<p>@hoy_deportes: \u00bfC\u00f3mo?<\/p>\n<p>@Sergio Ramos: Esta semana ya he pateado 12 balones por el patio. Jejejeje. Echa cuentas. Jejejejeje.<\/p>\n<p>Ahora ya sabes la raz\u00f3n de la eterna sonrisa de Sergio.<\/p>\n<p>&nbsp;<\/p>\n<p>&nbsp;<\/p>\n<p>&nbsp;<\/p>\n<!-- AddThis Advanced Settings generic via filter on the_content --><!-- AddThis Share Buttons generic via filter on the_content -->","protected":false},"excerpt":{"rendered":"<p>Ayer me top\u00e9 en Ebay con el supuesto bal\u00f3n que Sergio Ramos puso en \u00f3rbita en la tanda de penaltis de la semifinal de Champions ante el Bayern. Como no me fiaba mucho intent\u00e9 verificar su autenticidad, eran 3.000 euros que me sobran pero que no quer\u00eda regalar. Me puse en contacto con la fuente, [&hellip;]<!-- AddThis Advanced Settings generic via filter on get_the_excerpt --><!-- AddThis Share Buttons generic via filter on get_the_excerpt --><\/p>\n","protected":false},"author":48,"featured_media":0,"comment_status":"open","ping_status":"closed","sticky":false,"template":"","format":"standard","meta":[],"categories":[7,20,23],"tags":[],"_links":{"self":[{"href":"https:\/\/blogs.hoy.es\/elluminoso\/wp-json\/wp\/v2\/posts\/1"}],"collection":[{"href":"https:\/\/blogs.hoy.es\/elluminoso\/wp-json\/wp\/v2\/posts"}],"about":[{"href":"https:\/\/blogs.hoy.es\/elluminoso\/wp-json\/wp\/v2\/types\/post"}],"author":[{"embeddable":true,"href":"https:\/\/blogs.hoy.es\/elluminoso\/wp-json\/wp\/v2\/users\/48"}],"replies":[{"embeddable":true,"href":"https:\/\/blogs.hoy.es\/elluminoso\/wp-json\/wp\/v2\/comments?post=1"}],"version-history":[{"count":1,"href":"https:\/\/blogs.hoy.es\/elluminoso\/wp-json\/wp\/v2\/posts\/1\/revisions"}],"predecessor-version":[{"id":46,"href":"https:\/\/blogs.hoy.es\/elluminoso\/wp-json\/wp\/v2\/posts\/1\/revisions\/46"}],"wp:attachment":[{"href":"https:\/\/blogs.hoy.es\/elluminoso\/wp-json\/wp\/v2\/media?parent=1"}],"wp:term":[{"taxonomy":"category","embeddable":true,"href":"https:\/\/blogs.hoy.es\/elluminoso\/wp-json\/wp\/v2\/categories?post=1"},{"taxonomy":"post_tag","embeddable":true,"href":"https:\/\/blogs.hoy.es\/elluminoso\/wp-json\/wp\/v2\/tags?post=1"}],"curies":[{"name":"wp","href":"https:\/\/api.w.org\/{rel}","templated":true}]}}