{"id":20,"date":"2012-06-03T21:14:29","date_gmt":"2012-06-03T19:14:29","guid":{"rendered":"http:\/\/blogs.hoy.es\/elluminoso\/?p=20"},"modified":"2012-06-03T21:14:29","modified_gmt":"2012-06-03T19:14:29","slug":"5-deporte-o-toros","status":"publish","type":"post","link":"https:\/\/blogs.hoy.es\/elluminoso\/2012\/06\/03\/5-deporte-o-toros\/","title":{"rendered":"5. \u00bfDeporte o toros?"},"content":{"rendered":"<div id=\"attachment_22\" style=\"width: 267px\" class=\"wp-caption alignright\"><a href=\"\/elluminoso\/wp-content\/uploads\/sites\/44\/2012\/06\/A12-446048848.jpg\"><img aria-describedby=\"caption-attachment-22\" loading=\"lazy\" class=\"size-large wp-image-22 \" title=\"Una limosnita, por favor.\" src=\"\/elluminoso\/wp-content\/uploads\/sites\/44\/2012\/06\/A12-446048848.jpg\" alt=\"Una limosnita, por favor.\" width=\"257\" height=\"387\" srcset=\"https:\/\/static-blogs.hoy.es\/wp-content\/uploads\/sites\/44\/2012\/06\/A12-446048848.jpg 1359w, https:\/\/static-blogs.hoy.es\/wp-content\/uploads\/sites\/44\/2012\/06\/A12-446048848-199x300.jpg 199w, https:\/\/static-blogs.hoy.es\/wp-content\/uploads\/sites\/44\/2012\/06\/A12-446048848-768x1157.jpg 768w, https:\/\/static-blogs.hoy.es\/wp-content\/uploads\/sites\/44\/2012\/06\/A12-446048848-680x1024.jpg 680w\" sizes=\"(max-width: 257px) 100vw, 257px\" \/><\/a><p id=\"caption-attachment-22\" class=\"wp-caption-text\">Una limosnita, por favor.<\/p><\/div>\n<p>En <a title=\"Su p\u00e1gina oficial\" href=\"http:\/\/www.guijodegalisteo.es\/\"><strong>Guijo de Galisteo<\/strong><\/a> han jugado este fin de semana a ser <strong>Suiza<\/strong> y se han inventado un refer\u00e9ndum para decidir en qu\u00e9 se gastan el maltrecho presupuesto para fiestas. <strong>El alcalde<\/strong> no deb\u00eda llevar en el programa lo de quitar los toros de las fiestas y <strong>no ha tenido el coraje de Rajoy<\/strong> para saltarse el programa a la torera.<\/p>\n<p>No voy a entrar en el <strong><a title=\"Lo que dice el HOY\" href=\"http:\/\/www.hoy.es\/20120603\/local\/plasencia\/toros-capotazo-empleo-201206031728.html\">resultado<\/a>,<\/strong> que por cierto me parece el previsible, sino en los <strong>efectos secundarios<\/strong> que la fiebre consultiva puede tener si se extiende por esta tierra de toros. <strong>Empezamos por \u00bftoros o empleo?, seguimos por \u00bftoros o baloncesto? y terminamos por \u00bff\u00fatbol o profesores?<\/strong>&#8230;. <a title=\"Pedrea lo dijo\" href=\"http:\/\/www.hoy.es\/v\/20120523\/deportes\/baloncesto\/pedrera-quiere-ascenso-pero-20120523.html\"><strong>La Junta de Extremadura<\/strong><\/a> lo tiene claro, cualquier cosa antes que baloncesto, as\u00ed se lo dijo al C\u00e1ceres cuando ten\u00eda posibilidades de subir a ACB. Pero la alcaldesa <strong>Elena Nevado<\/strong> se puede liar la manta a la cabeza y poner unas urnas en C\u00e1novas para ver si el a\u00f1o que viene se evita la subvenci\u00f3n con el benepl\u00e1cito de la afici\u00f3n.<\/p>\n<p>El eterno <strong>Celdr\u00e1n<\/strong> tambi\u00e9n estar\u00eda encantado si antes de que se jubile sus votantes le quitan de encima a los pesados del Badajoz y sus escasos <strong>incondicionales<\/strong>. Aunque viendo el \u00e9xito de la <a title=\"Pocos pero ruidosos\" href=\"http:\/\/www.hoy.es\/v\/20120603\/deportes\/segunda-b\/otro-latido-corazon-blanquinegro-20120603.html\"><strong>convocatoria del s\u00e1bado<\/strong><\/a>, Celdr\u00e1n no va a tener ni que hacer un refer\u00e9ndum. Un d\u00eda el presidente de turno llegar\u00e1 al despacho de la Plaza de Espa\u00f1a diciendo eso de que el Badajoz representa a la ciudad por toda Espa\u00f1a y el alcalde de turno le amenazar\u00e1 con un refer\u00e9ndum. Uno respirar\u00e1 aliviado y el otro buscar\u00e1 una puerta falsa para abandonar el club de sus amores mientras le dur\u00f3 el dinero. A lo mejor estoy un poco negativo, pero ya veremos a quien da la raz\u00f3n el tiempo.<\/p>\n<!-- AddThis Advanced Settings generic via filter on the_content --><!-- AddThis Share Buttons generic via filter on the_content -->","protected":false},"excerpt":{"rendered":"<p>En Guijo de Galisteo han jugado este fin de semana a ser Suiza y se han inventado un refer\u00e9ndum para decidir en qu\u00e9 se gastan el maltrecho presupuesto para fiestas. El alcalde no deb\u00eda llevar en el programa lo de quitar los toros de las fiestas y no ha tenido el coraje de Rajoy para [&hellip;]<!-- AddThis Advanced Settings generic via filter on get_the_excerpt --><!-- AddThis Share Buttons generic via filter on get_the_excerpt --><\/p>\n","protected":false},"author":48,"featured_media":0,"comment_status":"open","ping_status":"closed","sticky":false,"template":"","format":"standard","meta":[],"categories":[3,8,12,25],"tags":[],"_links":{"self":[{"href":"https:\/\/blogs.hoy.es\/elluminoso\/wp-json\/wp\/v2\/posts\/20"}],"collection":[{"href":"https:\/\/blogs.hoy.es\/elluminoso\/wp-json\/wp\/v2\/posts"}],"about":[{"href":"https:\/\/blogs.hoy.es\/elluminoso\/wp-json\/wp\/v2\/types\/post"}],"author":[{"embeddable":true,"href":"https:\/\/blogs.hoy.es\/elluminoso\/wp-json\/wp\/v2\/users\/48"}],"replies":[{"embeddable":true,"href":"https:\/\/blogs.hoy.es\/elluminoso\/wp-json\/wp\/v2\/comments?post=20"}],"version-history":[{"count":0,"href":"https:\/\/blogs.hoy.es\/elluminoso\/wp-json\/wp\/v2\/posts\/20\/revisions"}],"wp:attachment":[{"href":"https:\/\/blogs.hoy.es\/elluminoso\/wp-json\/wp\/v2\/media?parent=20"}],"wp:term":[{"taxonomy":"category","embeddable":true,"href":"https:\/\/blogs.hoy.es\/elluminoso\/wp-json\/wp\/v2\/categories?post=20"},{"taxonomy":"post_tag","embeddable":true,"href":"https:\/\/blogs.hoy.es\/elluminoso\/wp-json\/wp\/v2\/tags?post=20"}],"curies":[{"name":"wp","href":"https:\/\/api.w.org\/{rel}","templated":true}]}}