{"id":30,"date":"2012-06-12T11:34:36","date_gmt":"2012-06-12T09:34:36","guid":{"rendered":"http:\/\/blogs.hoy.es\/elluminoso\/?p=30"},"modified":"2012-06-12T11:34:36","modified_gmt":"2012-06-12T09:34:36","slug":"8-la-mejor-ciclista-del-mundo","status":"publish","type":"post","link":"https:\/\/blogs.hoy.es\/elluminoso\/2012\/06\/12\/8-la-mejor-ciclista-del-mundo\/","title":{"rendered":"8. La mejor ciclista del mundo"},"content":{"rendered":"<div id=\"attachment_31\" style=\"width: 310px\" class=\"wp-caption alignright\"><a href=\"\/elluminoso\/wp-content\/uploads\/sites\/44\/2012\/06\/ella.jpg\"><img aria-describedby=\"caption-attachment-31\" loading=\"lazy\" class=\"size-medium wp-image-31 \" title=\"Mar\u00eda del Mar cruza la meta de Torre-Pacheco.\" src=\"\/elluminoso\/wp-content\/uploads\/sites\/44\/2012\/06\/ella.jpg\" alt=\"Mar\u00eda del Mar cruza la meta de Torre-Pacheco.\" width=\"300\" height=\"205\" srcset=\"https:\/\/static-blogs.hoy.es\/wp-content\/uploads\/sites\/44\/2012\/06\/ella.jpg 554w, https:\/\/static-blogs.hoy.es\/wp-content\/uploads\/sites\/44\/2012\/06\/ella-300x205.jpg 300w\" sizes=\"(max-width: 300px) 100vw, 300px\" \/><\/a><p id=\"caption-attachment-31\" class=\"wp-caption-text\">Mar\u00eda del Mar cruza la meta de Torre-Pacheco.<\/p><\/div>\n<p>Ni el falso nueve, ni Nadal, ni las deudas del Badajoz, <a href=\"http:\/\/hoy.kioskoymas.com\/epaper\/viewer.aspx\"><strong>la noticia deportiva m\u00e1s importante de hoy es la victoria de Mar\u00eda del Mar Solera<\/strong><\/a> en Torre-Pacheco. Ni quiero ni puedo ser objetivo, la relaci\u00f3n telef\u00f3nica que tengo con Mar\u00eda del Mar me obliga a escribir estas l\u00edneas. Ayer me llam\u00f3 para cont\u00e1rmelo porque <strong>sus aventuras no salen en los teletipos de EFE<\/strong> y Murcia est\u00e1 muy lejos.<\/p>\n<p>A este lado del tel\u00e9fono me la imaginaba <strong>sonriendo<\/strong> hasta las agujetas, me la imaginaba d\u00e1ndole vueltas durante semanas al recorrido de la carrera -el \u00fanico completamente llano de la Copa de Espa\u00f1a-, me la imaginaba <strong>atacando<\/strong> una y otra vez hasta que lleg\u00f3 la buena, me la imaginaba <strong>animando<\/strong> a su compa\u00f1era\/enemiga para que no se dejara caer, me la imaginaba <strong>cruzando la meta<\/strong>, levantando por primera vez el pu\u00f1o, en el <strong>podio<\/strong>, me la imaginaba de vuelta a Zafra, hablando por tel\u00e9fono con unos y otros, me la imaginaba en el Hospital con sus compa\u00f1eros y sin tener raz\u00f3n para ello hac\u00eda un poco m\u00eda esa victoria.<\/p>\n<p>Luego, cuando colgamos, segu\u00eda imagin\u00e1ndome cosas. Me acordaba de las<strong> largas jornadas de trabajo<\/strong> dentro y fuera de casa y entrenamiento, de los <strong>1.600 kil\u00f3metros de coche<\/strong> que se hace casi todas las semanas para correr en el Pa\u00eds Vasco, me la imaginaba <strong>con 52 a\u00f1os rodeada de ni\u00f1a<\/strong>s, me la imaginaba <a title=\"Su tal\u00f3n de Aquiles\" href=\"http:\/\/www.hoy.es\/v\/20120325\/deportes\/mas-deporte\/bajara-bien-otro-gallo-20120325.html\"><strong>cruzando los dedos en las bajadas y apretando los dientes en las subidas<\/strong><\/a>, me la imaginaba buscando equipo por Espa\u00f1a porque en Extremadura nadie se lanza a competir, que es lo que le gusta a ella.<\/p>\n<p>Y todo eso hac\u00eda m\u00e1s grande su victoria. No era una prueba puntuable para la <a title=\"La cr\u00f3nica oficial\" href=\"http:\/\/www.rfec.com\/vistas\/noticias\/cronica.aspx?id=12633\">Copa de Espa\u00f1a<\/a>, pero<strong> las l\u00edderes de la clasificaci\u00f3n estaban all\u00ed y entraron muy lejos de Mar\u00eda del Mar<\/strong>. Una pena. Hay m\u00e1s deportistas como ella, pero hoy es su d\u00eda, hoy es la mejor ciclista del mundo porque se lo ha ganado, porque lo era antes de ganar y porque lo ser\u00e1 cuando cuelgue la bici. Y porque este es mi blog y los t\u00edtulo los reparto yo.<\/p>\n<!-- AddThis Advanced Settings generic via filter on the_content --><!-- AddThis Share Buttons generic via filter on the_content -->","protected":false},"excerpt":{"rendered":"<p>Ni el falso nueve, ni Nadal, ni las deudas del Badajoz, la noticia deportiva m\u00e1s importante de hoy es la victoria de Mar\u00eda del Mar Solera en Torre-Pacheco. Ni quiero ni puedo ser objetivo, la relaci\u00f3n telef\u00f3nica que tengo con Mar\u00eda del Mar me obliga a escribir estas l\u00edneas. Ayer me llam\u00f3 para cont\u00e1rmelo porque [&hellip;]<!-- AddThis Advanced Settings generic via filter on get_the_excerpt --><!-- AddThis Share Buttons generic via filter on get_the_excerpt --><\/p>\n","protected":false},"author":48,"featured_media":0,"comment_status":"open","ping_status":"closed","sticky":false,"template":"","format":"standard","meta":[],"categories":[4,5,16,24],"tags":[],"_links":{"self":[{"href":"https:\/\/blogs.hoy.es\/elluminoso\/wp-json\/wp\/v2\/posts\/30"}],"collection":[{"href":"https:\/\/blogs.hoy.es\/elluminoso\/wp-json\/wp\/v2\/posts"}],"about":[{"href":"https:\/\/blogs.hoy.es\/elluminoso\/wp-json\/wp\/v2\/types\/post"}],"author":[{"embeddable":true,"href":"https:\/\/blogs.hoy.es\/elluminoso\/wp-json\/wp\/v2\/users\/48"}],"replies":[{"embeddable":true,"href":"https:\/\/blogs.hoy.es\/elluminoso\/wp-json\/wp\/v2\/comments?post=30"}],"version-history":[{"count":0,"href":"https:\/\/blogs.hoy.es\/elluminoso\/wp-json\/wp\/v2\/posts\/30\/revisions"}],"wp:attachment":[{"href":"https:\/\/blogs.hoy.es\/elluminoso\/wp-json\/wp\/v2\/media?parent=30"}],"wp:term":[{"taxonomy":"category","embeddable":true,"href":"https:\/\/blogs.hoy.es\/elluminoso\/wp-json\/wp\/v2\/categories?post=30"},{"taxonomy":"post_tag","embeddable":true,"href":"https:\/\/blogs.hoy.es\/elluminoso\/wp-json\/wp\/v2\/tags?post=30"}],"curies":[{"name":"wp","href":"https:\/\/api.w.org\/{rel}","templated":true}]}}