{"id":35,"date":"2012-06-16T21:35:11","date_gmt":"2012-06-16T19:35:11","guid":{"rendered":"http:\/\/blogs.hoy.es\/elluminoso\/?p=35"},"modified":"2012-06-16T21:35:11","modified_gmt":"2012-06-16T19:35:11","slug":"9-larissa-solo-hay-una","status":"publish","type":"post","link":"https:\/\/blogs.hoy.es\/elluminoso\/2012\/06\/16\/9-larissa-solo-hay-una\/","title":{"rendered":"9. Larissa solo hay una"},"content":{"rendered":"<p>En esto del deporte todo se repite. Ligas, eurocopas, mundiales de esto y aquello, fases de ascenso&#8230;. el periodista y el aficionado viven en un continuo d\u00e9j\u00e0 vu. Pero lo que no voy a permitir es que alguien convierta en algo casual la aparici\u00f3n en nuestras vidas de <strong><a title=\"Su p\u00e1gina oficial\" href=\"http:\/\/www.larissariquelme.com\/\" target=\"_blank\">Larissa Riquelme<\/a><\/strong>. Ella es \u00fanica. No ha m\u00e1s larissas riquelmes. El otro d\u00eda <a title=\"Hola\" href=\"http:\/\/br.esportes.yahoo.com\/fotos\/a-larissa-riquelme-da-eurocopa-slideshow\/natalia-siwiec-photo-1339707026.html\" target=\"_blank\">en la grada del Polonia-Rusia<\/a> brill\u00f3 con luz propia una tal <strong><a title=\"Su p\u00e1gina oficial\" href=\"http:\/\/www.nataliyah.com\/\" target=\"_blank\">Natalie Siwiec<\/a><\/strong>. Bella modelo polaca llena de razones para ser una estrella de las de ahora. Parece simp\u00e1tica y desde luego su gusto por la ropa indiscreta y la insinuaci\u00f3n poco sutil es id\u00e9ntico al de la modelo paraguaya que brot\u00f3 de las pantallas de televisi\u00f3n en el Mundial de Sud\u00e1frica <a title=\"As\u00ed naci\u00f3 una estrella\" href=\"http:\/\/www.hoy.es\/20100702\/deportes\/futbol\/modelo-larissa-riquelme-promete-201007020056.html\" target=\"_blank\">con un m\u00f3vil en la frontera entre sus dos pechos<\/a>. Pero de eso a compararlas&#8230;. Yo tengo mi favorita y aqu\u00ed les dejo un par de fotos para que ustedes elijan a la suya.<\/p>\n<div id=\"attachment_36\" style=\"width: 310px\" class=\"wp-caption aligncenter\"><a href=\"\/elluminoso\/wp-content\/uploads\/sites\/44\/2012\/06\/larissa.jpg\"><img aria-describedby=\"caption-attachment-36\" loading=\"lazy\" class=\"size-medium wp-image-36\" title=\"Larissa Riquelme\" src=\"\/elluminoso\/wp-content\/uploads\/sites\/44\/2012\/06\/larissa.jpg\" alt=\"Larissa Riquelme\" width=\"300\" height=\"201\" srcset=\"https:\/\/static-blogs.hoy.es\/wp-content\/uploads\/sites\/44\/2012\/06\/larissa.jpg 1350w, https:\/\/static-blogs.hoy.es\/wp-content\/uploads\/sites\/44\/2012\/06\/larissa-300x202.jpg 300w, https:\/\/static-blogs.hoy.es\/wp-content\/uploads\/sites\/44\/2012\/06\/larissa-768x517.jpg 768w, https:\/\/static-blogs.hoy.es\/wp-content\/uploads\/sites\/44\/2012\/06\/larissa-1024x689.jpg 1024w\" sizes=\"(max-width: 300px) 100vw, 300px\" \/><\/a><p id=\"caption-attachment-36\" class=\"wp-caption-text\">Larissa Riquelme<\/p><\/div>\n<p>&nbsp;<\/p>\n<div id=\"attachment_37\" style=\"width: 310px\" class=\"wp-caption aligncenter\"><a href=\"\/elluminoso\/wp-content\/uploads\/sites\/44\/2012\/06\/natalia.jpg\"><img aria-describedby=\"caption-attachment-37\" loading=\"lazy\" class=\"size-medium wp-image-37\" title=\"Natalia Siwiec\" src=\"\/elluminoso\/wp-content\/uploads\/sites\/44\/2012\/06\/natalia.jpg\" alt=\"Natalia Siwiec\" width=\"300\" height=\"199\" srcset=\"https:\/\/static-blogs.hoy.es\/wp-content\/uploads\/sites\/44\/2012\/06\/natalia.jpg 920w, https:\/\/static-blogs.hoy.es\/wp-content\/uploads\/sites\/44\/2012\/06\/natalia-300x200.jpg 300w, https:\/\/static-blogs.hoy.es\/wp-content\/uploads\/sites\/44\/2012\/06\/natalia-768x512.jpg 768w\" sizes=\"(max-width: 300px) 100vw, 300px\" \/><\/a><p id=\"caption-attachment-37\" class=\"wp-caption-text\">Natalia Siwiec<\/p><\/div>\n<!-- AddThis Advanced Settings generic via filter on the_content --><!-- AddThis Share Buttons generic via filter on the_content -->","protected":false},"excerpt":{"rendered":"<p>En esto del deporte todo se repite. Ligas, eurocopas, mundiales de esto y aquello, fases de ascenso&#8230;. el periodista y el aficionado viven en un continuo d\u00e9j\u00e0 vu. Pero lo que no voy a permitir es que alguien convierta en algo casual la aparici\u00f3n en nuestras vidas de Larissa Riquelme. Ella es \u00fanica. No ha [&hellip;]<!-- AddThis Advanced Settings generic via filter on get_the_excerpt --><!-- AddThis Share Buttons generic via filter on get_the_excerpt --><\/p>\n","protected":false},"author":48,"featured_media":0,"comment_status":"open","ping_status":"closed","sticky":false,"template":"","format":"standard","meta":[],"categories":[14,18,24],"tags":[],"_links":{"self":[{"href":"https:\/\/blogs.hoy.es\/elluminoso\/wp-json\/wp\/v2\/posts\/35"}],"collection":[{"href":"https:\/\/blogs.hoy.es\/elluminoso\/wp-json\/wp\/v2\/posts"}],"about":[{"href":"https:\/\/blogs.hoy.es\/elluminoso\/wp-json\/wp\/v2\/types\/post"}],"author":[{"embeddable":true,"href":"https:\/\/blogs.hoy.es\/elluminoso\/wp-json\/wp\/v2\/users\/48"}],"replies":[{"embeddable":true,"href":"https:\/\/blogs.hoy.es\/elluminoso\/wp-json\/wp\/v2\/comments?post=35"}],"version-history":[{"count":0,"href":"https:\/\/blogs.hoy.es\/elluminoso\/wp-json\/wp\/v2\/posts\/35\/revisions"}],"wp:attachment":[{"href":"https:\/\/blogs.hoy.es\/elluminoso\/wp-json\/wp\/v2\/media?parent=35"}],"wp:term":[{"taxonomy":"category","embeddable":true,"href":"https:\/\/blogs.hoy.es\/elluminoso\/wp-json\/wp\/v2\/categories?post=35"},{"taxonomy":"post_tag","embeddable":true,"href":"https:\/\/blogs.hoy.es\/elluminoso\/wp-json\/wp\/v2\/tags?post=35"}],"curies":[{"name":"wp","href":"https:\/\/api.w.org\/{rel}","templated":true}]}}