{"id":38,"date":"2012-06-17T23:06:31","date_gmt":"2012-06-17T21:06:31","guid":{"rendered":"http:\/\/blogs.hoy.es\/elluminoso\/?p=38"},"modified":"2012-06-17T23:06:31","modified_gmt":"2012-06-17T21:06:31","slug":"10-cristiano-el-ubicuo","status":"publish","type":"post","link":"https:\/\/blogs.hoy.es\/elluminoso\/2012\/06\/17\/10-cristiano-el-ubicuo\/","title":{"rendered":"10. Cristiano el ubicuo"},"content":{"rendered":"<p><strong>ubicuo<\/strong><strong>, cua<\/strong><strong>.<\/strong><\/p>\n<p>(<a>Del<\/a> <a title=\"lat\u00edn, latino o latina\">lat.<\/a> <em>ub\u012bque<\/em>, en todas partes).<\/p>\n<p><a name=\"0_1\"><\/a><strong> 1. <\/strong> adj. Dicho principalmente de Dios: Que est\u00e1 presente a un mismo tiempo en todas partes.<\/p>\n<p><a name=\"0_2\"><\/a><strong> 2. <\/strong> adj. Dicho de una persona: Que todo lo quiere presenciar y vive en continuo movimiento.<\/p>\n<p>Cuando los autores del Diccionario de la Lengua Espa\u00f1ola definieron &#8216;ubicuo&#8217; no ten\u00edan en mente a Cristiano Ronaldo, lo que no puedo ni imaginar es en lo que estaban pensando los compa\u00f1eros de Marca ayer cuando Cristiano meti\u00f3 el segundo de Portugal. No me imagino c\u00f3mo ese gol termin\u00f3 en el casillero de Dinamarca. Reconozco que me extra\u00f1\u00e9, pero dos segundos despu\u00e9s me di cuenta de que el protagonista era Cristiano y con el luso cualquier cosa es posible. Un campo de f\u00fatbol se le queda peque\u00f1o, una porter\u00eda es poca para su ansia y un partido es poco ganar. Cristiano es ubicuo porque no puede ser de otra forma, porque si est\u00e1 en una habitaci\u00f3n la llena con su presencia y escapa buscando aire. Cristiano no es Messi, pero podr\u00eda ocupar su espacio.<\/p>\n<div id=\"attachment_39\" style=\"width: 545px\" class=\"wp-caption alignleft\"><a href=\"\/elluminoso\/wp-content\/uploads\/sites\/44\/2012\/06\/lafoto2.jpg\"><img aria-describedby=\"caption-attachment-39\" loading=\"lazy\" class=\"size-large wp-image-39 \" title=\"laprueba\" src=\"\/elluminoso\/wp-content\/uploads\/sites\/44\/2012\/06\/lafoto2.jpg\" alt=\"La prueba de la ubicuidad de Cristiano\" width=\"535\" height=\"717\" srcset=\"https:\/\/static-blogs.hoy.es\/wp-content\/uploads\/sites\/44\/2012\/06\/lafoto2.jpg 1000w, https:\/\/static-blogs.hoy.es\/wp-content\/uploads\/sites\/44\/2012\/06\/lafoto2-224x300.jpg 224w, https:\/\/static-blogs.hoy.es\/wp-content\/uploads\/sites\/44\/2012\/06\/lafoto2-768x1028.jpg 768w, https:\/\/static-blogs.hoy.es\/wp-content\/uploads\/sites\/44\/2012\/06\/lafoto2-765x1024.jpg 765w\" sizes=\"(max-width: 535px) 100vw, 535px\" \/><\/a><p id=\"caption-attachment-39\" class=\"wp-caption-text\">La prueba de la ubicuidad de Cristiano<\/p><\/div>\n<!-- AddThis Advanced Settings generic via filter on the_content --><!-- AddThis Share Buttons generic via filter on the_content -->","protected":false},"excerpt":{"rendered":"<p>ubicuo, cua. (Del lat. ub\u012bque, en todas partes). 1. adj. Dicho principalmente de Dios: Que est\u00e1 presente a un mismo tiempo en todas partes. 2. adj. Dicho de una persona: Que todo lo quiere presenciar y vive en continuo movimiento. Cuando los autores del Diccionario de la Lengua Espa\u00f1ola definieron &#8216;ubicuo&#8217; no ten\u00edan en mente [&hellip;]<!-- AddThis Advanced Settings generic via filter on get_the_excerpt --><!-- AddThis Share Buttons generic via filter on get_the_excerpt --><\/p>\n","protected":false},"author":48,"featured_media":0,"comment_status":"open","ping_status":"closed","sticky":false,"template":"","format":"standard","meta":[],"categories":[6,17,24,26],"tags":[],"_links":{"self":[{"href":"https:\/\/blogs.hoy.es\/elluminoso\/wp-json\/wp\/v2\/posts\/38"}],"collection":[{"href":"https:\/\/blogs.hoy.es\/elluminoso\/wp-json\/wp\/v2\/posts"}],"about":[{"href":"https:\/\/blogs.hoy.es\/elluminoso\/wp-json\/wp\/v2\/types\/post"}],"author":[{"embeddable":true,"href":"https:\/\/blogs.hoy.es\/elluminoso\/wp-json\/wp\/v2\/users\/48"}],"replies":[{"embeddable":true,"href":"https:\/\/blogs.hoy.es\/elluminoso\/wp-json\/wp\/v2\/comments?post=38"}],"version-history":[{"count":0,"href":"https:\/\/blogs.hoy.es\/elluminoso\/wp-json\/wp\/v2\/posts\/38\/revisions"}],"wp:attachment":[{"href":"https:\/\/blogs.hoy.es\/elluminoso\/wp-json\/wp\/v2\/media?parent=38"}],"wp:term":[{"taxonomy":"category","embeddable":true,"href":"https:\/\/blogs.hoy.es\/elluminoso\/wp-json\/wp\/v2\/categories?post=38"},{"taxonomy":"post_tag","embeddable":true,"href":"https:\/\/blogs.hoy.es\/elluminoso\/wp-json\/wp\/v2\/tags?post=38"}],"curies":[{"name":"wp","href":"https:\/\/api.w.org\/{rel}","templated":true}]}}