{"id":44,"date":"2012-07-03T18:12:12","date_gmt":"2012-07-03T16:12:12","guid":{"rendered":"http:\/\/blogs.hoy.es\/elluminoso\/?p=44"},"modified":"2012-07-03T18:12:12","modified_gmt":"2012-07-03T16:12:12","slug":"12-no-quiero-irme-de-vacaciones","status":"publish","type":"post","link":"https:\/\/blogs.hoy.es\/elluminoso\/2012\/07\/03\/12-no-quiero-irme-de-vacaciones\/","title":{"rendered":"12. No quiero irme de vacaciones"},"content":{"rendered":"<p><strong>No me merezco un mes de vacaciones<\/strong>. Dentro del despacho de\u00a0 mi jefe lo negar\u00e9, pero es una sensaci\u00f3n que tengo desde chico. En la escuela no hac\u00eda los deberes, en el instituto no estudiaba y en la universidad no iba a clase y siempre ten\u00eda las mismas vacaciones que el resto de mis compa\u00f1eros. Injusto a todas luces.<\/p>\n<p>Pero este a\u00f1o es distinto. Sigo sin merecerlas, pero ahora, adem\u00e1s, <strong>temo la vuelta<\/strong>. En el pr\u00f3ximo mes, mi trabajo puede desaparecer o cambiar para peor, y no hablo de la crisis de la prensa, hablo de la crisis del deporte extreme\u00f1o. Un peque\u00f1o resumen. <strong>El Badajoz ya no est\u00e1<\/strong>, antes cay\u00f3 el <strong>Sporting<\/strong> y mucho antes el <strong>Cerro<\/strong>. Los que quedan est\u00e1n como est\u00e1n. El <strong>Arroyo<\/strong> se vuelve a enganchar al clavo de su presidente y en el <strong>Cacere\u00f1o<\/strong> las rebajas son como las de El Corte Ingl\u00e9s, hasta del 50%. En Tercera, la <strong>UD Badajoz<\/strong> tiene que arreglar unos problemillas internos que la han dejado sin directiva, el <strong>D\u00edter<\/strong> no se habla con la alcaldesa, el <strong>M\u00e9rida<\/strong> volver\u00e1 a desaparecer si alguien no lo remedia, en <strong>Don Benito<\/strong> tambi\u00e9n hay rebajas anunciadas y en el resto de equipos las llevan en secreto.<\/p>\n<p>En el baloncesto, la cosa no est\u00e1 mucho mejor. En <strong>C\u00e1ceres<\/strong> dicen que Oro o nada, en <strong>Plasencia<\/strong>, que la Plata no les gusta y en <strong>Badajoz<\/strong> siguen pidiendo ayudas para seguir en el pozo de la EBA. El <strong>Escubal Balonmano Badajoz<\/strong> tendr\u00e1 que buscar debajo de las piedras los apoyos que le permitan seguir acumulando deudas una temporada m\u00e1s. El <strong>Arroyo<\/strong> se ha ido de vacaciones sin concretar la continuidad de sus jugadoras e incluso si est\u00e1 temporada participar\u00e1 en Superliga 2. Y ni sigo que me deprimo y ma\u00f1ana me voy a la playa.<\/p>\n<p><strong>Demasiadas miserias para ser optimista<\/strong>, demasiadas miserias para no temer la vuelta de las vacaciones.<\/p>\n<!-- AddThis Advanced Settings generic via filter on the_content --><!-- AddThis Share Buttons generic via filter on the_content -->","protected":false},"excerpt":{"rendered":"<p>No me merezco un mes de vacaciones. Dentro del despacho de\u00a0 mi jefe lo negar\u00e9, pero es una sensaci\u00f3n que tengo desde chico. En la escuela no hac\u00eda los deberes, en el instituto no estudiaba y en la universidad no iba a clase y siempre ten\u00eda las mismas vacaciones que el resto de mis compa\u00f1eros. [&hellip;]<!-- AddThis Advanced Settings generic via filter on get_the_excerpt --><!-- AddThis Share Buttons generic via filter on get_the_excerpt --><\/p>\n","protected":false},"author":48,"featured_media":0,"comment_status":"open","ping_status":"closed","sticky":false,"template":"","format":"standard","meta":[],"categories":[24],"tags":[],"_links":{"self":[{"href":"https:\/\/blogs.hoy.es\/elluminoso\/wp-json\/wp\/v2\/posts\/44"}],"collection":[{"href":"https:\/\/blogs.hoy.es\/elluminoso\/wp-json\/wp\/v2\/posts"}],"about":[{"href":"https:\/\/blogs.hoy.es\/elluminoso\/wp-json\/wp\/v2\/types\/post"}],"author":[{"embeddable":true,"href":"https:\/\/blogs.hoy.es\/elluminoso\/wp-json\/wp\/v2\/users\/48"}],"replies":[{"embeddable":true,"href":"https:\/\/blogs.hoy.es\/elluminoso\/wp-json\/wp\/v2\/comments?post=44"}],"version-history":[{"count":0,"href":"https:\/\/blogs.hoy.es\/elluminoso\/wp-json\/wp\/v2\/posts\/44\/revisions"}],"wp:attachment":[{"href":"https:\/\/blogs.hoy.es\/elluminoso\/wp-json\/wp\/v2\/media?parent=44"}],"wp:term":[{"taxonomy":"category","embeddable":true,"href":"https:\/\/blogs.hoy.es\/elluminoso\/wp-json\/wp\/v2\/categories?post=44"},{"taxonomy":"post_tag","embeddable":true,"href":"https:\/\/blogs.hoy.es\/elluminoso\/wp-json\/wp\/v2\/tags?post=44"}],"curies":[{"name":"wp","href":"https:\/\/api.w.org\/{rel}","templated":true}]}}