{"id":12,"date":"2013-05-08T18:41:59","date_gmt":"2013-05-08T16:41:59","guid":{"rendered":"http:\/\/blogs.hoy.es\/elperistilo\/?p=12"},"modified":"2013-05-08T18:41:59","modified_gmt":"2013-05-08T16:41:59","slug":"trece-ano-haciendo-festival-de-calle","status":"publish","type":"post","link":"https:\/\/blogs.hoy.es\/elperistilo\/2013\/05\/08\/trece-ano-haciendo-festival-de-calle\/","title":{"rendered":"Trece a\u00f1os haciendo Festival de calle"},"content":{"rendered":"<p>Si hay alguna compa\u00f1\u00eda que ostente el r\u00e9cord de actuaciones en el Festival de M\u00e9rida, esa es una de la casa: <strong><a href=\"http:\/\/www.taptcteatro.com\/\">TAPTC? Teatro<\/a><\/strong> lleva trece a\u00f1os trabajando y participando en el <strong><a href=\"http:\/\/www.festivaldemerida.es\/\">Festival<\/a><\/strong>, en su vertiente m\u00e1s popular. Desde la calle y los rincones patrimoniales de la ciudad, esta compa\u00f1\u00eda de teatro nunca ha faltado a su cita con el verano emeritense. Y con ellos, sus alumnos. Centenares de personas que han vivido la experiencia del teatro cl\u00e1sico gracias a <em>Raquel Bazo, Juan Carlos Tirado o Javier Llanos.<\/em><\/p>\n<p>Y este a\u00f1o, como no pod\u00eda ser menos, repiten en nuestro evento veraniego. Y lo hacen con una nueva edici\u00f3n, m\u00e1s completa, de <span style=\"text-decoration: underline;\"><a href=\"http:\/\/www.festivaldemerida.es\/programacion-off.php\">&#8216;Augusto en M\u00e9rida&#8217;<\/a><\/span>. Una serie de talleres formativos en los que participan un centenar de personas y que comenzaron su andadura en el mes de abril. Hasta Julio estar\u00e1n hablando y disfrutando de las t<em>ragedias cl\u00e1sicas, de los juegos y de las historias jam\u00e1s contadas<\/em>&#8230;o mejor dicho, jam\u00e1s vividas de esta manera \u00fanica. Una forma que traspasa los talleres, que s\u00f3lo es capaz de ense\u00f1ar el grupo emeritense, puesto que sus cuerpos desprenden amor por el <strong><a href=\"http:\/\/www.entradas.com\/entradas\/comprar-entradas-festival-merida?gclid=CMmz7NH3hrcCFRMQtAode2sAgg\">Festival de M\u00e9rida.<\/a><\/strong><\/p>\n<p><strong><\/strong><br \/>\nAdem\u00e1s, en esta ocasi\u00f3n, y antes de las representaciones que realizar\u00e1n en el <strong><em>Templo de Dian<\/em><em>a<\/em><\/strong>, han querido sumar cine al Festival. Por ello, y en colaboraci\u00f3n con el <strong><a href=\"http:\/\/www.cineclubmerida.es\/modules\/news\/\">cineclub Forum<\/a><\/strong>, participar\u00e1n de las proyecciones que todos los lunes del verano llenar\u00e1n la oquedad del Foro Romano.<br \/>\n<strong>TAPTC? Teatro es pasi\u00f3n por un Festival<\/strong>, del que vienen reclamando, desde hace a\u00f1os, m\u00e1s implicaci\u00f3n por parte de la calle, del empresariado y de las administraciones. Es la muestra viva de que el Festival de la <a href=\"www.merida.es\">capital extreme\u00f1a<\/a> no debe limitarse al recinto del Teatro Romano. Filosof\u00eda que apoya la actual direcci\u00f3n del evento.<br \/>\nEllos son los responsables de que se hable del <strong>Festival en la calle<\/strong> desde el mes de abril. De que las familias acerquen a sus hijos a su primera experiencia con los cl\u00e1sicos en el Templo de Diana. Y su pasi\u00f3n por nuestro teatro se derrama por cada uno de sus poros. Un lujo estar<strong> &#8216;Augusto en M\u00e9rida&#8217;<\/strong> con esta compa\u00f1\u00eda.<\/p>\n<!-- AddThis Advanced Settings generic via filter on the_content --><!-- AddThis Share Buttons generic via filter on the_content -->","protected":false},"excerpt":{"rendered":"<p>Si hay alguna compa\u00f1\u00eda que ostente el r\u00e9cord de actuaciones en el Festival de M\u00e9rida, esa es una de la casa: TAPTC? Teatro lleva trece a\u00f1os trabajando y participando en el Festival, en su vertiente m\u00e1s popular. Desde la calle y los rincones patrimoniales de la ciudad, esta compa\u00f1\u00eda de teatro nunca ha faltado a [&hellip;]<!-- AddThis Advanced Settings generic via filter on get_the_excerpt --><!-- AddThis Share Buttons generic via filter on get_the_excerpt --><\/p>\n","protected":false},"author":104,"featured_media":17,"comment_status":"open","ping_status":"closed","sticky":false,"template":"","format":"standard","meta":[],"categories":[2],"tags":[55,94,97,105,109,124,126,132,163,204,220,222,224,227,238],"_links":{"self":[{"href":"https:\/\/blogs.hoy.es\/elperistilo\/wp-json\/wp\/v2\/posts\/12"}],"collection":[{"href":"https:\/\/blogs.hoy.es\/elperistilo\/wp-json\/wp\/v2\/posts"}],"about":[{"href":"https:\/\/blogs.hoy.es\/elperistilo\/wp-json\/wp\/v2\/types\/post"}],"author":[{"embeddable":true,"href":"https:\/\/blogs.hoy.es\/elperistilo\/wp-json\/wp\/v2\/users\/104"}],"replies":[{"embeddable":true,"href":"https:\/\/blogs.hoy.es\/elperistilo\/wp-json\/wp\/v2\/comments?post=12"}],"version-history":[{"count":0,"href":"https:\/\/blogs.hoy.es\/elperistilo\/wp-json\/wp\/v2\/posts\/12\/revisions"}],"wp:featuredmedia":[{"embeddable":true,"href":"https:\/\/blogs.hoy.es\/elperistilo\/wp-json\/wp\/v2\/media\/17"}],"wp:attachment":[{"href":"https:\/\/blogs.hoy.es\/elperistilo\/wp-json\/wp\/v2\/media?parent=12"}],"wp:term":[{"taxonomy":"category","embeddable":true,"href":"https:\/\/blogs.hoy.es\/elperistilo\/wp-json\/wp\/v2\/categories?post=12"},{"taxonomy":"post_tag","embeddable":true,"href":"https:\/\/blogs.hoy.es\/elperistilo\/wp-json\/wp\/v2\/tags?post=12"}],"curies":[{"name":"wp","href":"https:\/\/api.w.org\/{rel}","templated":true}]}}