{"id":108,"date":"2013-12-03T19:09:15","date_gmt":"2013-12-03T18:09:15","guid":{"rendered":"http:\/\/blogs.hoy.es\/eltragaluziberico\/?p=108"},"modified":"2013-12-03T19:09:15","modified_gmt":"2013-12-03T18:09:15","slug":"catorce-plazas-de-belleza-misteriosa","status":"publish","type":"post","link":"https:\/\/blogs.hoy.es\/eltragaluziberico\/2013\/12\/03\/catorce-plazas-de-belleza-misteriosa\/","title":{"rendered":"Catorce plazas de belleza misteriosa"},"content":{"rendered":"<p style=\"text-align: right;\"><em>La belleza es ese misterio hermoso <\/em><br \/>\n<em>que no descifran ni la psicolog\u00eda ni la ret\u00f3rica<\/em><br \/>\n<span style=\"text-decoration: underline;\">Jorge Luis Borges<\/span><\/p>\n<p>Ni una ni otra descifran lo que se viene a contar. De ella s\u00f3lo se descifra la belleza misteriosa.<br \/>\nForma circular, cuadrada u ovalada. De gran dimensi\u00f3n, o no tan considerable. Llena de historia. Ahogada de pisadas. Rebosante de conversaciones. Retumban entre sus paredes declaraciones, de amor o de intenciones. Monumentos que nacieron y moriran con ella. Gu\u00eda de ciudades. Due\u00f1a del centro. Observada y fotografiada. De posado rico e inamovible. Destilando el aire de su metr\u00f3poli. Armas de mujer, para seducir a quien se acerque. Acogedora. Capaz de dejar recuerdos en quienes la admiran. Puede ser \u00fanica o de protagonismo compartido, pues algunas ciudades de toda Espa\u00f1a poseen m\u00e1s de una.<\/p>\n<p><em><a href=\"\/eltragaluziberico\/wp-content\/uploads\/sites\/90\/2013\/12\/IMG_20131102_154610.jpg\"><img loading=\"lazy\" class=\"alignleft size-medium wp-image-109\" title=\"Paseando\" src=\"\/eltragaluziberico\/wp-content\/uploads\/sites\/90\/2013\/12\/IMG_20131102_154610.jpg\" alt=\"\" width=\"300\" height=\"300\" srcset=\"https:\/\/static-blogs.hoy.es\/wp-content\/uploads\/sites\/90\/2013\/12\/IMG_20131102_154610.jpg 530w, https:\/\/static-blogs.hoy.es\/wp-content\/uploads\/sites\/90\/2013\/12\/IMG_20131102_154610-150x150.jpg 150w, https:\/\/static-blogs.hoy.es\/wp-content\/uploads\/sites\/90\/2013\/12\/IMG_20131102_154610-300x300.jpg 300w\" sizes=\"(max-width: 300px) 100vw, 300px\" \/><\/a>Lugar ancho y espacioso dentro de un poblado, al que suelen afluir varias calles<\/em>. <span style=\"text-decoration: underline;\">La Real Academia Espa\u00f1ola de la Lengua<\/span> as\u00ed indica la signifaci\u00f3n de <strong>PLAZA<\/strong>. Y no m\u00e1s demora para esas Plazas de ciudades de toda la Pen\u00ednsula, Baleares y Canarias. Un pellizco en el mapa de Espa\u00f1a para hacernos con catorce de todas ellas. Casi quince de la ni\u00f1a bonita. Pero catorce porque s\u00ed, aunque bien podr\u00edan ser 20 \u00f3 30 \u00f3&#8230; En un orden distra\u00eddo, sin regirse por puntos cardinales ni por regiones. Lo que aqu\u00ed se inaugura es un desbarajuste de sentimientos y recuerdos que se debaten entre plazas &#8216;de Espa\u00f1a&#8217;, plazas &#8216;Mayor&#8217;, y alguna que otra con nombre &#8220;original&#8221;.<\/p>\n<p>He de confesar que cuatro de ellas son mi debilidad absoluta. Siendo as\u00ed, no pueden esperar por m\u00e1s tiempo y se desencadenan de seguido desde ese llamado primer puesto, que no es otro que uno muy personal, para dar comienzo a esta historia, y completamente alterable al gusto del lector.<\/p>\n<p>Maravilla, por su rima. Ciudad del sur, y capital de una grande como Andaluc\u00eda. <a href=\"http:\/\/www.visitasevilla.es\/\" target=\"_blank\" rel=\"external nofollow\"><strong>Sevilla<\/strong><\/a>, la m\u00e1s poblada entre sus hermanas. Sevillanos o hispalenses, y entre ellos \u201cquillos\u201d, en cualquiera de sus nombres, son de tremenda simpat\u00eda y salero. Acogedores ellos y su tierra. Imprescindible, perfecta y despampanante&#8230; esa es este &#8216;primer puesto&#8217;. Se abre ante ti el marco <a href=\"\/eltragaluziberico\/wp-content\/uploads\/sites\/90\/2013\/12\/Rinc\u00f3n-Plaza-de-Espa\u00f1a-Sevilla.jpg\"><img loading=\"lazy\" class=\"alignright size-medium wp-image-110\" title=\"Rinc\u00f3n Plaza de Espa\u00f1a, Sevilla\" src=\"\/eltragaluziberico\/wp-content\/uploads\/sites\/90\/2013\/12\/Rinc\u00f3n-Plaza-de-Espa\u00f1a-Sevilla.jpg\" alt=\"\" width=\"300\" height=\"200\" srcset=\"https:\/\/static-blogs.hoy.es\/wp-content\/uploads\/sites\/90\/2013\/12\/Rinc\u00f3n-Plaza-de-Espa\u00f1a-Sevilla.jpg 500w, https:\/\/static-blogs.hoy.es\/wp-content\/uploads\/sites\/90\/2013\/12\/Rinc\u00f3n-Plaza-de-Espa\u00f1a-Sevilla-300x200.jpg 300w\" sizes=\"(max-width: 300px) 100vw, 300px\" \/><\/a>inigualable de la <a href=\"http:\/\/www.andalucia.org\/es\/\" target=\"_blank\" rel=\"external nofollow\"><strong><em>Plaza de Espa\u00f1a<\/em><\/strong><\/a>. Quiz\u00e1s no existan adjetivos o diferenciales posibles para atribuirle a esta PLAZA. Un espect\u00e1culo en vivo. Fue construida como edificio principal de la Exposici\u00f3n de 1929. Caracter\u00edstico su recorrido en el que se encuentran bancos que representan todas las provincias de Espa\u00f1a, as\u00ed como los bustos de espa\u00f1oles ilustres en sus muros. De estilo regionalista, <em>Patrimonio Hist\u00f3rico de Espa\u00f1a<\/em>. Su extensi\u00f3n y situaci\u00f3n tienen una l\u00f3gica: su dimensi\u00f3n es de 200 metros de di\u00e1metro y de forma semiel\u00edptica, con lo que simboliza el abrazo de Espa\u00f1a y sus antiguas colonias; y mira hacia el r\u00edo Guadalquivir como camino a seguir hacia Am\u00e9rica. Concretamente, la superficie total es de 50.000 metros cuadrados aproximadamente. Tiene una fuente central, obra de Vicente Traver, y adem\u00e1s, un canal que es cruzado por 4 puentes que representan los 4 antiguos reinos de Espa\u00f1a. Pura historia de lado a lado. La panor\u00e1mica es complicada por su amplitud, pero perfecta fotograf\u00eda.<\/p>\n<p><a href=\"\/eltragaluziberico\/wp-content\/uploads\/sites\/90\/2013\/12\/Plaza-Mayor-Salamanca.jpg\"><img loading=\"lazy\" class=\"alignleft size-medium wp-image-111\" title=\"Plaza Mayor, Salamanca\" src=\"\/eltragaluziberico\/wp-content\/uploads\/sites\/90\/2013\/12\/Plaza-Mayor-Salamanca.jpg\" alt=\"\" width=\"300\" height=\"144\" srcset=\"https:\/\/static-blogs.hoy.es\/wp-content\/uploads\/sites\/90\/2013\/12\/Plaza-Mayor-Salamanca.jpg 3556w, https:\/\/static-blogs.hoy.es\/wp-content\/uploads\/sites\/90\/2013\/12\/Plaza-Mayor-Salamanca-300x144.jpg 300w, https:\/\/static-blogs.hoy.es\/wp-content\/uploads\/sites\/90\/2013\/12\/Plaza-Mayor-Salamanca-768x369.jpg 768w, https:\/\/static-blogs.hoy.es\/wp-content\/uploads\/sites\/90\/2013\/12\/Plaza-Mayor-Salamanca-1024x492.jpg 1024w\" sizes=\"(max-width: 300px) 100vw, 300px\" \/><\/a>Con tal potente pistoletazo, nos marchamos a <a href=\"http:\/\/www.salamancaemocion.es\/\" target=\"_blank\" rel=\"external nofollow\"><strong>Salamanca<\/strong><\/a>. Ligada a Historia, referida a la ciudad de la magia y de la paz. Llena de una cultura que no se queda dormida, pues Salamanca ofrece de eso, con creces. Fue declarada <em>Patrimonio de la Humanidad<\/em> por la Unesco en 1988. El salamanquino, salmantino o el charro, saben c\u00f3mo sorprenderte. Gran placer el que ofrecen en una terraza de las muchas que abordan la <a href=\"http:\/\/www.salamanca.es\/es\" target=\"_blank\" rel=\"external nofollow\"><em><strong>Plaza Mayor<\/strong><\/em><\/a>, recibiendo el sol en el cuerpo y al tiempo, disfrutar de su gastronom\u00eda. Su &#8216;Mayor&#8217; es de tremenda dimensi\u00f3n, concretamente una superficie de unos 6400 metros cuadrados. No es un cuadrado perfecto, y lo m\u00e1s maravilloso es la consecuci\u00f3n de los 88 arcos de medio punto donde se ven representados personajes importantes. De estilo barroco y con dise\u00f1o del arquitecto Alberto Churriguera, que fue descrita por Miguel de Unamuno como \u201c<em>un cuadril\u00e1tero. Irregular, pero asombrosamente arm\u00f3nico<\/em>\u201d. Completamente de acuerdo. Desde cualquiera de sus terrazas podr\u00e1s hacerte con ella. Pura tranquilidad bajo los cuatro costados de esa PLAZA que ha de vivir en may\u00fasculas.<\/p>\n<p><strong><a href=\"\/eltragaluziberico\/wp-content\/uploads\/sites\/90\/2013\/12\/Plaza-Mayor-Navidad-Madrid.jpg\"><img loading=\"lazy\" class=\"alignright size-medium wp-image-112\" title=\"Plaza Mayor, Navidad, Madrid\" src=\"\/eltragaluziberico\/wp-content\/uploads\/sites\/90\/2013\/12\/Plaza-Mayor-Navidad-Madrid.jpg\" alt=\"\" width=\"300\" height=\"193\" srcset=\"https:\/\/static-blogs.hoy.es\/wp-content\/uploads\/sites\/90\/2013\/12\/Plaza-Mayor-Navidad-Madrid.jpg 990w, https:\/\/static-blogs.hoy.es\/wp-content\/uploads\/sites\/90\/2013\/12\/Plaza-Mayor-Navidad-Madrid-300x194.jpg 300w, https:\/\/static-blogs.hoy.es\/wp-content\/uploads\/sites\/90\/2013\/12\/Plaza-Mayor-Navidad-Madrid-768x496.jpg 768w\" sizes=\"(max-width: 300px) 100vw, 300px\" \/><\/a>Madrid<\/strong> no pod\u00eda fallar aqu\u00ed, pues su caso es el de &#8220;plazas y plazas y plazas&#8221;. <em>La de Espa\u00f1a, la de Col\u00f3n, la de Cibeles, la de Puerta del Sol<\/em>, y suma y sigue. Pero la m\u00e1s representativa y con un encanto hist\u00f3rico despampanante es la <a href=\"http:\/\/www.esmadrid.com\/es\/plaza-mayor\" target=\"_blank\" rel=\"external nofollow\"><em><strong>Plaza Mayor<\/strong><\/em><\/a>. De obligado recorrido, cuyos recovecos estar\u00e1n llenos de gente y de puestos navide\u00f1os en este mes de diciembre que reci\u00e9n se estrena. Es de aquellas cosas que se miren por donde se miren te impresionan. Sus or\u00edgenes se remontan al siglo XVI, cuando su denominaci\u00f3n era <em>plaza del Arrabal<\/em>. De estructura rectangular, cuenta con 129 metros de largo por 94 metros de ancho, y est\u00e1 colmada de viviendas en todo su recorrido. Con paciencia sumar\u00e1s 237 balcones con vistas a la misma. Y para hacerte con ella podr\u00e1s entrar por las 9 puertas de acceso que tiene, cualquiera de ellas ser\u00e1 perfecta para pisar sus adoquines y chapotear entre sus soportales. Fue mercado de la villa y tambi\u00e9n escenario de numerosos actos p\u00fablicos, para hoy darnos un espacio de reuni\u00f3n y descanso en sus preciosas terrazas.<a href=\"\/eltragaluziberico\/wp-content\/uploads\/sites\/90\/2013\/12\/Plaza-Mayor-noche-Madrid.jpg\"><img loading=\"lazy\" class=\"aligncenter size-medium wp-image-113\" title=\"Plaza Mayor, noche, Madrid\" src=\"\/eltragaluziberico\/wp-content\/uploads\/sites\/90\/2013\/12\/Plaza-Mayor-noche-Madrid.jpg\" alt=\"\" width=\"300\" height=\"144\" srcset=\"https:\/\/static-blogs.hoy.es\/wp-content\/uploads\/sites\/90\/2013\/12\/Plaza-Mayor-noche-Madrid.jpg 966w, https:\/\/static-blogs.hoy.es\/wp-content\/uploads\/sites\/90\/2013\/12\/Plaza-Mayor-noche-Madrid-300x144.jpg 300w, https:\/\/static-blogs.hoy.es\/wp-content\/uploads\/sites\/90\/2013\/12\/Plaza-Mayor-noche-Madrid-768x370.jpg 768w\" sizes=\"(max-width: 300px) 100vw, 300px\" \/><\/a><\/p>\n<p>Con cortes\u00eda, <a href=\"http:\/\/www.turismobadajoz.es\/\" target=\"_blank\" rel=\"external nofollow\"><strong>Badajoz<\/strong><\/a> se presenta. En \u00e1rabe,\u00a0<em>Batalyaws<\/em>, una etiqueta muy atractiva. Est\u00e1 anclada a la comarca de Tierra de Badajoz. Nacida en el siglo IX. El r\u00edo Guadiana es su gu\u00eda hidrogr\u00e1fica de este a oeste. Los pacenses albergan un clima bien fr\u00edo en invierno, muy contrario al de su verano con 40 grados. Hospitalidad y filosof\u00eda inundan sus calles, por las que llegamos a una muy especial, una que exalta sonrisas y enciende emociones. La popular <a href=\"http:\/\/descubrebadajoz.com\/visita4.htm\" target=\"_blank\" rel=\"external nofollow\"><em><strong>Plaza Alta<\/strong><\/em><\/a>, a pie de las murallas. Portificada, bajo sus arcos se celebraban mercados en la Edad Media. Se ven diferenciadas dos zonas, por el norte encontramos el <em>Arco del Peso<\/em> como la parte medieval; y por el sur, el <em>Arco del Toril<\/em> con un aire m\u00e1s moderno. Desde ella, asoma la <em>Torre de Espantaperros<\/em>. Deber\u00e1s saber que la ciudad se ha unido a la moda de la bicicleta, en alquiler o propiedad, para recorrer Badajoz a dos ruedas, y ser\u00e1 una gran opci\u00f3n para conocer esta postal. Un lugar tranquilo que merece mi m\u00e1s sincera admiraci\u00f3n.<a href=\"\/eltragaluziberico\/wp-content\/uploads\/sites\/90\/2013\/12\/Plaza-Alta.jpg\"><img loading=\"lazy\" class=\"aligncenter size-medium wp-image-114\" title=\"Plaza Alta, Badajoz\" src=\"\/eltragaluziberico\/wp-content\/uploads\/sites\/90\/2013\/12\/Plaza-Alta.jpg\" alt=\"\" width=\"300\" height=\"225\" srcset=\"https:\/\/static-blogs.hoy.es\/wp-content\/uploads\/sites\/90\/2013\/12\/Plaza-Alta.jpg 2304w, https:\/\/static-blogs.hoy.es\/wp-content\/uploads\/sites\/90\/2013\/12\/Plaza-Alta-300x225.jpg 300w, https:\/\/static-blogs.hoy.es\/wp-content\/uploads\/sites\/90\/2013\/12\/Plaza-Alta-768x576.jpg 768w, https:\/\/static-blogs.hoy.es\/wp-content\/uploads\/sites\/90\/2013\/12\/Plaza-Alta-1024x768.jpg 1024w\" sizes=\"(max-width: 300px) 100vw, 300px\" \/><\/a><\/p>\n<p><a href=\"http:\/\/www.coruna.es\/#&#038;panel1-1\" target=\"_blank\" rel=\"external nofollow\"><strong>La Coru\u00f1a<\/strong><\/a> aterriza con una plaza muy diferente, la de <em><strong>Mar\u00eda Pita<\/strong><\/em>, por su nombre. Los coru\u00f1eses cuidan de una ciudad considerada puerto hist\u00f3rico, en las R\u00edas Altas. Dos caras diferenciadas: la portuaria que mira hacia la r\u00eda de La Coru\u00f1a, y la de mar <a href=\"\/eltragaluziberico\/wp-content\/uploads\/sites\/90\/2013\/12\/Plaza-Mar\u00eda-Pita-La-Coru\u00f1a.jpg\"><img loading=\"lazy\" class=\"alignleft size-medium wp-image-115\" title=\"Plaza Mar\u00eda Pita, La Coru\u00f1a\" src=\"\/eltragaluziberico\/wp-content\/uploads\/sites\/90\/2013\/12\/Plaza-Mar\u00eda-Pita-La-Coru\u00f1a.jpg\" alt=\"\" width=\"300\" height=\"224\" srcset=\"https:\/\/static-blogs.hoy.es\/wp-content\/uploads\/sites\/90\/2013\/12\/Plaza-Mar\u00eda-Pita-La-Coru\u00f1a.jpg 486w, https:\/\/static-blogs.hoy.es\/wp-content\/uploads\/sites\/90\/2013\/12\/Plaza-Mar\u00eda-Pita-La-Coru\u00f1a-300x225.jpg 300w\" sizes=\"(max-width: 300px) 100vw, 300px\" \/><\/a>abierto, que se enfoca hacia la <em>Ensenada del Orz\u00e1n<\/em>, y en la que paseamos por las <em>playas de Riazor y Orz\u00e1n<\/em>. Muy fr\u00eda, pero nada que ver en su car\u00e1cter. En pleno centro, nos hacemos con la due\u00f1a de esa hermosa hero\u00edna que en el a\u00f1o 1589 encabez\u00f3 la defensa de la ciudad contra los ataques del corsario ingl\u00e9s Francis Drake; <span style=\"text-decoration: underline;\">Mar\u00eda Mayor Fern\u00e1ndez de C\u00e1mara y Pita<\/span>, su nombre completo. La plaza, en s\u00ed misma, fue expuesta a mediados del siglo XIX, y originalmente se llamaba <em>Plaza Ales\u00f3n<\/em>. Y en el centro de ella podemos contemplar una importante estatua de 9 metros de altura acabada en bronce de su protagonista Mar\u00eda. M\u00e1s de 10.000 metros cuadrados rodeados de edificios portificados, con balconadas de hierro forjado y galer\u00edas de cristal de la ciudad. Todo ese conjunto se convierte en testigo diario de miles de gallegos y turistas. Y por supuesto, sus calles aleda\u00f1as le otorgan mayor atractivo, por su car\u00e1cter comercial, junto con los p\u00f3rticos, siendo el sitio perfecto donde probar el mejor vino blanco de la regi\u00f3n y unas buenas tapas.<\/p>\n<p><a href=\"\/eltragaluziberico\/wp-content\/uploads\/sites\/90\/2013\/12\/Plaza-de-Espa\u00f1a-Santa-Cruz-de-Tenerife.jpg\"><img loading=\"lazy\" class=\"alignright size-medium wp-image-116\" title=\"Plaza de Espa\u00f1a, Santa Cruz de Tenerife\" src=\"\/eltragaluziberico\/wp-content\/uploads\/sites\/90\/2013\/12\/Plaza-de-Espa\u00f1a-Santa-Cruz-de-Tenerife.jpg\" alt=\"\" width=\"300\" height=\"199\" srcset=\"https:\/\/static-blogs.hoy.es\/wp-content\/uploads\/sites\/90\/2013\/12\/Plaza-de-Espa\u00f1a-Santa-Cruz-de-Tenerife.jpg 500w, https:\/\/static-blogs.hoy.es\/wp-content\/uploads\/sites\/90\/2013\/12\/Plaza-de-Espa\u00f1a-Santa-Cruz-de-Tenerife-300x200.jpg 300w\" sizes=\"(max-width: 300px) 100vw, 300px\" \/><\/a>Vuelo directo. La Canaria m\u00e1s extensa es la elegida: <a href=\"http:\/\/www.webtenerife.com\/\" target=\"_blank\" rel=\"external nofollow\"><strong>Tenerife<\/strong><\/a>. Su capital, <a href=\"http:\/\/www.santacruzdetenerife.es\/inicio\/?L=0\" target=\"_blank\" rel=\"external nofollow\"><strong>Santa Cruz de Tenerife<\/strong><\/a>. Una isla volc\u00e1nica del Atl\u00e1ntico en la que el invierno podr\u00eda llamarse primavera gracias a sus deliciosos 23 grados de temperatura media. Un lugar en el que la gente es genu\u00ednamente amable y un peque\u00f1o para\u00edso donde hay tal variedad de entornos que creer\u00e1s estar en mil sitios a la vez&#8230; La isla de los tesoros, y de seguro de sol: una de tantas definiciones. As\u00ed se engalana la que nos presenta la <em><strong>Plaza de Espa\u00f1a<\/strong><\/em> m\u00e1s amplia de todo el archipi\u00e9lago. Nacida en 1929 sobre el hist\u00f3rico <em>Castillo de San Crist\u00f3bal<\/em>, del que poco se conserva hoy en d\u00eda. Est\u00e1 presidida por el <em>Monumento a los Ca\u00eddos (la torre estrecha a la dcha. de la foto)<\/em>, una torre en forma de cruz con un mirador en lo alto. Pero del pasado no s\u00f3lo vive esta plaza, en lo que al presente se refiere,\u00a0 el lugar ha sido elevado para convertirse en una plataforma que en un futuro se extender\u00e1 hasta el mar. En esta remodelaci\u00f3n, la &#8216;de Espa\u00f1a&#8217; luce un lago central de agua marina, que le otorga una originalidad muy preciada. Si de d\u00eda es preciosa, la noche no le resta luz.<\/p>\n<p>La Pen\u00ednsula vuelve a ser nuestra de la mano de <a href=\"http:\/\/www.bcn.cat\/es\/\" target=\"_blank\" rel=\"external nofollow\"><strong>Barcelona<\/strong><\/a>, pero sin abandonar el clima h\u00famedo. Reconocida como <em>Ciudad global<\/em> por su importancia cultural, financiera, comercial y tur\u00edstica. Por tierra, mar y aire, para adentrarse en sus secretos. Tales como la <em><a href=\"http:\/\/www.barcelonaturisme.com\/Castellano\/_3Ngb8YjSpL2a3y4pka50kqpseWLZZKzqjx3a0wlp-evhIl_qPjsMVA0aDHyzt79ncKFbqvC-OYJZ7XGpep2aHiZkbhH1FGHusRqHwOrJq8-rG1SA86psXUkPBSQHC0Kx\" target=\"_blank\" rel=\"external nofollow\"><strong>Plaza de Espa\u00f1<\/strong><\/a><strong><a href=\"http:\/\/www.barcelonaturisme.com\/Castellano\/_3Ngb8YjSpL2a3y4pka50kqpseWLZZKzqjx3a0wlp-evhIl_qPjsMVA0aDHyzt79ncKFbqvC-OYJZ7XGpep2aHiZkbhH1FGHusRqHwOrJq8-rG1SA86psXUkPBSQHC0Kx\" target=\"_blank\" rel=\"external nofollow\">a<\/a><\/strong><\/em>, otra ib\u00e9rica de igual nombre, pero de ninguna similitud destacable con las dem\u00e1s. Fue construida durante la Exposici\u00f3n Internacional de 1929, con 34.000 metros cuadrados, lo que la convierte en la segunda m\u00e1s grande del pa\u00eds, despues de la de Espa\u00f1a en Madrid. Tremendamente abierta y muy transitada por su confluencia con dos v\u00edas principales como la <em>Gran V\u00eda de las Cortes Catalanas y la Avenida del Paralelo<\/em>. Da cobijo al <a href=\"http:\/\/www.arenasdebarcelona.com\/\" target=\"_blank\" rel=\"external nofollow\"><em>Centro Comercial Las Arenas<\/em><\/a> y muy presenteras las <em>Torres Venecianas<\/em>. No es peatonal como sucede en otras. Y en el centro figura una fuente monumental de gran dimensi\u00f3n. Desde luego, para analizarla y sentirla ser\u00e1 necesario un largo paseo.<a href=\"\/eltragaluziberico\/wp-content\/uploads\/sites\/90\/2013\/12\/Plaza-de-Espa\u00f1a-Barcelona.jpg\"><img loading=\"lazy\" class=\"aligncenter size-medium wp-image-117\" title=\"Plaza de Espa\u00f1a, Barcelona\" src=\"\/eltragaluziberico\/wp-content\/uploads\/sites\/90\/2013\/12\/Plaza-de-Espa\u00f1a-Barcelona.jpg\" alt=\"\" width=\"300\" height=\"225\" srcset=\"https:\/\/static-blogs.hoy.es\/wp-content\/uploads\/sites\/90\/2013\/12\/Plaza-de-Espa\u00f1a-Barcelona.jpg 1024w, https:\/\/static-blogs.hoy.es\/wp-content\/uploads\/sites\/90\/2013\/12\/Plaza-de-Espa\u00f1a-Barcelona-300x225.jpg 300w, https:\/\/static-blogs.hoy.es\/wp-content\/uploads\/sites\/90\/2013\/12\/Plaza-de-Espa\u00f1a-Barcelona-768x576.jpg 768w\" sizes=\"(max-width: 300px) 100vw, 300px\" \/><\/a><\/p>\n<p>De nuevo nos atrapa <a href=\"http:\/\/www.turismoextremadura.com\/index.html;jsessionid=1uk4idjuqf59v\" target=\"_blank\" rel=\"external nofollow\"><strong>Extremadura<\/strong><\/a> con su m\u00e1xima cacere\u00f1a. La ciudad de <a href=\"http:\/\/www.turismocaceres.org\/\" target=\"_blank\" rel=\"external nofollow\"><strong>C\u00e1ceres<\/strong><\/a> es un exceso (sin empachar) arquitect\u00f3nico. Entre sus calles es evidente su val\u00eda, y bien merece la visita por su aire a pie. <em><strong>La Plaza Mayor<\/strong><\/em> nos roba la mirada. Important\u00edsima, pues es la entrada principal para conocer el casco antiguo. Por el este, encontramos la <em>torre de Bujaco, el arco de la Estrella y la torre de los P\u00falpitos<\/em>; al oeste, vemos los soportales inundados de bares y sus terrazas; y por el sur, el <em>Ayuntamiento y el foro de los Balbos<\/em>. Y en su caso, igual sucede en la noche, pues las luces redoblan su iluminaci\u00f3n en los edificios de piedra. Precioso el viaje, su estancia, su gente, sus fotograf\u00eda. Cacere\u00f1os, due\u00f1os de una joya.<a href=\"\/eltragaluziberico\/wp-content\/uploads\/sites\/90\/2013\/12\/Plaza-Mayor-C\u00e1ceres.jpg\"><img loading=\"lazy\" class=\"aligncenter size-medium wp-image-118\" title=\"Plaza Mayor, C\u00e1ceres\" src=\"\/eltragaluziberico\/wp-content\/uploads\/sites\/90\/2013\/12\/Plaza-Mayor-C\u00e1ceres.jpg\" alt=\"\" width=\"300\" height=\"200\" srcset=\"https:\/\/static-blogs.hoy.es\/wp-content\/uploads\/sites\/90\/2013\/12\/Plaza-Mayor-C\u00e1ceres.jpg 1000w, https:\/\/static-blogs.hoy.es\/wp-content\/uploads\/sites\/90\/2013\/12\/Plaza-Mayor-C\u00e1ceres-300x200.jpg 300w, https:\/\/static-blogs.hoy.es\/wp-content\/uploads\/sites\/90\/2013\/12\/Plaza-Mayor-C\u00e1ceres-768x512.jpg 768w\" sizes=\"(max-width: 300px) 100vw, 300px\" \/><\/a><\/p>\n<p><a href=\"http:\/\/www.toledo-turismo.com\/\" target=\"_blank\" rel=\"external nofollow\"><strong>Toledo<\/strong><\/a> desde lo lejos y hasta sus calles empedradas. Un viaje para los sentidos. Ciudad m\u00e1gica, puro secreto, de ensue\u00f1o. No son habladur\u00edas, tremenda verdad palpitante. De tesoros hist\u00f3ricos, cultura y turismo, acogido por sus vecinos deseosos de visitantes expuestos a nuevas experiencias. Convierte el ser<em> Patrimonio de la Humanidad<\/em> en su mejor activo. Con una excelente situaci\u00f3n en la Pen\u00ednsula. Privilegiada ciudad, y antigua capital del Imperio espa\u00f1ol. Se encuentra subida en una colina sobre el r\u00edo Tajo. De hecho, el significado de Toledo ser\u00eda \u201clevantado, en alto\u201d, algo completamente evidente. Lo mejor de ella es echar a andar, y as\u00ed poder toparnos con su <a href=\"http:\/\/www.turismocastillalamancha.com\/multimedia\/archivos\/31989\/plaza-de-zocodover-toledo\/\" target=\"_blank\" rel=\"external nofollow\"><em><strong>Plaza de Zocodover<\/strong><\/em><\/a>. \u00c9sta es una de esas plazas de nombre &#8220;original&#8221;, cuyo significado es &#8220;mercado de bestias de carga&#8221;. Es de presencia portificada rectangular. M\u00e1s acogedora que algunas ya citadas, y repleta de terracitas que invitan a verla desde otra perspectiva muy apetitosa.<a href=\"\/eltragaluziberico\/wp-content\/uploads\/sites\/90\/2013\/12\/Plaza-de-Zocodover-Toledo.jpg\"><img loading=\"lazy\" class=\"aligncenter size-medium wp-image-119\" title=\"Plaza de Zocodover, Toledo\" src=\"\/eltragaluziberico\/wp-content\/uploads\/sites\/90\/2013\/12\/Plaza-de-Zocodover-Toledo.jpg\" alt=\"\" width=\"300\" height=\"200\" srcset=\"https:\/\/static-blogs.hoy.es\/wp-content\/uploads\/sites\/90\/2013\/12\/Plaza-de-Zocodover-Toledo.jpg 450w, https:\/\/static-blogs.hoy.es\/wp-content\/uploads\/sites\/90\/2013\/12\/Plaza-de-Zocodover-Toledo-300x201.jpg 300w\" sizes=\"(max-width: 300px) 100vw, 300px\" \/><\/a><\/p>\n<p><a href=\"http:\/\/www.valladolid.es\/es\" target=\"_blank\" rel=\"external nofollow\"><strong>Valladolid<\/strong><\/a>, o Pucela para los amigos. Para conocerla hay que aclimatar el cuerpo. Su frio es protagonista en invierno y el calor un infierno en los meses de verano, algo, por su parte, muy propio al estar rodeada de monta\u00f1as que la a\u00edslan del mar conformando un clima extremado y seco. La suya es <em><strong>La Plaza Mayor<\/strong><\/em>, el lugar de encuentro de los vallisoletanos. Para ser fotografiada y recorrida, de la que salen arterias que ofrecen el ansiado placer de las tiendas y el comer, una de ellas: la <em>Calle de Santiago<\/em>, aunque son alrededor de diez las v\u00edas que nos despistan de la plaza. Se corona como una de las m\u00e1s grandes de Espa\u00f1a, es de planta rectangular, porticada y sus soportales descansan sobre columnas. El perfecto encuentro con sus vecinos y con su alma castellanoleonesa.<a href=\"\/eltragaluziberico\/wp-content\/uploads\/sites\/90\/2013\/12\/Plaza-Mayor-Valladolid.jpg\"><img loading=\"lazy\" class=\"aligncenter size-medium wp-image-120\" title=\"Plaza Mayor, Valladolid\" src=\"\/eltragaluziberico\/wp-content\/uploads\/sites\/90\/2013\/12\/Plaza-Mayor-Valladolid.jpg\" alt=\"\" width=\"300\" height=\"123\" srcset=\"https:\/\/static-blogs.hoy.es\/wp-content\/uploads\/sites\/90\/2013\/12\/Plaza-Mayor-Valladolid.jpg 1280w, https:\/\/static-blogs.hoy.es\/wp-content\/uploads\/sites\/90\/2013\/12\/Plaza-Mayor-Valladolid-300x123.jpg 300w, https:\/\/static-blogs.hoy.es\/wp-content\/uploads\/sites\/90\/2013\/12\/Plaza-Mayor-Valladolid-768x316.jpg 768w, https:\/\/static-blogs.hoy.es\/wp-content\/uploads\/sites\/90\/2013\/12\/Plaza-Mayor-Valladolid-1024x421.jpg 1024w\" sizes=\"(max-width: 300px) 100vw, 300px\" \/><\/a><\/p>\n<p><a href=\"http:\/\/www.turismodecordoba.org\/\" target=\"_blank\" rel=\"external nofollow\"><strong>C\u00f3rdoba<\/strong><\/a> a tus pies. Verde es su color, por el deseoso camino de jardines y patios en cada tramo. No s\u00f3lo en los monumentos m\u00e1s <a href=\"\/eltragaluziberico\/wp-content\/uploads\/sites\/90\/2013\/12\/Plaza-de-La-Corredera-C\u00f3rdoba.jpg\"><img loading=\"lazy\" class=\"alignleft size-medium wp-image-121\" title=\"Plaza de La Corredera, C\u00f3rdoba\" src=\"\/eltragaluziberico\/wp-content\/uploads\/sites\/90\/2013\/12\/Plaza-de-La-Corredera-C\u00f3rdoba.jpg\" alt=\"\" width=\"300\" height=\"199\" srcset=\"https:\/\/static-blogs.hoy.es\/wp-content\/uploads\/sites\/90\/2013\/12\/Plaza-de-La-Corredera-C\u00f3rdoba.jpg 500w, https:\/\/static-blogs.hoy.es\/wp-content\/uploads\/sites\/90\/2013\/12\/Plaza-de-La-Corredera-C\u00f3rdoba-300x200.jpg 300w\" sizes=\"(max-width: 300px) 100vw, 300px\" \/><\/a>tur\u00edsticos encontraremos la tonalidad natural, tambi\u00e9n los patios que esconden las casas son el vivo valor de la ciudad. Por fuera y por dentro respira naturaleza. Entre tanto por ver, la <strong><em>Plaza de La Corredera<\/em><\/strong> se alza como una grande y emblem\u00e1tica. Adem\u00e1s, \u00fanica plaza mayor cuadrangular de Andaluc\u00eda. Tiene una ubicaci\u00f3n perfecta en el centro de la metr\u00f3poli. Es una consecuci\u00f3n de arcos, tres plantas de ventanas que configuran toda la plaza en tono rojizo. Y como es habitual, ofrece varias terrazas donde disfrutar de la estancia desde una mesa y degustando la gastronom\u00eda cordobesa. C\u00f3rdoba es historia por todos los costados. Lo malo, o m\u00e1s bien todo lo contrario, es que no s\u00f3lo se queda ah\u00ed. Por tener, tiene todo.<\/p>\n<p><a href=\"http:\/\/www.turismo.teruel.es\/\" target=\"_blank\" rel=\"external nofollow\"><strong>Teruel<\/strong><\/a>. Tan bien rodeada de municipios de miles de formas y estilos, que nos despistamos un segundo y olvidamos que la capital es c\u00edrculo imprescindible a marcar en el mapa. Entra y ver\u00e1s, te vas a enterar. Tiene un rico patrimonio art\u00edstico mud\u00e9jar, y aunque es se\u00f1alada como la capital de provincia menos poblada de Espa\u00f1a, poco importa. Lo poco siempre es m\u00e1s. La <em><strong>Plaza del Torico<\/strong><\/em> es la clave por esta vez. Su Torico subido a la fuente es el punto de reuni\u00f3n de muchos habitantes y s\u00edmbolo de la ciudad, adem\u00e1s del &#8220;culpable&#8221; del nombre de \u00e9sta. De noche, con un suelo iluminado de forma peculiar, podr\u00e1s disfrutar incluso m\u00e1s de ella, pues su luz ensalza los rincones que las sombras de las nubes nos ocultan. Muy transitada y abierta a las zonas comerciales m\u00e1s c\u00e9ntricas. No muy grande pero ideal para conocer el esp\u00edritu de Teruel y de igual forma, sentarse en una de las terrazas.<a href=\"\/eltragaluziberico\/wp-content\/uploads\/sites\/90\/2013\/12\/Plaza-del-Torico-Teruel.jpg\"><img loading=\"lazy\" class=\"aligncenter size-medium wp-image-122\" title=\"Plaza del Torico, Teruel\" src=\"\/eltragaluziberico\/wp-content\/uploads\/sites\/90\/2013\/12\/Plaza-del-Torico-Teruel.jpg\" alt=\"\" width=\"300\" height=\"263\" srcset=\"https:\/\/static-blogs.hoy.es\/wp-content\/uploads\/sites\/90\/2013\/12\/Plaza-del-Torico-Teruel.jpg 1000w, https:\/\/static-blogs.hoy.es\/wp-content\/uploads\/sites\/90\/2013\/12\/Plaza-del-Torico-Teruel-300x263.jpg 300w, https:\/\/static-blogs.hoy.es\/wp-content\/uploads\/sites\/90\/2013\/12\/Plaza-del-Torico-Teruel-768x674.jpg 768w\" sizes=\"(max-width: 300px) 100vw, 300px\" \/><\/a><\/p>\n<p><a href=\"http:\/\/www.turisvalencia.es\/\" target=\"_blank\" rel=\"external nofollow\"><strong>Valencia<\/strong><\/a> es el resultado de tierra de romanos, invadida por \u00e1rabes y reconquistada por cristianos. Conserva el pasado multicultural, que se funde con un presente y futuro de regusto cosmopolita y moderno. Mar Mediterr\u00e1neo, su preferido. Con un clima donde el verano se estira. M\u00e1s de 300 d\u00edas de sol al a\u00f1o. Acoge en su interior al<em> r\u00edo Jucar y al Turia<\/em>, este \u00faltimo divide en dos zonas a la ciudad, por lo que se construyeron a lo largo de la historia varios puentes. Muy cerquita del final, tenemos que hablar de la <a href=\"http:\/\/www.valencia.es\/\" target=\"_blank\" rel=\"external nofollow\"><em><strong>Plaza del Ayuntamiento<\/strong><\/em><\/a>, muy c\u00e9ntrica. De jardines y con much\u00edsima claridad, ha pasado por multitud de remodelaciones. Hoy, vemos un lugar especial para los valencianos, con una fuente central rodeada de verde, con el Ayuntamiento presidiendo. Ese edificio, que le aporta la belleza necesaria para estar incluida entre estas catorce excelencias.<strong><a href=\"\/eltragaluziberico\/wp-content\/uploads\/sites\/90\/2013\/12\/Plaza-del-Ayuntamiento-Valencia.jpg\"><img loading=\"lazy\" class=\"aligncenter size-medium wp-image-123\" title=\"Plaza del Ayuntamiento de Valencia\" src=\"\/eltragaluziberico\/wp-content\/uploads\/sites\/90\/2013\/12\/Plaza-del-Ayuntamiento-Valencia.jpg\" alt=\"\" width=\"300\" height=\"225\" srcset=\"https:\/\/static-blogs.hoy.es\/wp-content\/uploads\/sites\/90\/2013\/12\/Plaza-del-Ayuntamiento-Valencia.jpg 1600w, https:\/\/static-blogs.hoy.es\/wp-content\/uploads\/sites\/90\/2013\/12\/Plaza-del-Ayuntamiento-Valencia-300x225.jpg 300w, https:\/\/static-blogs.hoy.es\/wp-content\/uploads\/sites\/90\/2013\/12\/Plaza-del-Ayuntamiento-Valencia-768x576.jpg 768w, https:\/\/static-blogs.hoy.es\/wp-content\/uploads\/sites\/90\/2013\/12\/Plaza-del-Ayuntamiento-Valencia-1024x768.jpg 1024w\" sizes=\"(max-width: 300px) 100vw, 300px\" \/><\/a><\/strong><\/p>\n<p>En barco, un viaje hasta <a href=\"http:\/\/www.illesbalears.es\/esp\/mallorca\/home.jsp\" target=\"_blank\" rel=\"external nofollow\"><strong>Mallorca<\/strong><\/a>. Isla vecina con unas playas envidiables. Como capital, <a href=\"http:\/\/www.palmademallorca.es\/portal\/PALMA\/home.jsp?codResi=1\" target=\"_blank\" rel=\"external nofollow\"><strong>Palma de Mallorca<\/strong><\/a>, octava mayor ciudad<a href=\"\/eltragaluziberico\/wp-content\/uploads\/sites\/90\/2013\/12\/Plaza-Mayor-Palma-de-Mallorca.jpg\"><img loading=\"lazy\" class=\"alignright size-medium wp-image-124\" title=\"Plaza Mayor, Palma de Mallorca\" src=\"\/eltragaluziberico\/wp-content\/uploads\/sites\/90\/2013\/12\/Plaza-Mayor-Palma-de-Mallorca.jpg\" alt=\"\" width=\"300\" height=\"225\" srcset=\"https:\/\/static-blogs.hoy.es\/wp-content\/uploads\/sites\/90\/2013\/12\/Plaza-Mayor-Palma-de-Mallorca.jpg 2560w, https:\/\/static-blogs.hoy.es\/wp-content\/uploads\/sites\/90\/2013\/12\/Plaza-Mayor-Palma-de-Mallorca-300x225.jpg 300w, https:\/\/static-blogs.hoy.es\/wp-content\/uploads\/sites\/90\/2013\/12\/Plaza-Mayor-Palma-de-Mallorca-768x576.jpg 768w, https:\/\/static-blogs.hoy.es\/wp-content\/uploads\/sites\/90\/2013\/12\/Plaza-Mayor-Palma-de-Mallorca-1024x768.jpg 1024w\" sizes=\"(max-width: 300px) 100vw, 300px\" \/><\/a> de Espa\u00f1a por poblaci\u00f3n. Se cobija entre las comarcas naturales de la<em> Sierra de Tramuntana<\/em> y por <em>el Pla de Mallorca<\/em>. De clima templado mediterr\u00e1neo. Y en la que ya hab\u00edamos destacado en historias anteriores su gran ventaja: la <em>Catedral de Santa Mar\u00eda<\/em>, muy poderosa. En esa l\u00ednea tur\u00edstica, del viajero, has de acercarte a su <em><strong>Plaza Mayor<\/strong><\/em>. Encontramos una peque\u00f1ita y acogedora, tranquila, llena de terrazas. Muy cerca del Ayuntamiento y de la conocida iglesia de Santa Eulalia. De planta rectangular, de edificios antiguos de viviendas con tres o cuatro pisos. Es una de las principales entre las dem\u00e1s plazas mallorquinas. Fue edificada durante el siglo XIX en el solar hasta entonces ocupado por el<em> Convento de San Felipe Neri<\/em> y algunos edificios lim\u00edtrofes. En ella nacen las <em>v\u00edas de San Miguel o Col\u00f3n<\/em>. Buen\u00edsima ubicaci\u00f3n, as\u00ed como su memoria.<\/p>\n<p style=\"text-align: right;\"><strong>Espa\u00f1a de plaza en plaza.<\/strong><br \/>\n<strong>Y tiro porque me toca.<\/strong><br \/>\n<em>Hay dos maneras de vivir su vida: una como si nada es un milagro, la otra es como si todo es un milagro.<\/em><br \/>\n<span style=\"text-decoration: underline;\">Albert Einstein<\/span><br \/>\n<strong>Posdata: Como si todo es un milago. \u00bfY t\u00fa?<\/strong><\/p>\n<!-- AddThis Advanced Settings generic via filter on the_content --><!-- AddThis Share Buttons generic via filter on the_content -->","protected":false},"excerpt":{"rendered":"<p>La belleza es ese misterio hermoso que no descifran ni la psicolog\u00eda ni la ret\u00f3rica Jorge Luis Borges Ni una ni otra descifran lo que se viene a contar. De ella s\u00f3lo se descifra la belleza misteriosa. Forma circular, cuadrada u ovalada. De gran dimensi\u00f3n, o no tan considerable. Llena de historia. Ahogada de pisadas. [&hellip;]<!-- AddThis Advanced Settings generic via filter on get_the_excerpt --><!-- AddThis Share Buttons generic via filter on get_the_excerpt --><\/p>\n","protected":false},"author":113,"featured_media":0,"comment_status":"open","ping_status":"closed","sticky":false,"template":"","format":"standard","meta":[],"categories":[2],"tags":[],"_links":{"self":[{"href":"https:\/\/blogs.hoy.es\/eltragaluziberico\/wp-json\/wp\/v2\/posts\/108"}],"collection":[{"href":"https:\/\/blogs.hoy.es\/eltragaluziberico\/wp-json\/wp\/v2\/posts"}],"about":[{"href":"https:\/\/blogs.hoy.es\/eltragaluziberico\/wp-json\/wp\/v2\/types\/post"}],"author":[{"embeddable":true,"href":"https:\/\/blogs.hoy.es\/eltragaluziberico\/wp-json\/wp\/v2\/users\/113"}],"replies":[{"embeddable":true,"href":"https:\/\/blogs.hoy.es\/eltragaluziberico\/wp-json\/wp\/v2\/comments?post=108"}],"version-history":[{"count":0,"href":"https:\/\/blogs.hoy.es\/eltragaluziberico\/wp-json\/wp\/v2\/posts\/108\/revisions"}],"wp:attachment":[{"href":"https:\/\/blogs.hoy.es\/eltragaluziberico\/wp-json\/wp\/v2\/media?parent=108"}],"wp:term":[{"taxonomy":"category","embeddable":true,"href":"https:\/\/blogs.hoy.es\/eltragaluziberico\/wp-json\/wp\/v2\/categories?post=108"},{"taxonomy":"post_tag","embeddable":true,"href":"https:\/\/blogs.hoy.es\/eltragaluziberico\/wp-json\/wp\/v2\/tags?post=108"}],"curies":[{"name":"wp","href":"https:\/\/api.w.org\/{rel}","templated":true}]}}