{"id":146,"date":"2013-12-17T18:26:38","date_gmt":"2013-12-17T17:26:38","guid":{"rendered":"http:\/\/blogs.hoy.es\/eltragaluziberico\/?p=146"},"modified":"2013-12-17T18:26:38","modified_gmt":"2013-12-17T17:26:38","slug":"quien-tiene-un-pueblito-tiene-un-tesoro","status":"publish","type":"post","link":"https:\/\/blogs.hoy.es\/eltragaluziberico\/2013\/12\/17\/quien-tiene-un-pueblito-tiene-un-tesoro\/","title":{"rendered":"Quien tiene un &#039;pueblito&#039;, tiene un tesoro"},"content":{"rendered":"<p style=\"text-align: left;\"><em>Quien tiene un pueblito tiene un tesoro<\/em>. Un <em>pueblito bueno<\/em>, un <em>tesoro<\/em> de los que van en cofre, de los que sorprenden, de los que nunca te olvidas, de los que te esperan siempre. Y como es bien sabido, \u2018tesoro\u2019 es una concentraci\u00f3n de riqueza inmovilizada. Pero no s\u00f3lo eso, adem\u00e1s, como dec\u00eda el poeta rom\u00e1ntico franc\u00e9s <span style=\"text-decoration: underline;\">Alphonse de Lamartine<\/span>, \u2018<em>un pueblo sin alma es solamente una multitud<\/em>\u2018. Y precisamente es alma lo que sobra o lo que no falta a los pueblos de Espa\u00f1a. <span style=\"text-decoration: underline;\">Arist\u00f3teles<\/span> daba la perfecta pincelada: \u2018<em>alma es aquello por lo que vivimos, sentimos y pensamos<\/em>\u2018. Y con ello, damos pistoletazo de salida a esta <strong>historia de pueblos<\/strong>.<\/p>\n<p><a href=\"\/eltragaluziberico\/wp-content\/uploads\/sites\/90\/2013\/12\/Vista-al-frente.jpg\"><img loading=\"lazy\" class=\"alignleft size-medium wp-image-147\" title=\"Vista al frente\" src=\"\/eltragaluziberico\/wp-content\/uploads\/sites\/90\/2013\/12\/Vista-al-frente.jpg\" alt=\"\" width=\"300\" height=\"200\" srcset=\"https:\/\/static-blogs.hoy.es\/wp-content\/uploads\/sites\/90\/2013\/12\/Vista-al-frente.jpg 600w, https:\/\/static-blogs.hoy.es\/wp-content\/uploads\/sites\/90\/2013\/12\/Vista-al-frente-300x200.jpg 300w\" sizes=\"(max-width: 300px) 100vw, 300px\" \/><\/a>Desde una t\u00edmida y tranquila mirada desde cualquier acantilado, diviso pueblos encantadores, grandes y enormes y hasta los m\u00e1s diminutos de Espa\u00f1a. Una vista que engrandece y en la que si se hiciera una criba&#8230;buen desastre ser\u00eda. La criba de estos rincones de nuestro pa\u00eds es dif\u00edcil. Elegir siempre es renunciar, aunque es una renuncia sin despecho. Esta elecci\u00f3n es lo que ocupa lugar ahora. Ya est\u00e1 hecho. Con todo el respeto a los que se quedan en la sombra, pero los \u00faltimos ser\u00e1n los primeros. Ya se sabe, el sol no siempre da del mismo lado&#8230;ma\u00f1ana esa sombra ser\u00e1 puro resplandor.<\/p>\n<p><strong>De norte a sur.<\/strong> En representaci\u00f3n de todos. Rescatados 15 pueblos de toda Espa\u00f1a, de todas las formas y costumbres. Por situaci\u00f3n y sin orden de importancia, ah\u00ed se presentan con templanza y tes\u00f3n. Ofreciendo todos ellos, \u00a1c\u00f3mo no!, un hospedaje para retenernos por m\u00e1s tiempo.<\/p>\n<p><a href=\"\/eltragaluziberico\/wp-content\/uploads\/sites\/90\/2013\/12\/Cudillero.jpg\"><img loading=\"lazy\" class=\"alignright  wp-image-148\" title=\"Cudillero\" src=\"\/eltragaluziberico\/wp-content\/uploads\/sites\/90\/2013\/12\/Cudillero.jpg\" alt=\"\" width=\"229\" height=\"149\" srcset=\"https:\/\/static-blogs.hoy.es\/wp-content\/uploads\/sites\/90\/2013\/12\/Cudillero.jpg 512w, https:\/\/static-blogs.hoy.es\/wp-content\/uploads\/sites\/90\/2013\/12\/Cudillero-300x196.jpg 300w\" sizes=\"(max-width: 229px) 100vw, 229px\" \/><\/a>Por ser primero, se adelanta con algo de verg\u00fcenza. En el <a href=\"http:\/\/www.asturias.es\/\" target=\"_blank\" rel=\"external nofollow\">Principado de Asturias<\/a>. Como puerto pesquero es de diez. Reclamo tur\u00edstico son sus casas amontonadas, y donde degustar los productos del mar. <a href=\"http:\/\/www.cudillero.org\/alojamientos-rurales-restaurantes-asturias\/espanol\/inicio_5_1_ap.html\" target=\"_blank\" rel=\"external nofollow\"><strong>Cudillero<\/strong><\/a>, en efecto. Los pixuetos no llegan a 6.000 y aguardan un pueblo de lo m\u00e1s pintoresco, las casas a todo color subidas en montes empinados, a modo de anfiteatro. Estrechas callejuelas (que no falten) y su entorno en forma de playas, es envidiable. El hogar que atrapa protagonista en esta ocasi\u00f3n es el <a href=\"http:\/\/www.hotelcasaprendes.com\/\" target=\"_blank\" rel=\"external nofollow\"><em>Hotel Casa Prendes<\/em><\/a>: muy r\u00fastico y acogedor, as\u00ed como perfecta su ubicaci\u00f3n a tan s\u00f3lo 2 minutos del mar.<\/p>\n<p><a href=\"\/eltragaluziberico\/wp-content\/uploads\/sites\/90\/2013\/12\/B\u00e1rcena-Mayor-calles.jpg\"><img loading=\"lazy\" class=\"alignleft  wp-image-149\" title=\"B\u00e1rcena Mayor, calles\" src=\"\/eltragaluziberico\/wp-content\/uploads\/sites\/90\/2013\/12\/B\u00e1rcena-Mayor-calles.jpg\" alt=\"\" width=\"235\" height=\"176\" srcset=\"https:\/\/static-blogs.hoy.es\/wp-content\/uploads\/sites\/90\/2013\/12\/B\u00e1rcena-Mayor-calles.jpg 1600w, https:\/\/static-blogs.hoy.es\/wp-content\/uploads\/sites\/90\/2013\/12\/B\u00e1rcena-Mayor-calles-300x225.jpg 300w, https:\/\/static-blogs.hoy.es\/wp-content\/uploads\/sites\/90\/2013\/12\/B\u00e1rcena-Mayor-calles-768x576.jpg 768w, https:\/\/static-blogs.hoy.es\/wp-content\/uploads\/sites\/90\/2013\/12\/B\u00e1rcena-Mayor-calles-1024x768.jpg 1024w\" sizes=\"(max-width: 235px) 100vw, 235px\" \/><\/a>El segundo es especial, por lo peque\u00f1o. <a href=\"http:\/\/www.turismodecantabria.com\/disfrutala\/que-visitar\/219-barcena-mayor\/buscador-cHJvY2VzYXJCdXNxdWVkYT1vayZpZENhdGVnb3JpYT02Jg==\" target=\"_blank\" rel=\"external nofollow\"><strong>B\u00e1rcena Mayor<\/strong><\/a> se llama, aunque su apellido no se ajuste demasiado por su escasa dimensi\u00f3n. En Cantabria, en el valle del r\u00edo Argoza, con arquitectura monta\u00f1esa. A escasos 70 kil\u00f3metros de <a href=\"http:\/\/www.turismoensantander.es\/\" target=\"_blank\" rel=\"external nofollow\">Santander<\/a>, los 84 vecinos gozan de un entorno rural de bosques de robles y hayas; adem\u00e1s, se encuentran en plena Reserva Nacional de Caza del Saja. A su vez, es el \u00fanico pueblo habitado en este espacio natural. Como punto interesante: es desde B\u00e1rcena Mayor donde tambi\u00e9n se puede ascender a la monta\u00f1a Alto Abedules. Para dejarnos mimar hay que desplazarse a Los Tojos, un pueblecito a pocos kil\u00f3metros. All\u00ed la <a href=\"http:\/\/www.posadalacolodra.com\/\" target=\"_blank\" rel=\"external nofollow\"><em>Posada La Colodra<\/em><\/a>, en un edificio del siglo XVI, nos da la bienvenida. Tranquilidad absoluta, decoraci\u00f3n suave y r\u00fastica; as\u00ed es este lugar perfecto para el descanso.<\/p>\n<p><a href=\"\/eltragaluziberico\/wp-content\/uploads\/sites\/90\/2013\/12\/Villabuena-de-\u00c1lava.-Hotel-Viura.jpg\"><img loading=\"lazy\" class=\"alignright  wp-image-150\" title=\"Villabuena de \u00c1lava. Hotel Viura\" src=\"\/eltragaluziberico\/wp-content\/uploads\/sites\/90\/2013\/12\/Villabuena-de-\u00c1lava.-Hotel-Viura.jpg\" alt=\"\" width=\"256\" height=\"181\" \/><\/a>N\u00famero 3: <a href=\"http:\/\/www.villabuenadealava.org\/es\/villabuena-de-alava\" target=\"_blank\" rel=\"external nofollow\"><strong>Villabuena de \u00c1lava<\/strong><\/a>. En \u00c1lava, se entiende. Dentro de la comarca de la <a href=\"http:\/\/turismo.euskadi.net\/rioja-alavesa\/\" target=\"_blank\" rel=\"external nofollow\">Rioja Alavesa<\/a>. Muy cerca de <em>Elciego<\/em> (entre t\u00fa y yo: otro de a\u00fapa) y tambi\u00e9n a pocos kil\u00f3metros de lo\u00a0 que ser\u00e1 nuestro n\u00famero 5. Poco m\u00e1s de 300 habitantes, con un patrimonio que empieza por la iglesia de San Andr\u00e9s o la Ermita de San Torcuato y Santa Mar\u00eda. Adem\u00e1s, como es propio de la zona, se pueden visitar bodegas como las de Arabarte y de Vi\u00f1a Izadi. Y fundamental, imprescindible, obligatorio: su <em><a href=\"http:\/\/www.hotelviura.com\/es\/index.html\" target=\"_blank\" rel=\"external nofollow\">Hotel Viura<\/a><\/em>. Impresionante por fuera y por dentro. Un gran servicio, un lugar con el que sorprendernos siempre. No puedo decir otra cosa que&#8230; ID!<\/p>\n<p><a href=\"\/eltragaluziberico\/wp-content\/uploads\/sites\/90\/2013\/12\/Castillo-de-Olite.jpg\"><img loading=\"lazy\" class=\"alignleft  wp-image-151\" title=\"Castillo de Olite\" src=\"\/eltragaluziberico\/wp-content\/uploads\/sites\/90\/2013\/12\/Castillo-de-Olite.jpg\" alt=\"\" width=\"245\" height=\"162\" srcset=\"https:\/\/static-blogs.hoy.es\/wp-content\/uploads\/sites\/90\/2013\/12\/Castillo-de-Olite.jpg 620w, https:\/\/static-blogs.hoy.es\/wp-content\/uploads\/sites\/90\/2013\/12\/Castillo-de-Olite-300x200.jpg 300w\" sizes=\"(max-width: 245px) 100vw, 245px\" \/><\/a>Con el cuarto, pasamos a <a href=\"http:\/\/www.turismo.navarra.es\/esp\/home\/\" target=\"_blank\" rel=\"external nofollow\">Navarra<\/a>. De mayor poblaci\u00f3n que los superiores. Se trata de <a href=\"http:\/\/www.olite.es\/es\/\" target=\"_blank\" rel=\"external nofollow\"><strong>Olite<\/strong><\/a>, quien acoge el Palacio de los Reyes de Navarra, con un dise\u00f1o desordenado. En \u00e9l podremos diferenciar dos recintos: el Palacio Viejo, convertido en Parador Nacional de Turismo, y el Palacio Nuevo. Gran atracci\u00f3n, aunque Olite tambi\u00e9n gana en encanto con la conservaci\u00f3n de tramos del recinto amurallado de la \u00e9poca romana, adosados a viviendas. Una vista general de postal. Adem\u00e1s, podr\u00e1s hospedarte en un hotel de cuento, maravilloso: <a href=\"http:\/\/www.hotelolite.com\/\" target=\"_blank\" rel=\"external nofollow\"><em>Hotel Casa Zanito<\/em><\/a>, y tambi\u00e9n ofrece rica gastronom\u00eda en su restaurante.<\/p>\n<p><a href=\"\/eltragaluziberico\/wp-content\/uploads\/sites\/90\/2013\/12\/La-Rioja.jpg\"><img loading=\"lazy\" class=\"alignright  wp-image-152\" title=\"Vi\u00f1edos Laguardia, La Rioja\" src=\"\/eltragaluziberico\/wp-content\/uploads\/sites\/90\/2013\/12\/La-Rioja.jpg\" alt=\"\" width=\"266\" height=\"177\" srcset=\"https:\/\/static-blogs.hoy.es\/wp-content\/uploads\/sites\/90\/2013\/12\/La-Rioja.jpg 500w, https:\/\/static-blogs.hoy.es\/wp-content\/uploads\/sites\/90\/2013\/12\/La-Rioja-300x200.jpg 300w\" sizes=\"(max-width: 266px) 100vw, 266px\" \/><\/a>En el quinto puesto&#8230;redoble de tambores para <a href=\"http:\/\/www.laguardia-alava.com\/\" target=\"_blank\" rel=\"external nofollow\"><strong>Laguardia<\/strong><\/a>, conocida como la \u201cMuy Noble, Leal y Coronada Villa\u201d. Tambi\u00e9n en la Rioja Alavesa, se encuentra rodeada por una muralla de la que a\u00fan se conservan cinco puertas de acceso. Calles medievales y muy famosa su industria del vino, con numerosas bodegas. Respiran arte y antig\u00fcedad. En esta \u00e9poca, hundido en la niebla, con un fr\u00edo acogedor y un sabor exquisito, a 15 kil\u00f3metros de Logro\u00f1o. Los laguardienses acogen un hotel que verdaderamente me deshago en halagos hacia \u00e9l. Dise\u00f1o, vi\u00f1edos, bodega, c\u00e1lidos ambientes y buen\u00edsima comida. Un compendio de locura, cuya firma es la del <a href=\"http:\/\/hotelegurenugarte.com\/\" target=\"_blank\" rel=\"external nofollow\"><em>Hotel Eguren Ugarte<\/em><\/a>. Los pelos de punta con su presencia en la lejan\u00eda.<\/p>\n<p style=\"text-align: left;\"><a href=\"\/eltragaluziberico\/wp-content\/uploads\/sites\/90\/2013\/12\/La-Alberca-Salamanca.jpg\"><img loading=\"lazy\" class=\"wp-image-153 alignleft\" title=\"La Alberca, Salamanca\" src=\"\/eltragaluziberico\/wp-content\/uploads\/sites\/90\/2013\/12\/La-Alberca-Salamanca.jpg\" alt=\"\" width=\"226\" height=\"185\" srcset=\"https:\/\/static-blogs.hoy.es\/wp-content\/uploads\/sites\/90\/2013\/12\/La-Alberca-Salamanca.jpg 731w, https:\/\/static-blogs.hoy.es\/wp-content\/uploads\/sites\/90\/2013\/12\/La-Alberca-Salamanca-300x246.jpg 300w\" sizes=\"(max-width: 226px) 100vw, 226px\" \/><\/a>De seis en seis, y tiro porque me toca. Es el momento de <a href=\"http:\/\/www.laalberca.com\/\" target=\"_blank\" rel=\"external nofollow\"><strong>La Alberca<\/strong><\/a> en <a href=\"http:\/\/www.salamancaemocion.es\/\" target=\"_blank\" rel=\"external nofollow\">Salamanca<\/a>. Un giro de 180 grados. Los rincones son su fuerte, por su arquitectura en base de piedras y formas geom\u00e9tricas de madera. Luces y sombras entre las calles, con casas adornadas con flores despampanantes. Antig\u00fcedad por todos lados, sin duda, es m\u00e1gico el paseo. Y para dormir&#8230; el <a href=\"http:\/\/www.abadiadelostemplarios.com\/\" target=\"_blank\" rel=\"external nofollow\"><em>Hotel Termal Abadia de Los Templarios<\/em><\/a>, con un estilo medieval, en un paraje precioso, y con espectaculares vistas rurales.<\/p>\n<p><a href=\"\/eltragaluziberico\/wp-content\/uploads\/sites\/90\/2013\/12\/Albarrac\u00edn-panor\u00e1mica-Teruel.jpg\"><img loading=\"lazy\" class=\" wp-image-154 alignright\" title=\"Albarrac\u00edn, Teruel\" src=\"\/eltragaluziberico\/wp-content\/uploads\/sites\/90\/2013\/12\/Albarrac\u00edn-panor\u00e1mica-Teruel.jpg\" alt=\"\" width=\"255\" height=\"191\" srcset=\"https:\/\/static-blogs.hoy.es\/wp-content\/uploads\/sites\/90\/2013\/12\/Albarrac\u00edn-panor\u00e1mica-Teruel.jpg 2048w, https:\/\/static-blogs.hoy.es\/wp-content\/uploads\/sites\/90\/2013\/12\/Albarrac\u00edn-panor\u00e1mica-Teruel-300x225.jpg 300w, https:\/\/static-blogs.hoy.es\/wp-content\/uploads\/sites\/90\/2013\/12\/Albarrac\u00edn-panor\u00e1mica-Teruel-768x576.jpg 768w, https:\/\/static-blogs.hoy.es\/wp-content\/uploads\/sites\/90\/2013\/12\/Albarrac\u00edn-panor\u00e1mica-Teruel-1024x768.jpg 1024w\" sizes=\"(max-width: 255px) 100vw, 255px\" \/><\/a>El s\u00e9ptimo hace parada en <a href=\"http:\/\/www.turismo.teruel.es\/\" target=\"_blank\" rel=\"external nofollow\">Teruel<\/a>. Se trata de <a href=\"http:\/\/www.turismoalbarracin.com\/\" target=\"_blank\" rel=\"external nofollow\"><strong>Albarrac\u00edn<\/strong><\/a>, uno de esos pueblos muy sonados pero en voz baja. Es Monumento Nacional desde 1961 y se encuentra propuesto por la Unesco para ser declarado Patrimonio de la Humanidad por la belleza e importancia de su herencia hist\u00f3rica. Con eso se dice todo. Ah\u00ed es nada, con car\u00e1cter y brutalidad en su estancia. Se encuentra en las faldas de una monta\u00f1a rodeada por el r\u00edo Guadalaviar. La muralla es parte de su esp\u00edritu. Hay que ir para creer. La propuesta del relax es el <a href=\"http:\/\/www.albanuracin.com\/\" target=\"_blank\" rel=\"external nofollow\"><em>Hotel Albanurac\u00edn<\/em><\/a>. Un hogar muy original, mezcla lo r\u00fastico y lo moderno, muy bien situado en el pueblo y con tremendas panor\u00e1micas.<\/p>\n<p><a href=\"\/eltragaluziberico\/wp-content\/uploads\/sites\/90\/2013\/12\/Castillo-de-Morella-Castell\u00f3n.jpg\"><img loading=\"lazy\" class=\" wp-image-155 alignleft\" title=\"Castillo de Morella, Castell\u00f3n\" src=\"\/eltragaluziberico\/wp-content\/uploads\/sites\/90\/2013\/12\/Castillo-de-Morella-Castell\u00f3n.jpg\" alt=\"\" width=\"274\" height=\"188\" srcset=\"https:\/\/static-blogs.hoy.es\/wp-content\/uploads\/sites\/90\/2013\/12\/Castillo-de-Morella-Castell\u00f3n.jpg 500w, https:\/\/static-blogs.hoy.es\/wp-content\/uploads\/sites\/90\/2013\/12\/Castillo-de-Morella-Castell\u00f3n-300x206.jpg 300w\" sizes=\"(max-width: 274px) 100vw, 274px\" \/><\/a>Un peque\u00f1o salto para el octavo en discordia: <a href=\"http:\/\/www.morella.net\/morella\/conocenos\/turismo\" target=\"_blank\" rel=\"external nofollow\"><strong>Morella<\/strong><\/a>. En la provincia de <a href=\"http:\/\/www.castello.es\/web30\/pages\/inicio_web10.php?id=cas\" target=\"_blank\" rel=\"external nofollow\">Castell\u00f3n<\/a>, supera los 2.000 habitantes con creces. Un pueblo m\u00e1s grande, caracterizado por lo abrupto de su relieve. Con un castillo construido sobre las formas de las rocas, desde el que poder ver unas vistas imperiosas de Morella. Su buen clima es potenciador de su belleza. Se encuentra algo alejado de Castell\u00f3n de la Plana. Importante en la visita: las Cuevas prehist\u00f3ricas de Morella La Vella. Despu\u00e9s del recorrido oportuno, el <a href=\"http:\/\/www.lafondamoreno.com\/\" target=\"_blank\" rel=\"external nofollow\"><em>Hotel La Fonda Moreno<\/em><\/a> nos espera con una atenci\u00f3n \u00fanica. Muchos detalles, decoraci\u00f3n muy cuidada, moderna, comodidad en todos los sentidos&#8230; Y por supuesto, muy bien ubicado.<\/p>\n<p>Llega el 9, y con \u00e9l <a href=\"http:\/\/www.lapobladefarnals.es\/\" target=\"_blank\" rel=\"external nofollow\"><strong>La Pobla de Farnals<\/strong><\/a>, en valenciano. Seguimos, por lo tanto, en la <a href=\"http:\/\/comunitatvalenciana.com\/\" target=\"_blank\" rel=\"external nofollow\">Comunidad Valenciana<\/a>. Un pueblo peque\u00f1o, muy peque\u00f1o, en superficie. De perfil llano y poco luminoso en monumentos y espectacularidad. Pero esencial su situaci\u00f3n, a mitad de camino entre Sagunto y Valencia. Con una playa extens\u00edsima, abierta cualquier \u00e9poca del a\u00f1o. Las playas de la costa valenciana no terminan nunca, son maravillosas en lo general, pero en lo particular y por obligada elecci\u00f3n&#8230;toc\u00f3 La Pobla de Farnals. Recomendable, y mucho, su <a href=\"http:\/\/www.hoteldelaplaya.com\/\" target=\"_blank\" rel=\"external nofollow\"><em>Hotel de la Playa<\/em><\/a>. Hotel blanco, a pie de playa, tranquilo, moderno y donde mejor te puedes sentir un d\u00eda cualquiera.<\/p>\n<p><a href=\"\/eltragaluziberico\/wp-content\/uploads\/sites\/90\/2013\/12\/Es-Castell-el-puerto-de-noche.jpg\"><img loading=\"lazy\" class=\"alignright size-medium wp-image-156\" title=\"Es Castell, el puerto de noche\" src=\"\/eltragaluziberico\/wp-content\/uploads\/sites\/90\/2013\/12\/Es-Castell-el-puerto-de-noche.jpg\" alt=\"\" width=\"300\" height=\"200\" srcset=\"https:\/\/static-blogs.hoy.es\/wp-content\/uploads\/sites\/90\/2013\/12\/Es-Castell-el-puerto-de-noche.jpg 768w, https:\/\/static-blogs.hoy.es\/wp-content\/uploads\/sites\/90\/2013\/12\/Es-Castell-el-puerto-de-noche-300x200.jpg 300w\" sizes=\"(max-width: 300px) 100vw, 300px\" \/><\/a>La d\u00e9cada la pasamos dando un salto al charco. Nadando hasta <a href=\"http:\/\/www.illesbalears.es\/esp\/menorca\/home.jsp\" target=\"_blank\" rel=\"external nofollow\">Menorca<\/a> para conocer <a href=\"http:\/\/www.aj-escastell.org\/\" target=\"_blank\" rel=\"external nofollow\"><strong>Es Castell<\/strong><\/a>. Ese pueblo de isla donde se ve la huella de la dominaci\u00f3n brit\u00e1nica en el siglo XVIII. Est\u00e1 situado entre Cala Corb y Cales Fonts, a unos dos kil\u00f3metros y medio de Mah\u00f3n. Es el municipio m\u00e1s peque\u00f1o de los ocho en que est\u00e1 dividida la estructura de la isla. Nos ofrece una magn\u00edfica sensaci\u00f3n al comienzo del d\u00eda con un espectacular amanecer junto al mar. Se conserva su forma original, con urbanismo cuadriculado de calles rectas, su plaza de armas con los cuarteles ingleses y las t\u00edpicas ventanas de guillotina. Es un pueblo que goza de un gran placer: mirar hacia el mar. El mejor hogar para respirar aire puro es <a href=\"http:\/\/www.binissaida.com\/es\/\" target=\"_blank\" rel=\"external nofollow\"><em>Sant Joan de Binissaida<\/em><\/a>, de car\u00e1cter rural y muy tranquilo. Est\u00e1 anclado en una casa se\u00f1orial del s. XVIII, y rodeado de vegetaci\u00f3n por todos los costados. Buen\u00edsima recomendaci\u00f3n.<\/p>\n<p><a href=\"\/eltragaluziberico\/wp-content\/uploads\/sites\/90\/2013\/12\/Consuegra.jpg\"><img loading=\"lazy\" class=\"alignleft  wp-image-157\" title=\"Consuegra\" src=\"\/eltragaluziberico\/wp-content\/uploads\/sites\/90\/2013\/12\/Consuegra.jpg\" alt=\"\" width=\"241\" height=\"199\" srcset=\"https:\/\/static-blogs.hoy.es\/wp-content\/uploads\/sites\/90\/2013\/12\/Consuegra.jpg 1500w, https:\/\/static-blogs.hoy.es\/wp-content\/uploads\/sites\/90\/2013\/12\/Consuegra-300x249.jpg 300w, https:\/\/static-blogs.hoy.es\/wp-content\/uploads\/sites\/90\/2013\/12\/Consuegra-768x636.jpg 768w, https:\/\/static-blogs.hoy.es\/wp-content\/uploads\/sites\/90\/2013\/12\/Consuegra-1024x849.jpg 1024w\" sizes=\"(max-width: 241px) 100vw, 241px\" \/><\/a>De vuelta al interior peninsular. <a href=\"http:\/\/www.toledo-turismo.com\/\" target=\"_blank\" rel=\"external nofollow\">Toledo<\/a> entra en el puesto n\u00famero 11, por situaci\u00f3n, insisto. Es <a href=\"http:\/\/aytoconsuegra.es\/\" target=\"_blank\" rel=\"external nofollow\"><strong>Consuegra<\/strong><\/a> su representaci\u00f3n. Un pueblito bueno, bien grande. De los m\u00e1s grandes de esta lista. Pero imprescindible. Desde su castillo de La Muela hasta sus Molinos de viento. Muy conocidos estos gigantes de La Mancha, que se encuentran alineados sobre el cerro Calderico y datan del siglo XVI. Se conservan 12 de los 13 originales, no est\u00e1 nada mal. Un paseo por sus calles c\u00e9ntricas es obligaci\u00f3n, y si caen unos buenos dulces de sus pasteler\u00edas, das un broche final muy rico. (O una degustaci\u00f3n de mazap\u00e1n toledano). La atenci\u00f3n y el cuidado ser\u00e1n las m\u00e1ximas de este destino hotelero: <a href=\"http:\/\/www.elretirodelamancha.com\/index\/\" target=\"_blank\" rel=\"external nofollow\"><em>El Retiro de la Mancha<\/em><\/a>. Son casitas muy completas, con patios y una decoraci\u00f3n muy hogare\u00f1a.<\/p>\n<p><a href=\"\/eltragaluziberico\/wp-content\/uploads\/sites\/90\/2013\/12\/Plaza-Mayor-Trujillo.jpg\"><img loading=\"lazy\" class=\"alignright  wp-image-158\" title=\"Trujillo, plaza Mayor\" src=\"\/eltragaluziberico\/wp-content\/uploads\/sites\/90\/2013\/12\/Plaza-Mayor-Trujillo.jpg\" alt=\"\" width=\"268\" height=\"190\" srcset=\"https:\/\/static-blogs.hoy.es\/wp-content\/uploads\/sites\/90\/2013\/12\/Plaza-Mayor-Trujillo.jpg 800w, https:\/\/static-blogs.hoy.es\/wp-content\/uploads\/sites\/90\/2013\/12\/Plaza-Mayor-Trujillo-300x214.jpg 300w, https:\/\/static-blogs.hoy.es\/wp-content\/uploads\/sites\/90\/2013\/12\/Plaza-Mayor-Trujillo-768x547.jpg 768w\" sizes=\"(max-width: 268px) 100vw, 268px\" \/><\/a>Bajando cada vez m\u00e1s. <a href=\"http:\/\/www.turismoextremadura.com\/\" target=\"_blank\" rel=\"external nofollow\">Extremadura<\/a> se abre ante nosotros en el n\u00famero 12. Con <a href=\"http:\/\/www.turismotrujillo.com\/\" target=\"_blank\" rel=\"external nofollow\"><strong>Trujillo<\/strong><\/a>, due\u00f1a de \u00e9l es C\u00e1ceres. A tan s\u00f3lo 47 kil\u00f3metros de ella, es el pueblo m\u00e1s tur\u00edstico de la provincia, y con raz\u00f3n. Encanto por los cuatro costados. Son famosos su monumentos, entre los que destacamos el castillo (antiguo alc\u00e1zar \u00e1rabe), la iglesia de Santa Mar\u00eda del siglo XIII y la iglesia de San Francisco. Los trujillanos adem\u00e1s nos ofrecen una panor\u00e1mica perfecta de su plaza Mayor. Y nos dar\u00e1n de comer como en pocos sitios&#8230; migas, criadillas de la tierra o buena carne. Mucho que esconder en toda su extensi\u00f3n, top\u00e1ndose en el Este con la Sierra de Guadalupe y resguardando el r\u00edo Almonte, afluente del r\u00edo Tajo. <a href=\"http:\/\/www.elmiradordelasmonjas.com\/web\/monjas.htm\" target=\"_blank\" rel=\"external nofollow\"><em>El Mirador de las Monjas<\/em><\/a> es uno de tantos hospedajes en Trujillo. \u00c9ste, uno de los mejores, a t\u00edtulo personal. Muy fresco, muy luminoso, tranquilo y muy c\u00e9ntrico. Ser\u00e1 una gran elecci\u00f3n para conocer a los trujillanos.<\/p>\n<p><a href=\"\/eltragaluziberico\/wp-content\/uploads\/sites\/90\/2013\/12\/Carmona-Sevilla.jpg\"><img loading=\"lazy\" class=\" wp-image-159 alignleft\" title=\"Carmona, Sevilla\" src=\"\/eltragaluziberico\/wp-content\/uploads\/sites\/90\/2013\/12\/Carmona-Sevilla.jpg\" alt=\"\" width=\"283\" height=\"212\" srcset=\"https:\/\/static-blogs.hoy.es\/wp-content\/uploads\/sites\/90\/2013\/12\/Carmona-Sevilla.jpg 640w, https:\/\/static-blogs.hoy.es\/wp-content\/uploads\/sites\/90\/2013\/12\/Carmona-Sevilla-300x225.jpg 300w\" sizes=\"(max-width: 283px) 100vw, 283px\" \/><\/a>El 13 para los sevillanos. Premiados por su <a href=\"http:\/\/www.turismo.carmona.org\/turistavirtual.htm\" target=\"_blank\" rel=\"external nofollow\"><strong>Carmona<\/strong><\/a>. Por habitantes podr\u00eda ser una ciudad en toda regla, pero conserva el car\u00e1cter de pueblito bueno. Con un clima mediterr\u00e1neo que da gusto, destaca su patrimonio con la iglesia de Santa Mar\u00eda, el Alc\u00e1zar del rey Don Pedro, la Plaza de arriba y la c\u00fapula de El Salvador, entre otros. S\u00f3lo hay que dejarse ver por all\u00ed para respirar ese arte t\u00edpico andaluz por sus calles. Adem\u00e1s, son muy dulceros, nos ofrecen lo mejor con la torta inglesa. Los carmonenses se encuentran a media hora de su <a href=\"http:\/\/www.visitasevilla.es\/\" target=\"_blank\" rel=\"external nofollow\">Sevilla<\/a>, con lo que su situaci\u00f3n es inmejorable. El protagonismo del descanso recae sobre un grande: el <a href=\"http:\/\/www.parador.es\/es\/paradores\/parador-de-carmona\" target=\"_blank\" rel=\"external nofollow\"><em>Parador de Carmona<\/em><\/a>. Asentado en una antigua fortaleza \u00e1rabe del siglo XIV, combina el dise\u00f1o y la tradici\u00f3n en sus instalaciones. Impresionante es su patio central y los techos abovedados. Un hotel que tambi\u00e9n invita al paseo y al disfrute de su belleza.<\/p>\n<p><a href=\"\/eltragaluziberico\/wp-content\/uploads\/sites\/90\/2013\/12\/Moj\u00e1car-de-noche.jpg\"><img loading=\"lazy\" class=\" wp-image-160 alignright\" title=\"Moj\u00e1car de noche\" src=\"\/eltragaluziberico\/wp-content\/uploads\/sites\/90\/2013\/12\/Moj\u00e1car-de-noche.jpg\" alt=\"\" width=\"294\" height=\"195\" srcset=\"https:\/\/static-blogs.hoy.es\/wp-content\/uploads\/sites\/90\/2013\/12\/Moj\u00e1car-de-noche.jpg 679w, https:\/\/static-blogs.hoy.es\/wp-content\/uploads\/sites\/90\/2013\/12\/Moj\u00e1car-de-noche-300x199.jpg 300w\" sizes=\"(max-width: 294px) 100vw, 294px\" \/><\/a>Se acerca el final. Este pen\u00faltimo es <a href=\"http:\/\/www.mojacar.es\/Servicios\/Municipios\/pueblos.nsf\/index?ReadForm&#038;id=064-001\" target=\"_blank\" rel=\"external nofollow\"><strong>Moj\u00e1car<\/strong><\/a>. El \u00faltimo de la Pen\u00ednsula, en <a href=\"http:\/\/www.turismoalmeria.com\/\" target=\"_blank\" rel=\"external nofollow\">Almer\u00eda<\/a>. Un pueblo blanco, es lo que viene a la cabeza. Con vistas al Mediterr\u00e1neo, y con una fotograf\u00eda enmarcable. Desde lo lejos, anclado entre monta\u00f1as, asoman un conjunto de casas blancas deseosas de una visita. No hay m\u00e1s que recorrerlo, quiz\u00e1s de noche gane en magia. El contraste de sus calles con las luces, hacen del lugar uno m\u00e1s peculiar. D\u00e9jate llevar por all\u00ed. En lo que al buen dormir se refiere, debemos hablar del <a href=\"http:\/\/www.hostalelolivar.es\/\" target=\"_blank\" rel=\"external nofollow\"><em>Hostal El Olivar<\/em><\/a>. A pesar de ser hostal y muy peque\u00f1ito, brinda un servicio excelente, adem\u00e1s de contar con una localizaci\u00f3n perfecta para conocer Moj\u00e1car.<\/p>\n<p><a href=\"\/eltragaluziberico\/wp-content\/uploads\/sites\/90\/2013\/12\/Valle-de-La-Orotava.jpg\"><img loading=\"lazy\" class=\" wp-image-161 alignleft\" title=\"Valle de La Orotava\" src=\"\/eltragaluziberico\/wp-content\/uploads\/sites\/90\/2013\/12\/Valle-de-La-Orotava.jpg\" alt=\"\" width=\"285\" height=\"194\" \/><\/a>Con avi\u00f3n destino <a href=\"http:\/\/www.tenerife.es\/wps\/portal\/tenerifees\" target=\"_blank\" rel=\"external nofollow\">Tenerife<\/a>. El 15 de la ni\u00f1a bonita. \u00bfVes? no por ser \u00faltimo ser\u00e1 peor. <a href=\"http:\/\/www.villadelaorotava.org\/turismo.php\" target=\"_blank\" rel=\"external nofollow\"><strong>La Orotava<\/strong><\/a> en la isla tinerfe\u00f1a es lo que nos ocupa como punto final. Grande en poblaci\u00f3n. En el norte de Tenerife tiene su espacio. En el Valle de La Orotava, por supuesto. Recostado en las faldas del Teide. Las Casas de los Balcones o la iglesia de la Concepci\u00f3n son dos de sus tesoros. Pero este pueblo vestido de ciudad te sorprende con su f\u00edsico canario, muy diferente a los 14 restantes. No hay color entre sus tapices. Cada uno en su estilo, y en su gastronom\u00eda tambi\u00e9n, porque aqu\u00ed podr\u00e1s probar de lo que da la tierra canaria: el gofio. Atr\u00e9vete a probar la experiencia de los oratovenses. Una pista para no abandonar este lugar, es hospedarte en el <a href=\"http:\/\/hotelruralorotava.es\/\" target=\"_blank\" rel=\"external nofollow\"><em>Hotel Rural Orotava<\/em><\/a>. Se trata de una antigua casa solariega, con un ambiente muy particular y en la que no pod\u00eda faltar en \u00e9l un patio canario.<\/p>\n<p style=\"text-align: right;\"><strong>De pueblo en pueblo. De recuerdo en recuerdo.<\/strong><br \/>\n<strong>Como nos dec\u00eda Arist\u00f3teles \u2018<em>el alma es aquello por lo que vivimos, sentimos y pensamos<\/em>\u2019. <\/strong><br \/>\n<strong>Esto es Alma. Vivir para creer, vivir para seguir viviendo.<\/strong><\/p>\n<p><strong>Pd: Esta es mi lista (que bien podr\u00edan ser los deseos de este 2014). \u00a1FELIZ PUEBLITO BUENO!<\/strong><\/p>\n<!-- AddThis Advanced Settings generic via filter on the_content --><!-- AddThis Share Buttons generic via filter on the_content -->","protected":false},"excerpt":{"rendered":"<p>Quien tiene un pueblito tiene un tesoro. Un pueblito bueno, un tesoro de los que van en cofre, de los que sorprenden, de los que nunca te olvidas, de los que te esperan siempre. Y como es bien sabido, \u2018tesoro\u2019 es una concentraci\u00f3n de riqueza inmovilizada. Pero no s\u00f3lo eso, adem\u00e1s, como dec\u00eda el poeta [&hellip;]<!-- AddThis Advanced Settings generic via filter on get_the_excerpt --><!-- AddThis Share Buttons generic via filter on get_the_excerpt --><\/p>\n","protected":false},"author":113,"featured_media":0,"comment_status":"open","ping_status":"closed","sticky":false,"template":"","format":"standard","meta":[],"categories":[2],"tags":[],"_links":{"self":[{"href":"https:\/\/blogs.hoy.es\/eltragaluziberico\/wp-json\/wp\/v2\/posts\/146"}],"collection":[{"href":"https:\/\/blogs.hoy.es\/eltragaluziberico\/wp-json\/wp\/v2\/posts"}],"about":[{"href":"https:\/\/blogs.hoy.es\/eltragaluziberico\/wp-json\/wp\/v2\/types\/post"}],"author":[{"embeddable":true,"href":"https:\/\/blogs.hoy.es\/eltragaluziberico\/wp-json\/wp\/v2\/users\/113"}],"replies":[{"embeddable":true,"href":"https:\/\/blogs.hoy.es\/eltragaluziberico\/wp-json\/wp\/v2\/comments?post=146"}],"version-history":[{"count":0,"href":"https:\/\/blogs.hoy.es\/eltragaluziberico\/wp-json\/wp\/v2\/posts\/146\/revisions"}],"wp:attachment":[{"href":"https:\/\/blogs.hoy.es\/eltragaluziberico\/wp-json\/wp\/v2\/media?parent=146"}],"wp:term":[{"taxonomy":"category","embeddable":true,"href":"https:\/\/blogs.hoy.es\/eltragaluziberico\/wp-json\/wp\/v2\/categories?post=146"},{"taxonomy":"post_tag","embeddable":true,"href":"https:\/\/blogs.hoy.es\/eltragaluziberico\/wp-json\/wp\/v2\/tags?post=146"}],"curies":[{"name":"wp","href":"https:\/\/api.w.org\/{rel}","templated":true}]}}