{"id":37,"date":"2014-02-13T09:46:57","date_gmt":"2014-02-13T08:46:57","guid":{"rendered":"http:\/\/blogs.hoy.es\/empiezoacorrerhoy\/?p=37"},"modified":"2014-02-13T09:46:57","modified_gmt":"2014-02-13T08:46:57","slug":"asi-fue-mi-primera-media-maraton","status":"publish","type":"post","link":"https:\/\/blogs.hoy.es\/empiezoacorrerhoy\/2014\/02\/13\/asi-fue-mi-primera-media-maraton\/","title":{"rendered":"As\u00ed fue mi primera Media Marat\u00f3n"},"content":{"rendered":"<div id=\"attachment_41\" style=\"width: 214px\" class=\"wp-caption alignleft\"><a href=\"\/empiezoacorrerhoy\/wp-content\/uploads\/sites\/91\/2014\/02\/Sin-t\u00edtulo.jpg\"><img aria-describedby=\"caption-attachment-41\" loading=\"lazy\" class=\" wp-image-41  \" title=\"Sin t\u00edtulo\" src=\"\/empiezoacorrerhoy\/wp-content\/uploads\/sites\/91\/2014\/02\/Sin-t\u00edtulo.jpg\" alt=\"\" width=\"204\" height=\"394\" srcset=\"https:\/\/static-blogs.hoy.es\/wp-content\/uploads\/sites\/91\/2014\/02\/Sin-t\u00edtulo.jpg 284w, https:\/\/static-blogs.hoy.es\/wp-content\/uploads\/sites\/91\/2014\/02\/Sin-t\u00edtulo-155x300.jpg 155w\" sizes=\"(max-width: 204px) 100vw, 204px\" \/><\/a><p id=\"caption-attachment-41\" class=\"wp-caption-text\">Foto cercana a la \u00e9poca en la que corr\u00ed la primera media marat\u00f3n<\/p><\/div>\n<p>A mi siempre me hab\u00eda gustado hacer deporte. Como la mayor\u00eda de gente de mi generaci\u00f3n jugaba al \u00a0f\u00fatbol, algo de tenis, y en la \u00faltima \u00e9poca, un deporte que entonces nac\u00eda en Badajoz: f\u00fatbol-sala, o&#8221;futbito&#8221; como dec\u00edamos nosotros.<\/p>\n<p>Sin embargo a la vuelta de las vacaciones de verano de 1987, a la vista de unas cifras tensionales peligrosamente altas, y harto de que cada vez que me sub\u00eda a la b\u00e1scula me dijera &#8220;de uno en uno por favor&#8221; porque me sobraban m\u00e1s de 30 kilos, decid\u00ed que hab\u00eda que tomar cartas en el asunto: As\u00ed que dieta y correr.<\/p>\n<p>Los principios fueron duros. Recuerdo que hac\u00eda 5 kil\u00f3metros, par\u00e1ndome dos veces, un d\u00eda s\u00ed y otro no, y llegaba para darme algo. Con constancia aquello fue mejorando y poco a poco fui aumentando la distancia y el n\u00famero de d\u00edas que sal\u00eda a correr, me animaba tambi\u00e9n que la b\u00e1scula dejara de decir la fat\u00eddica frase ya que perd\u00eda peso semanalmente. Y cuando ya hac\u00eda 9 kil\u00f3metros sin problemas cinco d\u00edas a la semana, me encuentro con un amigo, ex compa\u00f1ero de f\u00fatbol-sala y \u00a0me invit\u00f3 a que fuera el domingo con \u00e9l \u00a0a correr 12 kil\u00f3metros. Con m\u00e1s miedo que verg\u00fcenza me present\u00e9 all\u00ed y la verdad que los hice con relativa facilidad.<\/p>\n<p>Progresivamente fui aumentando los kil\u00f3metros dominicales y cuando ya iba por los 17, mi amigo me plante\u00f3<span style=\"font-size: 13px;\">\u00a0hacer una Media Marat\u00f3n y yo acept\u00e9. Con tan mala suerte que \u00e9l una semana antes se lesiona y me deja solo ante el peligro. As\u00ed que el domingo 18-12-1988, cojo mi Alfa Romeo 75, y me planto en Sevilla para hacer la Media que terminaba en Los Palacios. Me ten\u00edais que haber visto la pinta que llevaba: pantal\u00f3n y camiseta de cuando jugaba al f\u00fatbol y unas alpargatas, porque aquello no eran zapatillas, marca &#8221; La T\u00f3rtola&#8221;. Pegan el pistoletazo de salida y a correr, van pasando los kil\u00f3metros y cuando llego a la meta: me dan una medalla, una camiseta y soy el t\u00edo m\u00e1s feliz del mundo.<\/span><\/p>\n<p>As\u00ed fue mi debut y el principio de lo que iba a venir despu\u00e9s. Imagino que vosotros tambi\u00e9n recordareis &#8220;la primera vez&#8221;. Y encima hice 1-32-36 que, aunque entonces yo no sab\u00eda lo que significaba, con el tiempo me d\u00ed cuenta que era un tiempazo y m\u00e1s para un debutante.<\/p>\n<p>Igual en pr\u00f3ximas entregas os hablo de las sensaciones que sent\u00ed al terminar las Medias 100 y 200.<\/p>\n<!-- AddThis Advanced Settings generic via filter on the_content --><!-- AddThis Share Buttons generic via filter on the_content -->","protected":false},"excerpt":{"rendered":"<p>A mi siempre me hab\u00eda gustado hacer deporte. Como la mayor\u00eda de gente de mi generaci\u00f3n jugaba al \u00a0f\u00fatbol, algo de tenis, y en la \u00faltima \u00e9poca, un deporte que entonces nac\u00eda en Badajoz: f\u00fatbol-sala, o&#8221;futbito&#8221; como dec\u00edamos nosotros. Sin embargo a la vuelta de las vacaciones de verano de 1987, a la vista de [&hellip;]<!-- AddThis Advanced Settings generic via filter on get_the_excerpt --><!-- AddThis Share Buttons generic via filter on get_the_excerpt --><\/p>\n","protected":false},"author":114,"featured_media":0,"comment_status":"open","ping_status":"closed","sticky":false,"template":"","format":"standard","meta":[],"categories":[2],"tags":[17,29,30,31,45,51,58,63,65,66,67,68,71,74,77,100,101,102,104,112],"_links":{"self":[{"href":"https:\/\/blogs.hoy.es\/empiezoacorrerhoy\/wp-json\/wp\/v2\/posts\/37"}],"collection":[{"href":"https:\/\/blogs.hoy.es\/empiezoacorrerhoy\/wp-json\/wp\/v2\/posts"}],"about":[{"href":"https:\/\/blogs.hoy.es\/empiezoacorrerhoy\/wp-json\/wp\/v2\/types\/post"}],"author":[{"embeddable":true,"href":"https:\/\/blogs.hoy.es\/empiezoacorrerhoy\/wp-json\/wp\/v2\/users\/114"}],"replies":[{"embeddable":true,"href":"https:\/\/blogs.hoy.es\/empiezoacorrerhoy\/wp-json\/wp\/v2\/comments?post=37"}],"version-history":[{"count":0,"href":"https:\/\/blogs.hoy.es\/empiezoacorrerhoy\/wp-json\/wp\/v2\/posts\/37\/revisions"}],"wp:attachment":[{"href":"https:\/\/blogs.hoy.es\/empiezoacorrerhoy\/wp-json\/wp\/v2\/media?parent=37"}],"wp:term":[{"taxonomy":"category","embeddable":true,"href":"https:\/\/blogs.hoy.es\/empiezoacorrerhoy\/wp-json\/wp\/v2\/categories?post=37"},{"taxonomy":"post_tag","embeddable":true,"href":"https:\/\/blogs.hoy.es\/empiezoacorrerhoy\/wp-json\/wp\/v2\/tags?post=37"}],"curies":[{"name":"wp","href":"https:\/\/api.w.org\/{rel}","templated":true}]}}