{"id":54,"date":"2014-03-28T12:14:54","date_gmt":"2014-03-28T11:14:54","guid":{"rendered":"http:\/\/blogs.hoy.es\/empiezoacorrerhoy\/?p=54"},"modified":"2014-03-28T12:14:54","modified_gmt":"2014-03-28T11:14:54","slug":"se-me-ago","status":"publish","type":"post","link":"https:\/\/blogs.hoy.es\/empiezoacorrerhoy\/2014\/03\/28\/se-me-ago\/","title":{"rendered":"Marat\u00f3n de Badajoz: el d\u00eda despu\u00e9s"},"content":{"rendered":"<p>He querido dejar pasar unos d\u00edas antes de ponerme a describir todas las sensaciones que sent\u00ed el domingo pasado, antes, durante y sobre todo al terminar el Marat\u00f3n de mi ciudad. Se me agolpan las ideas se me amontonan los sentimientos y voy a tratar de ponerlos en orden para que la lectura resulte medianamente amena. Tratar\u00e9 de generalizar pero me vais a perdonar que alguna vez personalice alg\u00fan comentario en m\u00ed y en mi querido Club Marat\u00f3n Badajoz.<\/p>\n<p style=\"text-align: center;\"><img loading=\"lazy\" src=\"\/\/www.hoy.es\/hoy\/multimedia\/201403\/23\/media\/maraton2-badajoz%20(6).jpg\" alt=\"\" width=\"488\" height=\"324\" \/><\/p>\n<p style=\"text-align: left;\">Para empezar quiero<strong> felicitar a la organizaci\u00f3n,<\/strong> por el excelente trabajo y dedicaci\u00f3n para que todo se desarrollara sin incidentes. Felicidades y muchas gracias a todos desde el primero hasta el \u00faltimo, desde el concejal de deportes, personal de la FMD, hasta los colaboradores que cortaban cruces de calle y voluntarios que atend\u00edan los avituallamientos. Este a\u00f1o hab\u00eda dos novedades que a la postre fueron muy del agrado de los corredores. Por un lado la presencia de comparsas con sus instrumentos de percusi\u00f3n situados estrat\u00e9gicamente en cuatro puntos del recorrido, no dejaban de animar lo que se agradec\u00eda cuando las fuerzas empezaban a faltar. Por otro lado, por primera vez hab\u00eda unos &#8220;gu\u00edas&#8221; identificados con un globo, para que los no iniciados tuvieran una referencia para hacer un determinado tiempo, precisamente alrededor del globo que marcaba 4 horas tuve la oportunidad de conocer y compartir algunos kil\u00f3metros con \u00a0V\u00edctor P\u00edriz compa\u00f1ero bloguero y al que felicito por terminar su primer Marat\u00f3n.<\/p>\n<p><strong>En la salida de un Marat\u00f3n, se respira un ambiente especial<\/strong> que adem\u00e1s se palpa f\u00e1cilmente, hay nervios, tensi\u00f3n, incertidumbre, miedos, dudas, sentimientos que se ven perfectamente reflejadas en las caras de los corredores que est\u00e1n a punto de afrontar el esfuerzo que supone correr durante algo m\u00e1s de 42 kil\u00f3metros, incluso los corredores entre s\u00ed somos mucho m\u00e1s solidarios. Cuando una persona se pone a intentar correr un Marat\u00f3n -salvo excepciones- normalmente es porque est\u00e1 suficientemente entrenado para ello, independientemente del tiempo que se emplee, pero a\u00fan as\u00ed el temor es mucho.<\/p>\n<p>Luego durante la carrera los kil\u00f3metros ponen a cada uno en su sitio. Pero es incre\u00edble la cantidad de cosas que se pueden llegar a pensar durante el trayecto, &#8220;que bien voy&#8221;, &#8220;que mal voy&#8221;, &#8220;parece que me recupero&#8221;, &#8220;se me van cargando las piernas&#8221;,&#8221;voy a hacer mi tiempo&#8221;, &#8220;no voy a hacer mi tiempo pero me da igual&#8221;&#8230; por eso <strong>hay que tener cabeza fr\u00eda<\/strong> para manejar todos esos pensamientos sobre todo cuando aparecen -que aparecer\u00e1n- las sensaciones negativas, sensaciones que desaparecen de golpe cuando se enfila la recta de meta.<\/p>\n<p>Y es precisamente lo que se siente en esa recta de llegada lo que me considero incapaz de describir, es una mezcla de sensaciones y lo \u00fanico que puedo decir que son agradabil\u00edsimas. El domingo fue la 68\u00aa vez que atraves\u00e9 ese \u00faltimo tramo y os puedo decir que todav\u00eda me sorprendo de las emociones que afloran a mi mente. En las \u00faltimas ocasiones -quiz\u00e1s porque me estoy haciendo viejo- no puedo evitar que se me salten las lagrimas. Y<strong> lo que se vive al cruzar la meta es espectacular<\/strong>, todo son abrazos entre personas con la cara desencajada pero tremendamente felices. Eso es lo que hace grande al Marat\u00f3n.<\/p>\n<p>Quiero agradecer tambi\u00e9n al Ayuntamiento de Badajoz que tuvo el detalle de entregar una placa al Club Marat\u00f3n Badajoz, con motivo de su XXV aniversario que como sab\u00e9is estamos celebrando este a\u00f1o, placa con una leyenda que dec\u00eda &#8220;el sue\u00f1o de un grupo de amigos hecho realidad&#8221;, y que tuve el honor de recibir de manos de nuestro alcalde.<\/p>\n<p>Y para terminar deciros que despu\u00e9s de la carrera me &#8220;entraron&#8221; un mont\u00f3n de cervezas, as\u00ed que como ya sab\u00e9is la satisfacci\u00f3n fue plena.<\/p>\n<p>Un saludo y seguiremos corriendo hasta&#8230;. que el cuerpo aguante.<\/p>\n<!-- AddThis Advanced Settings generic via filter on the_content --><!-- AddThis Share Buttons generic via filter on the_content -->","protected":false},"excerpt":{"rendered":"<p>He querido dejar pasar unos d\u00edas antes de ponerme a describir todas las sensaciones que sent\u00ed el domingo pasado, antes, durante y sobre todo al terminar el Marat\u00f3n de mi ciudad. Se me agolpan las ideas se me amontonan los sentimientos y voy a tratar de ponerlos en orden para que la lectura resulte medianamente [&hellip;]<!-- AddThis Advanced Settings generic via filter on get_the_excerpt --><!-- AddThis Share Buttons generic via filter on get_the_excerpt --><\/p>\n","protected":false},"author":114,"featured_media":0,"comment_status":"open","ping_status":"closed","sticky":false,"template":"","format":"standard","meta":[],"categories":[2],"tags":[3,17,21,24,26,29,30,31,48,63,68,69,71,74,76,80,81,84,87,93,100,101,109],"_links":{"self":[{"href":"https:\/\/blogs.hoy.es\/empiezoacorrerhoy\/wp-json\/wp\/v2\/posts\/54"}],"collection":[{"href":"https:\/\/blogs.hoy.es\/empiezoacorrerhoy\/wp-json\/wp\/v2\/posts"}],"about":[{"href":"https:\/\/blogs.hoy.es\/empiezoacorrerhoy\/wp-json\/wp\/v2\/types\/post"}],"author":[{"embeddable":true,"href":"https:\/\/blogs.hoy.es\/empiezoacorrerhoy\/wp-json\/wp\/v2\/users\/114"}],"replies":[{"embeddable":true,"href":"https:\/\/blogs.hoy.es\/empiezoacorrerhoy\/wp-json\/wp\/v2\/comments?post=54"}],"version-history":[{"count":0,"href":"https:\/\/blogs.hoy.es\/empiezoacorrerhoy\/wp-json\/wp\/v2\/posts\/54\/revisions"}],"wp:attachment":[{"href":"https:\/\/blogs.hoy.es\/empiezoacorrerhoy\/wp-json\/wp\/v2\/media?parent=54"}],"wp:term":[{"taxonomy":"category","embeddable":true,"href":"https:\/\/blogs.hoy.es\/empiezoacorrerhoy\/wp-json\/wp\/v2\/categories?post=54"},{"taxonomy":"post_tag","embeddable":true,"href":"https:\/\/blogs.hoy.es\/empiezoacorrerhoy\/wp-json\/wp\/v2\/tags?post=54"}],"curies":[{"name":"wp","href":"https:\/\/api.w.org\/{rel}","templated":true}]}}