{"id":566,"date":"2013-11-20T09:51:51","date_gmt":"2013-11-20T08:51:51","guid":{"rendered":"http:\/\/blogs.hoy.es\/eneltintero\/?p=566"},"modified":"2013-11-20T09:51:51","modified_gmt":"2013-11-20T08:51:51","slug":"siderurgica-balboa-paga-75-millones-en-impuestos","status":"publish","type":"post","link":"https:\/\/blogs.hoy.es\/eneltintero\/2013\/11\/20\/siderurgica-balboa-paga-75-millones-en-impuestos\/","title":{"rendered":"Sider\u00fargica Balboa paga 75 millones en impuestos"},"content":{"rendered":"<div id=\"attachment_567\" style=\"width: 650px\" class=\"wp-caption aligncenter\"><a href=\"\/eneltintero\/wp-content\/uploads\/sites\/83\/2013\/11\/SIDER\u00daRGICAOK.jpg\"><img aria-describedby=\"caption-attachment-567\" loading=\"lazy\" class=\"size-full wp-image-567 \" title=\"SIDER\u00daRGICA\" src=\"\/eneltintero\/wp-content\/uploads\/sites\/83\/2013\/11\/SIDER\u00daRGICAOK.jpg\" alt=\"\" width=\"640\" height=\"301\" srcset=\"https:\/\/static-blogs.hoy.es\/wp-content\/uploads\/sites\/83\/2013\/11\/SIDER\u00daRGICAOK.jpg 640w, https:\/\/static-blogs.hoy.es\/wp-content\/uploads\/sites\/83\/2013\/11\/SIDER\u00daRGICAOK-300x141.jpg 300w\" sizes=\"(max-width: 640px) 100vw, 640px\" \/><\/a><p id=\"caption-attachment-567\" class=\"wp-caption-text\">Vista de Sider\u00fargica Balboa en Jerez de los Caballeros (Badajoz). Imagen de la web<\/p><\/div>\n<p>Una de las consecuencias directas del cierre de <a href=\"http:\/\/www.grupoag.es\/siderurgicabalboa\/empresa\/empresa.php\" target=\"_blank\" rel=\"external nofollow\">Sider\u00fargica Balboa<\/a> en <a href=\"http:\/\/www.jerezcaballeros.es\/\" target=\"_blank\" rel=\"external nofollow\">Jerez de los Caballeros <\/a>ser\u00eda la p\u00e9rdida de los 75 millones de euros anuales en concepto de impuestos que paga esta empresa, seg\u00fan los datos que me ha aportado su propietario, el <a href=\"http:\/\/www.grupoag.es\/portada\/portada.php\" target=\"_blank\" rel=\"external nofollow\">Grupo Gallardo<\/a>. Es s\u00f3lo un ejemplo del impacto econ\u00f3mico que tendr\u00eda el cese de la actividad de esta planta de acero para la econom\u00eda extreme\u00f1a. Y es que estamos hablando de una de las &#8220;patas&#8221; sobre las que se sustenta el tejido empresarial extreme\u00f1o. Una empresa que pertenece a un grupo empresarial que pr\u00e1cticamente monopoliza el <strong>sector metal\u00fargico en la regi\u00f3n y que supone el 14 por ciento del PIB regional<\/strong>; el tercer sector m\u00e1s importante en Extremadura tras el energ\u00e9tico y el agroalimentario.<\/p>\n<p>Sin duda el empleo ser\u00eda el primer afectado en el caso de cierre. Alrededor del<strong> medio millar de trabajadores se ir\u00eda a la calle<\/strong>, pasando a engrosar las listas del paro.<\/p>\n<p><strong>Por otro lado est\u00e1n las exportaciones<\/strong>. \u00a0El volumen de ventas al exterior de Sider\u00fargica Balboa se ha incrementado en los \u00faltimos dos a\u00f1os entre un 25% y un 30%. La falta de clientes dentro de Espa\u00f1a ha obligado a la empresa a buscar clientes fuera, sobre todo de pa\u00edses de Sudam\u00e9rica y Sud\u00e1frica. En estos momentos exporta el 70 por ciento de una producci\u00f3n que en lo que llevamos de a\u00f1o llega a las 460 mil toneladas. Esto quiere decir, si tenemos en cuenta que entre enero y agosto Extremadura ha exportado 1.136.000 toneladas, que <strong>3 de cada 10 toneladas que salen de la regi\u00f3n a mercados extranjeros son acero de Jerez de los Caballeros.<\/strong><\/p>\n<p>En cuanto a la producci\u00f3n, como he apuntado antes, lleva fabricadas <strong>460 mil toneladas en lo que llevamos de a\u00f1o, un 11% de toda la producci\u00f3n industrial extreme\u00f1a<\/strong>. Es una producci\u00f3n un 60% inferior al de hace dos a\u00f1os, cuando alcanz\u00f3 las 750 mil toneladas.<\/p>\n<div id=\"attachment_568\" style=\"width: 610px\" class=\"wp-caption aligncenter\"><a href=\"\/eneltintero\/wp-content\/uploads\/sites\/83\/2013\/11\/MAPA-SECTOR-SIDERURGIAOK.jpg\"><img aria-describedby=\"caption-attachment-568\" loading=\"lazy\" class=\" wp-image-568 \" title=\"MAPA SECTOR SIDERURGIA\" src=\"\/eneltintero\/wp-content\/uploads\/sites\/83\/2013\/11\/MAPA-SECTOR-SIDERURGIAOK.jpg\" alt=\"\" width=\"600\" height=\"400\" \/><\/a><p id=\"caption-attachment-568\" class=\"wp-caption-text\">Peso por autonom\u00eda del sector sider\u00fargico. Datos de Unesid<\/p><\/div>\n<p><strong>&#8220;Ser\u00eda un mazazo para la econom\u00eda si Gallardo hubiera cerrado la sider\u00fargica&#8221;,<\/strong> me cuenta Andr\u00e9s Barcel\u00f3, presidente de<a href=\"http:\/\/www.unesid.org\/\" target=\"_blank\" rel=\"external nofollow\"> Unesid<\/a>, la asociaci\u00f3n que aglutina a las empresas sider\u00fargicas espa\u00f1olas. Comenta que el gran problema del cese de actividad de una planta como la de Jerez es que es casi imposible ponerla de nuevo en marcha. <strong>&#8220;Somos unos grandes usuarios log\u00edsticos de todo tipo de transporte, somos unos grandes consumidores el\u00e9ctricos, ahora mismo somos unos grandes exportadores con el 5% del total nacional&#8230;si se cierra, todo eso se pierde siendo muy dif\u00edcil su recuperaci\u00f3n&#8221;<\/strong>, a\u00f1ade.<\/p>\n<p>El presidente de Unesid reconoce que el sector sider\u00fargico saldr\u00e1 de la crisis &#8220;m\u00e1s tarde de lo esperado&#8221;. La producci\u00f3n sigue descendiendo mes a mes. En los llamados &#8220;productos largos&#8221;, que son los que precisamente genera Sider\u00fargica Balboa, el a\u00f1o pasado <strong>baj\u00f3 la producci\u00f3n un 25% y en este ejercicio se acumulan descensos del 18%.<\/strong> Adem\u00e1s, a todo esto se une que est\u00e1n soportando los <strong>precios de la energ\u00eda m\u00e1s caros de Europa<\/strong>.<\/p>\n<p>&nbsp;<\/p>\n<p>&nbsp;<\/p>\n<!-- AddThis Advanced Settings generic via filter on the_content --><!-- AddThis Share Buttons generic via filter on the_content -->","protected":false},"excerpt":{"rendered":"<p>Una de las consecuencias directas del cierre de Sider\u00fargica Balboa en Jerez de los Caballeros ser\u00eda la p\u00e9rdida de los 75 millones de euros anuales en concepto de impuestos que paga esta empresa, seg\u00fan los datos que me ha aportado su propietario, el Grupo Gallardo. Es s\u00f3lo un ejemplo del impacto econ\u00f3mico que tendr\u00eda el [&hellip;]<!-- AddThis Advanced Settings generic via filter on get_the_excerpt --><!-- AddThis Share Buttons generic via filter on get_the_excerpt --><\/p>\n","protected":false},"author":106,"featured_media":0,"comment_status":"open","ping_status":"closed","sticky":false,"template":"","format":"standard","meta":[],"categories":[2],"tags":[29,219,239,302,330,338,378,456,523,570],"_links":{"self":[{"href":"https:\/\/blogs.hoy.es\/eneltintero\/wp-json\/wp\/v2\/posts\/566"}],"collection":[{"href":"https:\/\/blogs.hoy.es\/eneltintero\/wp-json\/wp\/v2\/posts"}],"about":[{"href":"https:\/\/blogs.hoy.es\/eneltintero\/wp-json\/wp\/v2\/types\/post"}],"author":[{"embeddable":true,"href":"https:\/\/blogs.hoy.es\/eneltintero\/wp-json\/wp\/v2\/users\/106"}],"replies":[{"embeddable":true,"href":"https:\/\/blogs.hoy.es\/eneltintero\/wp-json\/wp\/v2\/comments?post=566"}],"version-history":[{"count":0,"href":"https:\/\/blogs.hoy.es\/eneltintero\/wp-json\/wp\/v2\/posts\/566\/revisions"}],"wp:attachment":[{"href":"https:\/\/blogs.hoy.es\/eneltintero\/wp-json\/wp\/v2\/media?parent=566"}],"wp:term":[{"taxonomy":"category","embeddable":true,"href":"https:\/\/blogs.hoy.es\/eneltintero\/wp-json\/wp\/v2\/categories?post=566"},{"taxonomy":"post_tag","embeddable":true,"href":"https:\/\/blogs.hoy.es\/eneltintero\/wp-json\/wp\/v2\/tags?post=566"}],"curies":[{"name":"wp","href":"https:\/\/api.w.org\/{rel}","templated":true}]}}