{"id":755,"date":"2016-10-06T23:15:40","date_gmt":"2016-10-06T21:15:40","guid":{"rendered":"http:\/\/blogs.hoy.es\/eneltintero\/?p=755"},"modified":"2016-10-06T23:15:40","modified_gmt":"2016-10-06T21:15:40","slug":"hacienda-levanta-el-bloqueo-a-extremadura","status":"publish","type":"post","link":"https:\/\/blogs.hoy.es\/eneltintero\/2016\/10\/06\/hacienda-levanta-el-bloqueo-a-extremadura\/","title":{"rendered":"Hacienda levanta el bloqueo a Extremadura"},"content":{"rendered":"<p>&nbsp;<\/p>\n<p>&nbsp;<\/p>\n<p><a href=\"\/eneltintero\/wp-content\/uploads\/sites\/83\/2016\/10\/BLANCO-MORALES-Y-MONTORO1.jpg\"><img loading=\"lazy\" class=\"aligncenter size-full wp-image-757\" title=\"BLANCO-MORALES Y MONTORO\" src=\"\/eneltintero\/wp-content\/uploads\/sites\/83\/2016\/10\/BLANCO-MORALES-Y-MONTORO1.jpg\" alt=\"\" width=\"411\" height=\"299\" srcset=\"https:\/\/static-blogs.hoy.es\/wp-content\/uploads\/sites\/83\/2016\/10\/BLANCO-MORALES-Y-MONTORO1.jpg 411w, https:\/\/static-blogs.hoy.es\/wp-content\/uploads\/sites\/83\/2016\/10\/BLANCO-MORALES-Y-MONTORO1-300x218.jpg 300w\" sizes=\"(max-width: 411px) 100vw, 411px\" \/><\/a>Dos meses consecutivos cumpliendo con el periodo medio del pago a proveedores ha tenido su recompensa. El <a href=\"http:\/\/www.minhap.gob.es\/es-ES\/Paginas\/Home.aspx\" target=\"_blank\" rel=\"external nofollow\">Ministerio de Hacienda<\/a> ha comunicado a la<a href=\"http:\/\/www.gobex.es\/web\/\" rel=\"external nofollow\"> Junta de Extremadura <\/a>que ya no retendr\u00e1 los fondos que le corresponden de la <a href=\"http:\/\/www.minhap.gob.es\/es-ES\/Areas%20Tematicas\/Financiacion%20Autonomica\/Paginas\/Financiacion%20Autonomica.aspx\" target=\"_blank\" rel=\"external nofollow\">financiaci\u00f3n auton\u00f3mica<\/a>. \u00a0Hacienda pon\u00eda en marcha esta medida coercitiva en abril despu\u00e9s de que<strong>\u00a0la Junta llevara casi dos a\u00f1os declarando una demora media mensual por encima de 60 d\u00edas.\u00a0<\/strong>Con ese dinero retenido, el departamento que dirige en funciones\u00a0<a href=\"http:\/\/www.seap.minhap.es\/web\/ministerio\/ministro\/cristobal_montoro.html\" rel=\"external nofollow\">Crist\u00f3bal Montoro<\/a>\u00a0ha venido pagando directamente las facturas que no pod\u00eda pagar la comunidad aut\u00f3noma.<\/p>\n<p><strong><\/strong>Seg\u00fan el \u00faltimo dato oficial de julio, <strong>Extremadura tarda 17 d\u00edas en pagar a sus proveedores. Es la primera vez que se declara una demora por debajo del techo legal de 30 d\u00edas<\/strong>. La propia consejera de Hacienda, <a href=\"http:\/\/www.gobex.es\/con01\/consejera-de-hacienda-y-administracion-publica\" rel=\"external nofollow\">Pilar Blanco Morales<\/a>, me confirmaba en una entrevista que se espera que en agosto baje hasta los 13 d\u00edas.<\/p>\n<p>El gran problema siempre ha sido la alta morosidad del <a href=\"http:\/\/saludextremadura.gobex.es\/es\/listadonovedades\/-\/ultimasNovedades\/6gP9\/content\/id\/34194\" target=\"_blank\" rel=\"external nofollow\">Servicio Extreme\u00f1o de Salud <\/a>que deriv\u00f3 en una demora media de 165 d\u00edas el a\u00f1o pasado.<\/p>\n<p>Para contrarrestar esto, la Junta increment\u00f3 el presupuesto del SES en un 12 por ciento. Tambi\u00e9n han sido claves los m\u00e1s de 600 millones de euros que ha recibido Extremadura este a\u00f1o de los<a href=\"http:\/\/www.minhap.gob.es\/es-ES\/Areas%20Tematicas\/Financiacion%20Autonomica\/Paginas\/PagoProveedoresCCAA.aspx\" target=\"_blank\" rel=\"external nofollow\"> mecanismos de financiaci\u00f3n \u00a0auton\u00f3mica <\/a>puestos en marcha por el Gobierno.<\/p>\n<p><script id=\"infogram_0_c3ed2499-a5bc-40d8-93ed-a06f87c4c5d0\" title=\"\" src=\"\/\/e.infogr.am\/js\/embed.js?tJI\" type=\"text\/javascript\"><\/script><\/p>\n<div style=\"padding:8px 0;font-family:Arial!important;font-size:13px!important;line-height:15px!important;text-align:center;border-top:1px solid #dadada;margin:0 30px\"><a style=\"color:#989898!important;text-decoration:none!important;\" href=\"http:\/\/charts.infogr.am\/line-chart?utm_source=embed_bottom&#038;utm_medium=seo&#038;utm_campaign=line_chart\" target=\"_blank\" rel=\"external nofollow\">Create line charts<\/a><\/div>\n<p>&nbsp;<\/p>\n<p>&nbsp;<\/p>\n<!-- AddThis Advanced Settings generic via filter on the_content --><!-- AddThis Share Buttons generic via filter on the_content -->","protected":false},"excerpt":{"rendered":"<p>&nbsp; &nbsp; Dos meses consecutivos cumpliendo con el periodo medio del pago a proveedores ha tenido su recompensa. El Ministerio de Hacienda ha comunicado a la Junta de Extremadura que ya no retendr\u00e1 los fondos que le corresponden de la financiaci\u00f3n auton\u00f3mica. \u00a0Hacienda pon\u00eda en marcha esta medida coercitiva en abril despu\u00e9s de que\u00a0la Junta [&hellip;]<!-- AddThis Advanced Settings generic via filter on get_the_excerpt --><!-- AddThis Share Buttons generic via filter on get_the_excerpt --><\/p>\n","protected":false},"author":106,"featured_media":0,"comment_status":"open","ping_status":"closed","sticky":false,"template":"","format":"standard","meta":[],"categories":[2,3],"tags":[239,250,289,341,392,414,499],"_links":{"self":[{"href":"https:\/\/blogs.hoy.es\/eneltintero\/wp-json\/wp\/v2\/posts\/755"}],"collection":[{"href":"https:\/\/blogs.hoy.es\/eneltintero\/wp-json\/wp\/v2\/posts"}],"about":[{"href":"https:\/\/blogs.hoy.es\/eneltintero\/wp-json\/wp\/v2\/types\/post"}],"author":[{"embeddable":true,"href":"https:\/\/blogs.hoy.es\/eneltintero\/wp-json\/wp\/v2\/users\/106"}],"replies":[{"embeddable":true,"href":"https:\/\/blogs.hoy.es\/eneltintero\/wp-json\/wp\/v2\/comments?post=755"}],"version-history":[{"count":0,"href":"https:\/\/blogs.hoy.es\/eneltintero\/wp-json\/wp\/v2\/posts\/755\/revisions"}],"wp:attachment":[{"href":"https:\/\/blogs.hoy.es\/eneltintero\/wp-json\/wp\/v2\/media?parent=755"}],"wp:term":[{"taxonomy":"category","embeddable":true,"href":"https:\/\/blogs.hoy.es\/eneltintero\/wp-json\/wp\/v2\/categories?post=755"},{"taxonomy":"post_tag","embeddable":true,"href":"https:\/\/blogs.hoy.es\/eneltintero\/wp-json\/wp\/v2\/tags?post=755"}],"curies":[{"name":"wp","href":"https:\/\/api.w.org\/{rel}","templated":true}]}}