{"id":838,"date":"2018-07-04T20:54:28","date_gmt":"2018-07-04T18:54:28","guid":{"rendered":"http:\/\/blogs.hoy.es\/eneltintero\/?p=838"},"modified":"2018-07-04T20:55:04","modified_gmt":"2018-07-04T18:55:04","slug":"grandes-fortunas","status":"publish","type":"post","link":"https:\/\/blogs.hoy.es\/eneltintero\/2018\/07\/04\/grandes-fortunas\/","title":{"rendered":"28 extreme\u00f1os declararon ingresos por encima de los 600.000 euros"},"content":{"rendered":"<p>Las grandes fortunas de Extremadura se concentran en medio millar de personas; concr\u00e9tamente en 501 seg\u00fan los \u00faltimos datos de la <a href=\"http:\/\/www.agenciatributaria.es\/AEAT.internet\/datosabiertos\/catalogo\/hacienda\/Estadistica_de_los_declarantes_del_IRPF.shtml\" target=\"_blank\" rel=\"external nofollow\">campa\u00f1a de la renta de 2016 <\/a>que acaba de publicar la Agencia Tributaria. Ellos fueron los que declararon ingresos por encima de los 150.000 euros. De ellos, <strong>28 presentaron en su declaraci\u00f3n unos ingresos por encima de los 601.000 euros<\/strong>. En conjunto, todos estos contribuyentes s\u00f3lo representan el 0,11 por ciento del total de cotizantes de la comunidad aut\u00f3noma que hacen su declaraci\u00f3n de la renta cada a\u00f1o.<\/p>\n<p><a href=\"https:\/\/static-blogs.hoy.es\/wp-content\/uploads\/sites\/83\/2018\/07\/RENDIMIENTOS-OK.jpg\"><img loading=\"lazy\" class=\"alignnone size-full wp-image-847\" src=\"https:\/\/static-blogs.hoy.es\/wp-content\/uploads\/sites\/83\/2018\/07\/RENDIMIENTOS-OK.jpg\" alt=\"rendimientos-ok\" width=\"578\" height=\"567\" srcset=\"https:\/\/static-blogs.hoy.es\/wp-content\/uploads\/sites\/83\/2018\/07\/RENDIMIENTOS-OK.jpg 578w, https:\/\/static-blogs.hoy.es\/wp-content\/uploads\/sites\/83\/2018\/07\/RENDIMIENTOS-OK-300x294.jpg 300w\" sizes=\"(max-width: 578px) 100vw, 578px\" \/><\/a><\/p>\n<p>&nbsp;<\/p>\n<p>&nbsp;<\/p>\n<p><a href=\"https:\/\/static-blogs.hoy.es\/wp-content\/uploads\/sites\/83\/2018\/07\/CUOTA-RESULTANTE-2016.jpg\"><img loading=\"lazy\" class=\"alignnone size-full wp-image-840\" src=\"https:\/\/static-blogs.hoy.es\/wp-content\/uploads\/sites\/83\/2018\/07\/CUOTA-RESULTANTE-2016.jpg\" alt=\"cuota-resultante-2016\" width=\"587\" height=\"591\" srcset=\"https:\/\/static-blogs.hoy.es\/wp-content\/uploads\/sites\/83\/2018\/07\/CUOTA-RESULTANTE-2016.jpg 587w, https:\/\/static-blogs.hoy.es\/wp-content\/uploads\/sites\/83\/2018\/07\/CUOTA-RESULTANTE-2016-150x150.jpg 150w, https:\/\/static-blogs.hoy.es\/wp-content\/uploads\/sites\/83\/2018\/07\/CUOTA-RESULTANTE-2016-298x300.jpg 298w\" sizes=\"(max-width: 587px) 100vw, 587px\" \/><\/a><\/p>\n<p>&nbsp;<\/p>\n<p><a href=\"https:\/\/static-blogs.hoy.es\/wp-content\/uploads\/sites\/83\/2018\/07\/GRANDES-FORTUNAS.jpg\"><img loading=\"lazy\" class=\"alignnone size-full wp-image-841\" src=\"https:\/\/static-blogs.hoy.es\/wp-content\/uploads\/sites\/83\/2018\/07\/GRANDES-FORTUNAS.jpg\" alt=\"grandes-fortunas\" width=\"621\" height=\"461\" srcset=\"https:\/\/static-blogs.hoy.es\/wp-content\/uploads\/sites\/83\/2018\/07\/GRANDES-FORTUNAS.jpg 621w, https:\/\/static-blogs.hoy.es\/wp-content\/uploads\/sites\/83\/2018\/07\/GRANDES-FORTUNAS-300x223.jpg 300w\" sizes=\"(max-width: 621px) 100vw, 621px\" \/><\/a><\/p>\n<p>Como reflejan las cifras, el 53% de los contribuyentes extreme\u00f1os declar\u00f3 ingresos por debajo de los 12.000 euros; y el tramo con m\u00e1s cotizantes, el que va desde los 6.000 euros a los 12.000 euros, con 102.809 declarantes que representan el 22,13% del total.<\/p>\n<p>Durante la campa\u00f1a de la renta de 2016 los extreme\u00f1os declararon unos ingresos medios de 17.500 euros, por lo que Hacienda ingres\u00f3 979,3 millones de euros, un 2,7% m\u00e1s que el a\u00f1o anterior. <strong>De la recaudaci\u00f3n total por IRPF, las grandes fortunas aportaron el 3,2%<\/strong>, mientras que el grueso de la recaudaci\u00f3n\u00a0la soportaron los contribuyentes del tramo de entre 30.000 euros y 60.000 euros con el 42%.<\/p>\n<p>&nbsp;<\/p>\n<p>&nbsp;<\/p>\n<p>&nbsp;<\/p>\n<p>&nbsp;<\/p>\n<p>&nbsp;<\/p>\n<p>&nbsp;<\/p>\n<!-- AddThis Advanced Settings generic via filter on the_content --><!-- AddThis Share Buttons generic via filter on the_content -->","protected":false},"excerpt":{"rendered":"<p>Las grandes fortunas de Extremadura se concentran en medio millar de personas; concr\u00e9tamente en 501 seg\u00fan los \u00faltimos datos de la campa\u00f1a de la renta de 2016 que acaba de publicar la Agencia Tributaria. Ellos fueron los que declararon ingresos por encima de los 150.000 euros. De ellos, 28 presentaron en su declaraci\u00f3n unos ingresos [&hellip;]<!-- AddThis Advanced Settings generic via filter on get_the_excerpt --><!-- AddThis Share Buttons generic via filter on get_the_excerpt --><\/p>\n","protected":false},"author":106,"featured_media":844,"comment_status":"open","ping_status":"closed","sticky":false,"template":"","format":"standard","meta":[],"categories":[2,5],"tags":[20,620,239,619,493],"_links":{"self":[{"href":"https:\/\/blogs.hoy.es\/eneltintero\/wp-json\/wp\/v2\/posts\/838"}],"collection":[{"href":"https:\/\/blogs.hoy.es\/eneltintero\/wp-json\/wp\/v2\/posts"}],"about":[{"href":"https:\/\/blogs.hoy.es\/eneltintero\/wp-json\/wp\/v2\/types\/post"}],"author":[{"embeddable":true,"href":"https:\/\/blogs.hoy.es\/eneltintero\/wp-json\/wp\/v2\/users\/106"}],"replies":[{"embeddable":true,"href":"https:\/\/blogs.hoy.es\/eneltintero\/wp-json\/wp\/v2\/comments?post=838"}],"version-history":[{"count":5,"href":"https:\/\/blogs.hoy.es\/eneltintero\/wp-json\/wp\/v2\/posts\/838\/revisions"}],"predecessor-version":[{"id":849,"href":"https:\/\/blogs.hoy.es\/eneltintero\/wp-json\/wp\/v2\/posts\/838\/revisions\/849"}],"wp:featuredmedia":[{"embeddable":true,"href":"https:\/\/blogs.hoy.es\/eneltintero\/wp-json\/wp\/v2\/media\/844"}],"wp:attachment":[{"href":"https:\/\/blogs.hoy.es\/eneltintero\/wp-json\/wp\/v2\/media?parent=838"}],"wp:term":[{"taxonomy":"category","embeddable":true,"href":"https:\/\/blogs.hoy.es\/eneltintero\/wp-json\/wp\/v2\/categories?post=838"},{"taxonomy":"post_tag","embeddable":true,"href":"https:\/\/blogs.hoy.es\/eneltintero\/wp-json\/wp\/v2\/tags?post=838"}],"curies":[{"name":"wp","href":"https:\/\/api.w.org\/{rel}","templated":true}]}}