{"id":145,"date":"2013-05-29T11:13:59","date_gmt":"2013-05-29T11:13:59","guid":{"rendered":"http:\/\/blogs.hoy.es\/escuela-de-padres\/?p=145"},"modified":"2013-05-29T11:13:59","modified_gmt":"2013-05-29T11:13:59","slug":"se-quiere-a-todos-los-hijos-por-igual","status":"publish","type":"post","link":"https:\/\/blogs.hoy.es\/escuela-de-padres\/2013\/05\/29\/se-quiere-a-todos-los-hijos-por-igual\/","title":{"rendered":"\u00bfSe quiere a todos los hijos por igual?"},"content":{"rendered":"<p>&nbsp;<\/p>\n<div id=\"attachment_147\" style=\"width: 610px\" class=\"wp-caption aligncenter\"><a href=\"\/escuela-de-padres\/wp-content\/uploads\/sites\/67\/2013\/05\/padreconhijosfeten.jpg\"><img aria-describedby=\"caption-attachment-147\" loading=\"lazy\" class=\"size-full wp-image-147\" title=\"Un padre pasea con tres ni\u00f1os. \/ Fernando Alvarado\" src=\"\/escuela-de-padres\/wp-content\/uploads\/sites\/67\/2013\/05\/padreconhijosfeten.jpg\" alt=\"Un padre pasea con tres ni\u00f1os. \/ Fernando Alvarado\" width=\"600\" height=\"850\" srcset=\"https:\/\/static-blogs.hoy.es\/wp-content\/uploads\/sites\/67\/2013\/05\/padreconhijosfeten.jpg 600w, https:\/\/static-blogs.hoy.es\/wp-content\/uploads\/sites\/67\/2013\/05\/padreconhijosfeten-212x300.jpg 212w\" sizes=\"(max-width: 600px) 100vw, 600px\" \/><\/a><p id=\"caption-attachment-147\" class=\"wp-caption-text\">Un padre pasea con tres ni\u00f1os. \/ Fernando Alvarado<\/p><\/div>\n<p>Recuerdo cuando era peque\u00f1o lo que me angustiaba que me preguntaran \u00bfa qui\u00e9n quieres m\u00e1s a pap\u00e1 o a mam\u00e1?\u00a0 Con el paso de los a\u00f1os recuerdo que <strong>una vez le pregunt\u00e9 a mi madre y \u00bft\u00fa a qui\u00e9n quieres m\u00e1s de los hermanos?<\/strong> Mi madre sali\u00f3 airosa de esa pregunta trampa contestando \u201cqu\u00e9 dedo me corto que no me duela\u201d.<\/p>\n<p>Es verdad, <strong>a los hijos \u00a0se les quiere mucho, much\u00edsimo y para siempre.<\/strong> Es m\u00e1s verdad a\u00fan que cuando creemos que las criaturas est\u00e1n m\u00e1s perdidas parece como s\u00ed nos aumentara la capacidad de amar.\u00a0 Sin embargo a los padres nos cuesta trabajo aceptar que, siendo verdad que los queremos mucho, lo que <strong>no est\u00e1 tan claro es que demostremos ese cari\u00f1o de \u00a0la misma manera<\/strong>.<\/p>\n<p>Vamos a hacer un<span style=\"text-decoration: underline;\"><strong> peque\u00f1o test, nada\u00a0 cient\u00edfico<\/strong><\/span>, sobre el tema, que invent\u00e9 para mi amiga Paqui, cuando me dijo, &#8220;Carlos t\u00fa dir\u00e1s lo que quieras pero yo quiero a todos mis hijos por igual&#8221;. De acuerdo le dije, vas a hacer este peque\u00f1o test que yo denomin\u00e9\u00a0 <em>\u201cel dedo que te cortas y no duele<\/em>\u201d, y que consta de un simple ejercicio de <span style=\"text-decoration: underline;\"><strong>comparaci\u00f3n de nuestros comportamientos<\/strong><\/span> con nuestros diferentes hijos.<\/p>\n<p>1\u00ba.- <strong>N\u00famero de \u00e1lbumes de fotos<\/strong> que tiene cada uno de tus hijos: Mi amiga Paqui tiene 3 hijos, el mayor va por el 9\u00ba \u00e1lbum, la mediana tiene 5 y el peque\u00f1o sale en los \u00e1lbumes de los hermanos.<\/p>\n<p>2\u00ba.- <strong>Reacci\u00f3n ante la aparici\u00f3n de fiebre<\/strong>. El mayor cada vez que tuvo fiebre fue envuelto en su toquilla y corriendo para urgencias, al peque\u00f1o lo medica la madre con una tranquilidad, \u201cun poquito de Dalsy y ma\u00f1ana est\u00e1s estupendo\u201d.<\/p>\n<p>3\u00ba.- <strong>Esterilizaci\u00f3n de biberones<\/strong>: Con el mayor se esterilizaba despu\u00e9s de cada toma. Con el peque\u00f1o met\u00eda los biberones en el friegaplatos y si el chupete ca\u00eda al suelo, lo chupaba Paqui tranquilamente con la certeza de que la saliva de madre lo cura todo.<\/p>\n<p>4\u00ba.- <strong>Comenzar a andar<\/strong>:\u00a0 El mayor cuando comenz\u00f3 a andar, adem\u00e1s de tener protegidos todas las esquinas peligrosas contaba con el apoyo de un pap\u00e1 o mam\u00e1 que detr\u00e1s de \u00e9l vigilaban cualquier tropez\u00f3n. El peque\u00f1o aprendi\u00f3 a andar mientras su padre y su madre le\u00edan en el sof\u00e1 y se dec\u00edan , \u00a1d\u00e9jalo! si es bueno que se caiga!!.<\/p>\n<p>Bromas aparte, esto es s\u00f3lo una peque\u00f1a muestra de que <strong>el modo en que nos comportamos con nuestros hijos no est\u00e1 directamente relacionado con el amor que les profesamos<\/strong>, sino que existen muchas variables que afectan a la manera en c\u00f3mo nos comportarnos. Y os recuerdo que <strong>lo que nuestros hijos ven son nuestros comportamiento no nuestros sentimientos<\/strong>, por eso a veces nos atizan con lo de \u201cclaro, como mi hermano es tu preferido\u201d.<\/p>\n<p><strong>\u00a0\u00a0\u00a0\u00a0\u00a0\u00a0\u00a0\u00a0 No deber\u00edamos\u00a0 confundir\u00a0 cari\u00f1o con predilecci\u00f3n.<\/strong> La predilecci\u00f3n es ni m\u00e1s ni menos que\u00a0 la preferencia que se siente hacia un hijo \u00a0en comparaci\u00f3n con otros y yo creo que la raz\u00f3n por la que los padres negamos esta predilecci\u00f3n respecto a los hijos es porque nos da temor que esto pueda ser interpretado por los hijos, o por nosotros mismos,\u00a0 como si los quisi\u00e9ramos menos o de una manera diferente.<\/p>\n<p>Nuestros hijos, a pesar de nuestro cari\u00f1o, se comportan de forma diferente. De hecho, los padres solemos decir &#8220;\u00a1c\u00f3mo es posible que los mismos padres, la misma casa, la misma educaci\u00f3n y los hijos sean tan diferentes!&#8221;<\/p>\n<p>Pues porque, aunque seamos los mismos padres, <strong>las formas de relacionarnos con los hijos no son iguales<\/strong>. Muchos padres <strong>se han sentido y se sienten muy mal<\/strong> por el simple hecho de pensar, en un momento determinado, que tienen predilecci\u00f3n por un hijo o por pensar de otro\u00a0 \u201cno lo aguanto\u201d, por sentir que su hijo, ese del \u00e1lbum de fotos, gordito, con esa cara tan simp\u00e1tica, ahora le hace la vida imposible.<\/p>\n<p><strong>Sentir predilecci\u00f3n por un hijo no significa que se quiera m\u00e1s a un hijo que a otro. <\/strong>Simplemente<strong> significa que hay hijos que, <\/strong>en un momento dado y por circunstancias varias<strong>, nos hacen sentir mejor, o nos hacen sentir que nos necesitan m\u00e1s<\/strong>.<\/p>\n<p>Los padres tenemos nuestro corazoncito y reaccionamos en una direcci\u00f3n ante los que nos hacen sentir bien y en direcci\u00f3n contraria ante los que nos hacen sentir mal. Aunque a veces, por extra\u00f1o que parezca, hay padres que muestran mayor predilecci\u00f3n ante los hijos &#8220;descarriados&#8221;. <strong>Reconocer nuestra tendencia a la predilecci\u00f3n nos har\u00e1 ser m\u00e1s ecu\u00e1nimes, m\u00e1s objetivos.<\/strong><\/p>\n<p>Cuando los padres nos empe\u00f1amos en negar la existencia de la predilecci\u00f3n solemos decir que cada hijo es diferente, y que necesitan algo diferente de nosotros y que por eso los tratamos de forma diferente. Probablemente estas frases lo que encierran es una<strong> manera de justificar nuestra predilecci\u00f3n, y por lo tanto una manera de negarla.<\/strong><\/p>\n<p>\u00bfPor qu\u00e9 no nos relajamos?\u00a0 <strong>Los padres no somos jueces<\/strong> obligados a actuar con ecuanimidad ante los hijos. <strong>Los padres no somos perfectos<\/strong>, los padres somos gu\u00edas, y el simple hecho de <strong>ser conscientes de nuestras predilecciones nos ayudar\u00e1 a ser m\u00e1s realistas con nuestros hijos<\/strong>.<\/p>\n<p>Aun as\u00ed, por justos y ecu\u00e1nimes que creamos ser los padres, <strong>son nuestros hijos los que interpretan el cari\u00f1o que les profesamos<\/strong>. Y la interpretaci\u00f3n que ellos hagan, as\u00ed como los sentimientos generados por esas interpretaciones pueden ser realmente importantes en sus vidas.<strong> <\/strong><\/p>\n<p><strong>\u00bfY qu\u00e9 es m\u00e1s verdadero, lo que los padres sentimos o lo que los padres hacemos?<\/strong> <strong>\u00a0\u00bfSer\u00e1n las predilecciones de los padres el origen de los celos y rivalidades entre hermanos?<\/strong> En el pr\u00f3ximo post la respuesta.<\/p>\n<!-- AddThis Advanced Settings generic via filter on the_content --><!-- AddThis Share Buttons generic via filter on the_content -->","protected":false},"excerpt":{"rendered":"<p>&nbsp; Recuerdo cuando era peque\u00f1o lo que me angustiaba que me preguntaran \u00bfa qui\u00e9n quieres m\u00e1s a pap\u00e1 o a mam\u00e1?\u00a0 Con el paso de los a\u00f1os recuerdo que una vez le pregunt\u00e9 a mi madre y \u00bft\u00fa a qui\u00e9n quieres m\u00e1s de los hermanos? Mi madre sali\u00f3 airosa de esa pregunta trampa contestando \u201cqu\u00e9 [&hellip;]<!-- AddThis Advanced Settings generic via filter on get_the_excerpt --><!-- AddThis Share Buttons generic via filter on get_the_excerpt --><\/p>\n","protected":false},"author":73,"featured_media":0,"comment_status":"open","ping_status":"closed","sticky":false,"template":"","format":"standard","meta":[],"categories":[2,4,5],"tags":[50,62,114,148,197,261,350,425,468,784,785,820,823,824,870,891,961],"_links":{"self":[{"href":"https:\/\/blogs.hoy.es\/escuela-de-padres\/wp-json\/wp\/v2\/posts\/145"}],"collection":[{"href":"https:\/\/blogs.hoy.es\/escuela-de-padres\/wp-json\/wp\/v2\/posts"}],"about":[{"href":"https:\/\/blogs.hoy.es\/escuela-de-padres\/wp-json\/wp\/v2\/types\/post"}],"author":[{"embeddable":true,"href":"https:\/\/blogs.hoy.es\/escuela-de-padres\/wp-json\/wp\/v2\/users\/73"}],"replies":[{"embeddable":true,"href":"https:\/\/blogs.hoy.es\/escuela-de-padres\/wp-json\/wp\/v2\/comments?post=145"}],"version-history":[{"count":0,"href":"https:\/\/blogs.hoy.es\/escuela-de-padres\/wp-json\/wp\/v2\/posts\/145\/revisions"}],"wp:attachment":[{"href":"https:\/\/blogs.hoy.es\/escuela-de-padres\/wp-json\/wp\/v2\/media?parent=145"}],"wp:term":[{"taxonomy":"category","embeddable":true,"href":"https:\/\/blogs.hoy.es\/escuela-de-padres\/wp-json\/wp\/v2\/categories?post=145"},{"taxonomy":"post_tag","embeddable":true,"href":"https:\/\/blogs.hoy.es\/escuela-de-padres\/wp-json\/wp\/v2\/tags?post=145"}],"curies":[{"name":"wp","href":"https:\/\/api.w.org\/{rel}","templated":true}]}}