{"id":1450,"date":"2026-03-05T07:39:19","date_gmt":"2026-03-05T07:39:19","guid":{"rendered":"https:\/\/blogs.hoy.es\/escuela-de-padres\/?p=1450"},"modified":"2026-03-05T07:39:53","modified_gmt":"2026-03-05T07:39:53","slug":"los-therian-una-oportunidad-para-hablar-de-la-construccion-de-la-identidad-personal-de-nuestros-hijos","status":"publish","type":"post","link":"https:\/\/blogs.hoy.es\/escuela-de-padres\/2026\/03\/05\/los-therian-una-oportunidad-para-hablar-de-la-construccion-de-la-identidad-personal-de-nuestros-hijos\/","title":{"rendered":"Los Therian, una oportunidad para hablar de la construcci\u00f3n de la identidad personal de nuestros hijos"},"content":{"rendered":"<div class=\"html-div xdj266r x14z9mp xat24cr x1lziwak xexx8yu xyri2b x18d9i69 x1c1uobl\">\n<div class=\"html-div xdj266r x14z9mp xat24cr x1lziwak xexx8yu xyri2b x18d9i69 x1c1uobl\" dir=\"auto\">\n<div class=\"html-div xdj266r x14z9mp xat24cr x1lziwak xexx8yu xyri2b x18d9i69 x1c1uobl\" data-ad-rendering-role=\"story_message\">\n<div class=\"x1l90r2v x1iorvi4 x1g0dm76 xpdmqnj\" data-ad-comet-preview=\"message\" data-ad-preview=\"message\">\n<div class=\"x78zum5 xdt5ytf xz62fqu x16ldp7u\">\n<div class=\"xu06os2 x1ok221b\">\n<div class=\"html-div xdj266r x14z9mp xat24cr x1lziwak xexx8yu xyri2b x18d9i69 x1c1uobl\">\n<div class=\"xdj266r x14z9mp xat24cr x1lziwak x1vvkbs x126k92a\">\n<div dir=\"auto\">Las redes sociales nos traen cada d\u00eda muchas noticias que tienen como \u00fanico objetivo hacerse lo m\u00e1s virales posible. Y en este marem\u00e1gnum de noticias, a veces, hay algunas que nos inquietan m\u00e1s que otras (que por cierto deber\u00edan inquietarnos m\u00e1s) como por ejemplo el fen\u00f3meno Therian.<\/div>\n<div dir=\"auto\">Antes de darte mi opini\u00f3n al respecto, me gustar\u00eda que reflexionaras sobre esta pregunta, \u00bft\u00fa crees que conoces a tus hijos?<\/div>\n<div dir=\"auto\">Cuando un hijo se define de una manera que no entendemos, sea Therian, Otakus, Gamers, K-poppers, E-girls E-boys, Furries, Cottagecore , Cayetanos, o cualquier otra etiqueta, lo f\u00e1cil es discutir el concepto. Lo dif\u00edcil es preguntarse qu\u00e9 emoci\u00f3n est\u00e1 intentando organizar por dentro.<\/div>\n<div dir=\"auto\"><img loading=\"lazy\" class=\"aligncenter size-full wp-image-1451\" src=\"https:\/\/static-blogs.hoy.es\/wp-content\/uploads\/sites\/67\/2026\/03\/cayetano-therian.jpg\" alt=\"\" width=\"427\" height=\"640\" srcset=\"https:\/\/static-blogs.hoy.es\/wp-content\/uploads\/sites\/67\/2026\/03\/cayetano-therian.jpg 427w, https:\/\/static-blogs.hoy.es\/wp-content\/uploads\/sites\/67\/2026\/03\/cayetano-therian-200x300.jpg 200w\" sizes=\"(max-width: 427px) 100vw, 427px\" \/><\/div>\n<div dir=\"auto\">Nuestros hijos adolescentes construyen su identidad en cuatro escenarios:<\/div>\n<div dir=\"auto\">1. El grupo de iguales. Los amigos, nos regalan la posibilidad de sentir que pertenecemos a un grupo que nos acepta e incluye. 2. Las redes sociales, que son un escenario donde poder probar versiones de s\u00ed mismos. 3. La cultura, a trav\u00e9s de Series, influencers, movimientos identitarios que les ofrecen marcos para expresar las emociones que antes no sab\u00edan nombrar; y 4. la propia exploraci\u00f3n emocional, la adolescencia siempre ha sido laboratorio para configurar la identidad.<\/div>\n<div dir=\"auto\">Y aqu\u00ed est\u00e1 lo importante para las familias, la identidad no se impone desde fuera ni se corrige a golpe de discusi\u00f3n. Se acompa\u00f1a. Si el v\u00ednculo es seguro, las etiquetas pasan. Si el v\u00ednculo se rompe, la etiqueta se convierte en trinchera y fuente de conflicto. La tarea no consiste en controlar qui\u00e9nes son, la tarea es estar presentes mientras lo descubren.<\/div>\n<div dir=\"auto\">Saber c\u00f3mo se sienten los hijos exige algo que nos resulta inc\u00f3modo: callar, esperar, escuchar sin iron\u00eda, controlar el miedo exagerado. Nuestros hijos no necesitan padres que lo entiendan todo, necesitan padres que no se ofusquen en los momentos dif\u00edciles.<\/div>\n<div dir=\"auto\">Y quiz\u00e1 la pregunta no sea qu\u00e9 significa esa identidad, (que tu seas taurino y tu hijo se identifique con un Toro, o que siendo de izquierdas de toda la vida el ni\u00f1o se identifique con un Cayetano) sino qu\u00e9 silencio est\u00e1 intentando llenar.<\/div>\n<div dir=\"auto\">Dicho todo esto, a m\u00ed me parece que esto de los Therian hay que entenderlo dentro de un contexto, y si lo sacas de ese contexto pues chirria. Los Therian han ocupado mucho espacio hasta que han llegado los misiles a Ir\u00e1n.<\/div>\n<div dir=\"auto\">\u00bfQui\u00e9n no ha jugado alguna vez a eso de \u201csi fueras un animal, cu\u00e1l ser\u00edas\u201d?<\/div>\n<div dir=\"auto\">Siempre hab\u00eda uno que dec\u00eda \u00e1guila, otro lobo, otro tigre\u2026 y el m\u00e1s realista del grupo reconoc\u00eda que probablemente ser\u00eda una marmota.<\/div>\n<div dir=\"auto\">Los humanos llevamos miles de a\u00f1os identific\u00e1ndonos con animales. Est\u00e1n en los cuentos, en los apellidos, en los escudos, en los equipos de f\u00fatbol y hasta en los signos del zodiaco.<\/div>\n<div dir=\"auto\">As\u00ed que, si un adolescente dice que se siente lobo, tampoco es que est\u00e9 inventando algo tan extra\u00f1o. Lo curioso es que muchos adultos se preocupan mucho por eso\u2026 mientras ellos mismos se identifican sin ning\u00fan problema con otras cosas bastante peculiares.<\/div>\n<div dir=\"auto\">Hay quien se identifica profundamente con ser rociero, runner, motero de fin de semana. Todos esos grupos tienen s\u00edmbolos, ropa, lenguaje, rituales y hasta lugares de peregrinaci\u00f3n. Exactamente igual que una tribu.<\/div>\n<div dir=\"auto\">La adolescencia no inventa el mecanismo Lo \u00fanico que hace es mostrarlo sin disimulo. As\u00ed que no te extra\u00f1e que el Corte Ingl\u00e9s o Zara saquen una l\u00ednea de rabos y orejas de diferentes animales, en la secci\u00f3n Moda Therian si ven oportunidad de negocio. \u00bfPor cierto una se\u00f1ora o un se\u00f1oro dentro de un abrigo de piel son Therian?<\/div>\n<div dir=\"auto\">El adolescente est\u00e1 probando identidades como quien se prueba chaquetas: esta me queda grande, esta no me gusta, esta quiz\u00e1 s\u00ed soy yo.<\/div>\n<div dir=\"auto\">Por eso cuando un chico dice que se identifica ( no que sea) un lobo, muchas veces no est\u00e1 hablando de zoolog\u00eda. Est\u00e1 hablando de otra cosa, de sentirse diferente, de buscar su sitio, de encontrar su manada.<\/div>\n<div dir=\"auto\">Y ah\u00ed aparece el verdadero papel de los padres, no hace falta discutir si el lobo existe o no, basta con recordarle algo mucho m\u00e1s importante y es que mientras \u00e9l busca su manada, la suya sigue estando en casa. Aunque a veces a\u00falle un poco.<\/div>\n<div dir=\"auto\">As\u00ed que deja de decir eso de nos vamos a extinguir y a seguir educando.<\/div>\n<\/div>\n<\/div>\n<\/div>\n<\/div>\n<\/div>\n<\/div>\n<\/div>\n<div class=\"html-div xdj266r x14z9mp xat24cr x1lziwak xexx8yu xyri2b x18d9i69 x1c1uobl x1n2onr6\">\n<div class=\"html-div xdj266r x14z9mp xat24cr x1lziwak xexx8yu xyri2b x18d9i69 x1c1uobl x1n2onr6\"><\/div>\n<div class=\"html-div xdj266r x14z9mp xat24cr x1lziwak xexx8yu xyri2b x18d9i69 x1c1uobl x6ikm8r x10wlt62\"><\/div>\n<\/div>\n<\/div>\n<div class=\"x8gbvx8 x80vd3b x1q0q8m5 xso031l x8cjs6t x13fuv20 x178xt8z x78zum5 x1q0g3np x1qughib xz9dl7a xpdmqnj xsag5q8 x1onr9mi\">\n<div class=\"x6s0dn4 x78zum5 x1nhvcw1\"><\/div>\n<div class=\"x78zum5 x13a6bvl\"><\/div>\n<\/div>\n<div>\n<div class=\"xabvvm4 xeyy32k x1ia1hqs x1a2w583 x6ikm8r x10wlt62\" data-visualcompletion=\"ignore-dynamic\">\n<div>\n<div>\n<div>\n<div class=\"x1n2onr6\">\n<div class=\"x6s0dn4 xi81zsa x78zum5 x6prxxf x13a6bvl xvq8zen xdj266r xat24cr x1c1uobl xyri2b x1diwwjn xbmvrgn x1yrsyyn x18d9i69\">\n<div class=\"x6s0dn4 x78zum5 x1iyjqo2 x6ikm8r x10wlt62\">\n<div>\n<div class=\"x1i10hfl xjbqb8w x1ejq31n x18oe1m7 x1sy0etr xstzfhl x972fbf x10w94by x1qhh985 x14e42zd x9f619 x1ypdohk x3ct3a4 xdj266r x14z9mp xat24cr x1lziwak xexx8yu xyri2b x18d9i69 x1c1uobl x16tdsg8 x1hl2dhg xggy1nq x1fmog5m xu25z0z x140muxe xo1y3bh x1n2onr6 x87ps6o x1lku1pv x1a2a7pz x1heor9g xnl1qt8 x6ikm8r x10wlt62 x1vjfegm x1lliihq\" tabindex=\"0\" role=\"button\"><\/div>\n<\/div>\n<\/div>\n<div class=\"x9f619 x1ja2u2z x78zum5 x2lah0s x1n2onr6 x1qughib x1qjc9v5 xozqiw3 x1q0g3np xyri2b x1c1uobl x1ws5yxj xw01apr x4cne27 xifccgj x123j3cw xs9asl8\"><\/div>\n<\/div>\n<\/div>\n<\/div>\n<\/div>\n<\/div>\n<\/div>\n<\/div>\n<!-- AddThis Advanced Settings generic via filter on the_content --><!-- AddThis Share Buttons generic via filter on the_content -->","protected":false},"excerpt":{"rendered":"<p>Las redes sociales nos traen cada d\u00eda muchas noticias que tienen como \u00fanico objetivo hacerse lo m\u00e1s virales posible. Y en este marem\u00e1gnum de noticias, a veces, hay algunas que nos inquietan m\u00e1s que otras (que por cierto deber\u00edan inquietarnos m\u00e1s) como por ejemplo el fen\u00f3meno Therian. Antes de darte mi opini\u00f3n al respecto, me [&hellip;]<!-- AddThis Advanced Settings generic via filter on get_the_excerpt --><!-- AddThis Share Buttons generic via filter on get_the_excerpt --><\/p>\n","protected":false},"author":74,"featured_media":0,"comment_status":"open","ping_status":"closed","sticky":false,"template":"","format":"standard","meta":[],"categories":[1],"tags":[312,513,1194],"_links":{"self":[{"href":"https:\/\/blogs.hoy.es\/escuela-de-padres\/wp-json\/wp\/v2\/posts\/1450"}],"collection":[{"href":"https:\/\/blogs.hoy.es\/escuela-de-padres\/wp-json\/wp\/v2\/posts"}],"about":[{"href":"https:\/\/blogs.hoy.es\/escuela-de-padres\/wp-json\/wp\/v2\/types\/post"}],"author":[{"embeddable":true,"href":"https:\/\/blogs.hoy.es\/escuela-de-padres\/wp-json\/wp\/v2\/users\/74"}],"replies":[{"embeddable":true,"href":"https:\/\/blogs.hoy.es\/escuela-de-padres\/wp-json\/wp\/v2\/comments?post=1450"}],"version-history":[{"count":1,"href":"https:\/\/blogs.hoy.es\/escuela-de-padres\/wp-json\/wp\/v2\/posts\/1450\/revisions"}],"predecessor-version":[{"id":1452,"href":"https:\/\/blogs.hoy.es\/escuela-de-padres\/wp-json\/wp\/v2\/posts\/1450\/revisions\/1452"}],"wp:attachment":[{"href":"https:\/\/blogs.hoy.es\/escuela-de-padres\/wp-json\/wp\/v2\/media?parent=1450"}],"wp:term":[{"taxonomy":"category","embeddable":true,"href":"https:\/\/blogs.hoy.es\/escuela-de-padres\/wp-json\/wp\/v2\/categories?post=1450"},{"taxonomy":"post_tag","embeddable":true,"href":"https:\/\/blogs.hoy.es\/escuela-de-padres\/wp-json\/wp\/v2\/tags?post=1450"}],"curies":[{"name":"wp","href":"https:\/\/api.w.org\/{rel}","templated":true}]}}