{"id":153,"date":"2013-06-12T10:54:04","date_gmt":"2013-06-12T10:54:04","guid":{"rendered":"http:\/\/blogs.hoy.es\/escuela-de-padres\/?p=153"},"modified":"2013-06-12T10:54:04","modified_gmt":"2013-06-12T10:54:04","slug":"que-podemos-hacer-los-padres-ante-el-botellon","status":"publish","type":"post","link":"https:\/\/blogs.hoy.es\/escuela-de-padres\/2013\/06\/12\/que-podemos-hacer-los-padres-ante-el-botellon\/","title":{"rendered":"\u00bfQu\u00e9 podemos hacer los padres ante el botell\u00f3n?"},"content":{"rendered":"<div id=\"attachment_154\" style=\"width: 610px\" class=\"wp-caption aligncenter\"><a href=\"\/escuela-de-padres\/wp-content\/uploads\/sites\/67\/2013\/06\/BOTELLONFETEN.jpg\"><img aria-describedby=\"caption-attachment-154\" loading=\"lazy\" class=\"size-full wp-image-154\" title=\"Macrobotell\u00f3n para celebrar la llegada de la primavera.\" src=\"\/escuela-de-padres\/wp-content\/uploads\/sites\/67\/2013\/06\/BOTELLONFETEN.jpg\" alt=\"Macrobotell\u00f3n para celebrar la llegada de la primavera.\" width=\"600\" height=\"297\" srcset=\"https:\/\/static-blogs.hoy.es\/wp-content\/uploads\/sites\/67\/2013\/06\/BOTELLONFETEN.jpg 600w, https:\/\/static-blogs.hoy.es\/wp-content\/uploads\/sites\/67\/2013\/06\/BOTELLONFETEN-300x149.jpg 300w\" sizes=\"(max-width: 600px) 100vw, 600px\" \/><\/a><p id=\"caption-attachment-154\" class=\"wp-caption-text\">Macrobotell\u00f3n para celebrar la llegada de la primavera.<\/p><\/div>\n<p><strong>\u00bfMultar a los padres por las conductas de sus hijos?<\/strong> Legalmente, los padres somos responsables de los actos de nuestros hijos menores y, como tal lo asumimos, pero es <strong>tremendamente injusto <\/strong>achacar a los padres la \u201cculpabilidad\u201d de todos los comportamientos de los hijos.<\/p>\n<p><a href=\"http:\/\/www.pnsd.msc.es\/Categoria2\/observa\/pdf\/EDADES2011.pdf\" target=\"_blank\">Los estudios sobre consumo de alcohol no dejan lugar a la duda<\/a>: <strong>el consumo de alcohol entre los menores es una realidad<\/strong> a la que, sin dramatismo, pero con firmeza<strong>, debemos hacer frente.<\/strong><\/p>\n<p><strong>Los padres no somos perfectos<\/strong>, y seguro que hay padres que descuidan la educaci\u00f3n de sus hijos, pero la mayor\u00eda somos gente normal, padres y madres que intentamos educar a nuestros hijos, y que\u00a0 nos dedicamos a ello. Si no,\u00a0 repasen conmigo algunas de las muchas cosas que los padres hacemos para<strong>, educando, evitar que nuestros hijos desarrollen conductas de riesgo consumiendo alcohol<\/strong>:<\/p>\n<p><strong>1) Intentamos mantener una buena relaci\u00f3n afectiva con los hijos<\/strong>, con hijos que a veces nos hacen sentir muy mal, desafiantes, desobedientes y contestones, pero que <strong>necesitan saber que, aunque se comporten as\u00ed, \u00a0nosotros los aceptamos, los queremos. <\/strong>Y esto no est\u00e1 re\u00f1ido con las normas, los l\u00edmites y las consecuencias de su incumplimiento.<\/p>\n<p><strong>2) Confiamos en los hijos,<\/strong> confiamos en que van a ser capaces de establecer su propia identidad personal. <strong>La confianza genera autoestima y la autoestima ayuda a tener seguridad en las decisiones, y a no dejarse influenciar<\/strong>. C<strong>onfiad en los hijos, pero con los ojos abiertos<\/strong>. Mirar para otro lado no les va a ayudar. Cuando se aprende, cuando se est\u00e1 aprendiendo, el error es posible. <strong>Ante el error: informaci\u00f3n, normas, consecuencias y m\u00e1s confianza.<\/strong><\/p>\n<p><strong>3) Ense\u00f1amos a nuestros hijos a afrontar la frustraci\u00f3n<\/strong>, a que no siempre se puede tener o conseguir lo que se quiere, y a hacerles ver que, con esfuerzo, quiz\u00e1s sea posible lograrlo en otro momento. Les ense\u00f1amos <strong>que el sufrimiento es parte de la vida <\/strong>de los seres humanos y que es inevitable.<\/p>\n<p><strong>4) Les hablamos sobre el alcohol y <a href=\"http:\/\/www.alcoholenmenoresnoesnormal.es\/efectosalcohol.html\">los efectos asociados a su consumo<\/a><\/strong><a href=\"http:\/\/www.alcoholenmenoresnoesnormal.es\/efectosalcohol.html\">.<\/a> Aun as\u00ed los adolescentes tienen <strong>la creencia<\/strong>\u00a0 de que tienen control sobre el alcohol.\u00a0 De hecho, la mayor\u00eda de ellos suelen decir que les sent\u00f3 mal algo que han comido (en mi casa eran \u201clos mejillones\u201d) cuando sufren una intoxicaci\u00f3n alcoh\u00f3lica, y no reconocen que su \u201cindigesti\u00f3n\u201d ha sido causada por el alcohol.<\/p>\n<p><strong>5) Establecemos normas adecuadas<\/strong> que nos ayuden a organizarnos en familia, y <a title=\"\u00bfA qu\u00e9 hora debe volver a casa mi hijo adolescente?\" href=\"https:\/\/blogs.hoy.es\/escuela-de-padres\/2013\/05\/03\/a-que-hora-debe-volver-a-casa-mi-hijo-adolescente\/\" target=\"_blank\"><strong><span style=\"text-decoration: underline;\">vigilamos el control horario<\/span><\/strong><\/a>.<\/p>\n<p><strong>6) No olvidamos que somos un modelo<\/strong> para nuestros\u00a0 hijos.<\/p>\n<p><strong>7) Y aguantamos, aguantamos mucho<\/strong>\u00a0 lo que s\u00f3lo los padres saben aguantar porque sabemos encajar golpes y, sobre todo, <strong>procuramos no desanimarnos <\/strong>ante los envites que los hijos nos lanzan mientras los educamos.<\/p>\n<p>Pero una vez dicho esto,\u00a0 tambi\u00e9n tenemos que decir que <strong>nuestros hijos menores, <\/strong>por muchas y diferentes razones, tanto sociales como individuales, econ\u00f3micas, etc.<strong>, \u00a0tambi\u00e9n son \u201cv\u00edctimas\u201d de una sociedad <\/strong>en la que\u00a0 el botell\u00f3n es una manifestaci\u00f3n m\u00e1s de la presencia del alcohol en nuestra vida social.<\/p>\n<p>As\u00ed, nos reunimos con la familia y amigos <strong>festejando acontecimientos alrededor de una mesa y copas<\/strong>. Y nuestros hijos, desde peque\u00f1os, van viendo lo bien que lo pasamos los adultos, sobre todo cuando escuchan cantar eso del \u201cestamos tan agustitoooooo\u201d.<\/p>\n<p>Vivimos <strong>rodeados por una publicidad que\u00a0 estimula el consumo del alcohol <\/strong>(aunque con letra peque\u00f1a nos recuerdan que bebamos moderadamente), <a href=\"http:\/\/www.youtube.com\/watch?v=Qd32xY6_90c\" target=\"_blank\">vean este anuncio a ver qu\u00e9 les parece<\/a>. \u00bfCree que un menor que ve este anuncio lo que desear\u00e1 es aprender a hacer paellas?<\/p>\n<p><iframe loading=\"lazy\" src=\"\/\/www.youtube.com\/embed\/Qd32xY6_90c\" frameborder=\"0\" width=\"640\" height=\"360\"><\/iframe><\/p>\n<p>Unido a estos aspectos sociales <strong>desde el punto de vista individual<\/strong>, se a\u00f1ade que los j\u00f3venes que consumen alcohol lo hacen porque\u00a0 el alcohol les <strong>desinhibe, <\/strong>y les hace olvidar moment\u00e1neamente timidez y temores. Les hace creer que no son tan ni\u00f1os como piensan los dem\u00e1s, les <strong>provoca placer<\/strong> y, sobre todo, por sus dificultades para afrontar la frustraci\u00f3n<strong>, les permite evadirse de sus problemas<\/strong>.<\/p>\n<p>Cuando me preguntan los <strong>padres \u00bfser\u00e1 el botell\u00f3n una moda pasajera?,<\/strong> la verdad es que no s\u00e9 responder, pero s\u00ed que observo que ni\u00f1os y ni\u00f1as de 10 a 12 a\u00f1os empiezan a juntarse con la misma estructura del botell\u00f3n alrededor de alguna tienda de chucher\u00edas: \u201c<strong>el chuchell\u00f3n<\/strong>\u201d. Est\u00e1 claro que el chuchell\u00f3n no s\u00f3lo es una imitaci\u00f3n, es tambi\u00e9n un aprendizaje, una incorporaci\u00f3n de un modelo de ocio.<\/p>\n<p><strong>Tampoco hay que ser alarmistas<\/strong>. El botell\u00f3n es un espacio donde los j\u00f3venes se encuentran, desarrollan su identidad grupal, se divierten, pero tambi\u00e9n encierra, como la vida misma, alg\u00fan peligro: la ingesta abusiva de alcohol.<\/p>\n<p>Por todo lo que he comentado <strong>el botell\u00f3n<\/strong>, y todo lo que acarrea, supone un <strong>importante reto para los padres<\/strong> que est\u00e1n educando, pero <strong>la acci\u00f3n de los padres por s\u00ed sola no es suficiente:\u00a0<\/strong> el botell\u00f3n y sus consecuencias como fen\u00f3meno social<strong> implican una responsabilidad compartida<\/strong>. Parafraseando al <a href=\"http:\/\/www.joseantoniomarina.net\/\" target=\"_blank\">fil\u00f3sofo Jos\u00e9 Marina,<\/a> \u201c<strong>para educar un ni\u00f1o hace falta la tribu entera<\/strong>\u201d.<\/p>\n<p><strong>As\u00ed que vamos a dejar de culpabilizar \u00a0y o responsabilizar a los dem\u00e1s<\/strong>, y demos pasos hacia la b\u00fasqueda respuestas de car\u00e1cter m\u00e1s corresponsable<strong>.<\/strong><\/p>\n<p><span style=\"text-decoration: underline;\"><strong>Tenemos un ejemplo en el tabaco<\/strong><\/span>: \u00bfpor qu\u00e9 se ha logrado que disminuya el consumo de tabaco, que un important\u00edsimo porcentaje de j\u00f3venes tengan claro que el tabaco es perjudicial para su salud y, sin embargo, no ocurre lo mismo con el alcohol?<\/p>\n<p>Los padres somos responsables, y debemos de ser los m\u00e1s implicados en la educaci\u00f3n de nuestros hijos, pero <strong>necesitamos ayuda<\/strong>. Necesitamos ayuda de los legisladores, del ayuntamiento, de los pediatras y m\u00e9dicos de familia, de los maestros y profesores, de los empresarios, aut\u00f3nomos del sector de distribuci\u00f3n y venta, publicistas, etc. necesitamos tu ayuda. <strong>\u00bfQui\u00e9n va a dar el primer paso?<\/strong><\/p>\n<!-- AddThis Advanced Settings generic via filter on the_content --><!-- AddThis Share Buttons generic via filter on the_content -->","protected":false},"excerpt":{"rendered":"<p>\u00bfMultar a los padres por las conductas de sus hijos? Legalmente, los padres somos responsables de los actos de nuestros hijos menores y, como tal lo asumimos, pero es tremendamente injusto achacar a los padres la \u201cculpabilidad\u201d de todos los comportamientos de los hijos. Los estudios sobre consumo de alcohol no dejan lugar a la [&hellip;]<!-- AddThis Advanced Settings generic via filter on get_the_excerpt --><!-- AddThis Share Buttons generic via filter on get_the_excerpt --><\/p>\n","protected":false},"author":73,"featured_media":0,"comment_status":"open","ping_status":"closed","sticky":false,"template":"","format":"standard","meta":[],"categories":[2,4,5],"tags":[41,48,49,51,98,106,119,153,157,187,199,204,212,219,220,239,303,322,333,346,347,379,437,478,481,552,561,582,590,622,633,642,643,644,658,683,711,715,735,736,818,846,866,919,929,944,961,974,985,1013],"_links":{"self":[{"href":"https:\/\/blogs.hoy.es\/escuela-de-padres\/wp-json\/wp\/v2\/posts\/153"}],"collection":[{"href":"https:\/\/blogs.hoy.es\/escuela-de-padres\/wp-json\/wp\/v2\/posts"}],"about":[{"href":"https:\/\/blogs.hoy.es\/escuela-de-padres\/wp-json\/wp\/v2\/types\/post"}],"author":[{"embeddable":true,"href":"https:\/\/blogs.hoy.es\/escuela-de-padres\/wp-json\/wp\/v2\/users\/73"}],"replies":[{"embeddable":true,"href":"https:\/\/blogs.hoy.es\/escuela-de-padres\/wp-json\/wp\/v2\/comments?post=153"}],"version-history":[{"count":0,"href":"https:\/\/blogs.hoy.es\/escuela-de-padres\/wp-json\/wp\/v2\/posts\/153\/revisions"}],"wp:attachment":[{"href":"https:\/\/blogs.hoy.es\/escuela-de-padres\/wp-json\/wp\/v2\/media?parent=153"}],"wp:term":[{"taxonomy":"category","embeddable":true,"href":"https:\/\/blogs.hoy.es\/escuela-de-padres\/wp-json\/wp\/v2\/categories?post=153"},{"taxonomy":"post_tag","embeddable":true,"href":"https:\/\/blogs.hoy.es\/escuela-de-padres\/wp-json\/wp\/v2\/tags?post=153"}],"curies":[{"name":"wp","href":"https:\/\/api.w.org\/{rel}","templated":true}]}}