{"id":18,"date":"2012-12-24T10:50:20","date_gmt":"2012-12-24T10:50:20","guid":{"rendered":"http:\/\/blogs.hoy.es\/escuela-de-padres\/?p=18"},"modified":"2012-12-24T10:50:20","modified_gmt":"2012-12-24T10:50:20","slug":"ser-padres-o-ejercer-de-padres","status":"publish","type":"post","link":"https:\/\/blogs.hoy.es\/escuela-de-padres\/2012\/12\/24\/ser-padres-o-ejercer-de-padres\/","title":{"rendered":"Ser padres o \u00bfEjercer de padres?"},"content":{"rendered":"<p>Es habitual que en reuniones en las que padres y madres hablan \u00a0sobre sus hijos alguien en alg\u00fan momento lance esa especie de mantra:\u00a0 <strong>\u201cQu\u00e9 dif\u00edcil es educar a los hijos\u201d<\/strong>. Y a partir de ah\u00ed\u2026 que si \u201c<strong>no tienen manual de instrucciones<\/strong>\u201d, que si \u201c<strong>nadie te ense\u00f1a a ser padre<\/strong>\u201d, que \u201c<strong>cuando son chicos tienes que estar todo el d\u00eda pendiente, y cuando son grandes los problemas crecen<\/strong>\u201d, que \u201cl<strong>a sociedad cada d\u00eda est\u00e1 peor<\/strong>\u201d; tambi\u00e9n se escucha el consabido \u201c<strong>antes era m\u00e1s f\u00e1cil<\/strong>\u201d, y la estrella es &#8221; <strong>una buena bofetada a tiempo<\/strong>&#8220;.\u00a0 Otros que \u201c<strong>si es que no puedo con \u00e9l<\/strong>\u201d para terminar con un esperanzado, pero pasivo, \u201c<strong>a ver si pasa el tiempo y madura un poco\u2026<\/strong>\u201d.<\/p>\n<p>No s\u00e9 si estar\u00e9is de acuerdo conmigo en lo siguiente: existe una <strong>clara diferencia<\/strong> entre \u00a0cuando \u201c<strong>somos padres<\/strong>\u201d de cuando \u201c<strong>ejercemos como padre<\/strong>s\u201d<\/p>\n<p><strong>Ser\u00a0 padres<\/strong> consiste en esperar que, como eres el padre, l<strong>os hijos son\u00a0 los que tienen que hacer el esfuerzo<\/strong> para ir aceptando \u00a0todo aquello que les \u00a0inculca en el ambiente familiar; en cambio,<strong> ejercer de padres<\/strong> supone aceptar el reto de que la educaci\u00f3n de nuestros hijos requiere en muchos momentos de nuestra vida un esfuerzo constante, una brega, una lucha\u2026 en la que <strong>el protagonismo la tenemos los padres<\/strong>.<\/p>\n<p>Personalmente creo que <strong>Educar<\/strong> consiste en mostrar a nuestros hijos c\u00f3mo nuestras creencias, nuestras ideas, nuestros valores,\u00a0 nuestras maneras de sentir, nos llevan a comportarnos de la manera en que lo hacemos. Y lo hacemos con el deseo que esto les ayudar\u00e1 a aprender comportamientos para integrarse en el mundo en el que estamos viviendo.<\/p>\n<p>Los padres <strong>cuando educamos somos<\/strong>, por tanto, <strong>gu\u00edas<\/strong> y, adem\u00e1s, queramos o no queramos, y en todo momento, tambi\u00e9n somos <strong>modelos, <\/strong>modelos a imitar o modelos a criticar.<\/p>\n<p>Nuestros hijos necesitan gu\u00edas claras de comportamiento, necesitan ser guidados y para ello es imprescindible establecer unas reglas y unos <strong>l\u00edmites <\/strong>en sus \u00a0comportamientos.<\/p>\n<p>Igualmente <strong>necesitan tener claridad<\/strong> en lo que es tolerable y claridad en lo que no lo e,s y eso debemos proporcion\u00e1rselo nosotros como padres y madres que ejercemos esa tarea. Esto no lo pone en duda nadie. Desde esta \u00f3ptica, <strong>no es que educar sea dif\u00edcil, lo dif\u00edcil es que todos nuestros hijos acepten a rajatabla y a la primera, los modelos y las gu\u00edas de conducta<\/strong> que configuran nuestro arsenal educativo.<\/p>\n<p><a href=\"http:\/\/www.youtube.com\/watch?hl=es&#038;v=u3ZvIp7hNEs&#038;gl=ES\" target=\"_blank\"><img loading=\"lazy\" class=\"alignleft\" style=\"vertical-align: middle;\" src=\"\/\/img4.imageshack.us\/img4\/5972\/losniossiempreimitanalo.jpg\" alt=\"\" width=\"201\" height=\"238\" \/><\/a><a href=\"http:\/\/www.youtube.com\/watch?hl=es&#038;v=u3ZvIp7hNEs&#038;gl=ES\" target=\"_blank\"><img loading=\"lazy\" class=\"aligncenter\" style=\"vertical-align: middle;\" src=\"\/\/img141.imageshack.us\/img141\/6699\/3555170imitandoamamacon.jpg\" alt=\"\" width=\"297\" height=\"243\" \/><\/a><\/p>\n<p style=\"padding-left: 30px;\">Cuando los padres ponemos l\u00edmites <span style=\"text-decoration: underline;\">pueden pasar\u00a0 dos cosas<\/span>:<\/p>\n<p style=\"padding-left: 60px;\">&#8211;\u00a0 Que los hijos, m\u00e1s o menos convencidos,<strong> los acepten y los cumplan<\/strong>. Con lo cual nosotros entonces creemos que esto de educar \u201cfunciona\u201d y que, adem\u00e1s, nuestros hijos son unos estupendos hijos.<\/p>\n<p style=\"padding-left: 60px;\">&#8211;\u00a0 <strong>Que los hijos los cuestionen, o directamente, los incumplan<\/strong>. Con lo cual nosotros creemos que esto de educar es dif\u00edcil, y que hay que ver los hijos lo rebeldes que son, que car\u00e1cter han heredado (por lo general de la parte contraria) , y que algo estamos haciendo mal.<\/p>\n<p>\u00a0\u00a0\u00a0\u00a0\u00a0\u00a0\u00a0\u00a0\u00a0\u00a0\u00a0 Los padres, cuando ejercemos de padres, solemos estar m\u00e1s preocupados por los <strong>resultados<\/strong> que ocupados en \u00a0mantenernos firmes, seguros, constantes y confiados en\u00a0 lo que como padres estamos haciendo.<\/p>\n<p>Los padres, cuando ejercemos de padres, educamos, \u00a0sabemos por qu\u00e9 hacemos lo que hacemos, y debemos de considerar como una consecuencia l\u00f3gica, que algunos de nuestros hijos se resistan a seguir nuestras gu\u00edas.<\/p>\n<p><strong>Educar<\/strong> no s\u00f3lo es una mera propuesta de intenciones,\u00a0<strong> es una manera de actuar<\/strong>, una manera de relacionarnos con nuestros hijos, de comunicarnos con ellos. Y en todos los procesos de interacci\u00f3n y comunicaci\u00f3n surgen <strong>conflictos<\/strong>.<\/p>\n<p><strong>Y con los hijos se tienen conflictos<\/strong>, inevitables conflictos, numerosos conflictos, diversos conflictos. Los conflictos hay que entenderlos como algo <strong>natural<\/strong>, algo que forma parte de las relaciones con nuestros hijos. Y sobre todo, <strong>son una estupenda oportunidad de ense\u00f1ar a nuestros hijos maneras eficaces de afrontarlos<\/strong>.<\/p>\n<p>Nuestros hijos <strong>son y ser\u00e1n, en gran medida, lo que ellos decidan ser<\/strong>. Nosotros, como padres, con mucho amor, con normas y con l\u00edmites, con confianza, y con mucha paciencia, les ense\u00f1amos todo aquello que creemos que les ayudar\u00e1. Eso es ejercer de padre. Eso es lo que est\u00e1 en nuestras manos. \u00a0Y eso es lo que tenemos que preguntarnos\u2026 \u00bfSoy padre? y \u00bfEjerzo de padre?, \u00bfqu\u00e9 modelo de padre?.<\/p>\n<p>Hay una preciosa poes\u00eda de <strong>Kavaffis<\/strong>, que se llama <a href=\"http:\/\/www.pixelteca.com\/rapsodas\/kavafis\/itaca.html\" target=\"_blank\">Ithaca<\/a>, que bien puede ser una met\u00e1fora de lo que supone educar, un viaje, donde el objetivo no es llegar pronto a la meta sino disfrutar del camino.<\/p>\n<p>Pues a seguir con la tarea\u2026 y \u00a1\u00a1\u00a1Feliz Navidad!!!<\/p>\n<!-- AddThis Advanced Settings generic via filter on the_content --><!-- AddThis Share Buttons generic via filter on the_content -->","protected":false},"excerpt":{"rendered":"<p>Es habitual que en reuniones en las que padres y madres hablan \u00a0sobre sus hijos alguien en alg\u00fan momento lance esa especie de mantra:\u00a0 \u201cQu\u00e9 dif\u00edcil es educar a los hijos\u201d. Y a partir de ah\u00ed\u2026 que si \u201cno tienen manual de instrucciones\u201d, que si \u201cnadie te ense\u00f1a a ser padre\u201d, que \u201ccuando son chicos [&hellip;]<!-- AddThis Advanced Settings generic via filter on get_the_excerpt --><!-- AddThis Share Buttons generic via filter on get_the_excerpt --><\/p>\n","protected":false},"author":73,"featured_media":0,"comment_status":"open","ping_status":"closed","sticky":false,"template":"","format":"standard","meta":[],"categories":[2,5],"tags":[143,202,286,322,379,456,483,558,573,582,590,644,683,715,840,895],"_links":{"self":[{"href":"https:\/\/blogs.hoy.es\/escuela-de-padres\/wp-json\/wp\/v2\/posts\/18"}],"collection":[{"href":"https:\/\/blogs.hoy.es\/escuela-de-padres\/wp-json\/wp\/v2\/posts"}],"about":[{"href":"https:\/\/blogs.hoy.es\/escuela-de-padres\/wp-json\/wp\/v2\/types\/post"}],"author":[{"embeddable":true,"href":"https:\/\/blogs.hoy.es\/escuela-de-padres\/wp-json\/wp\/v2\/users\/73"}],"replies":[{"embeddable":true,"href":"https:\/\/blogs.hoy.es\/escuela-de-padres\/wp-json\/wp\/v2\/comments?post=18"}],"version-history":[{"count":0,"href":"https:\/\/blogs.hoy.es\/escuela-de-padres\/wp-json\/wp\/v2\/posts\/18\/revisions"}],"wp:attachment":[{"href":"https:\/\/blogs.hoy.es\/escuela-de-padres\/wp-json\/wp\/v2\/media?parent=18"}],"wp:term":[{"taxonomy":"category","embeddable":true,"href":"https:\/\/blogs.hoy.es\/escuela-de-padres\/wp-json\/wp\/v2\/categories?post=18"},{"taxonomy":"post_tag","embeddable":true,"href":"https:\/\/blogs.hoy.es\/escuela-de-padres\/wp-json\/wp\/v2\/tags?post=18"}],"curies":[{"name":"wp","href":"https:\/\/api.w.org\/{rel}","templated":true}]}}