{"id":22,"date":"2013-01-02T17:21:13","date_gmt":"2013-01-02T17:21:13","guid":{"rendered":"http:\/\/blogs.hoy.es\/escuela-de-padres\/?p=22"},"modified":"2013-01-02T17:21:13","modified_gmt":"2013-01-02T17:21:13","slug":"papa-puedo-salir-preguntaselo-a-tu-madre-una-historia-de-polis-buenos-y-polis-malos","status":"publish","type":"post","link":"https:\/\/blogs.hoy.es\/escuela-de-padres\/2013\/01\/02\/papa-puedo-salir-preguntaselo-a-tu-madre-una-historia-de-polis-buenos-y-polis-malos\/","title":{"rendered":"\u00bfPap\u00e1, puedo salir?, Preg\u00fantaselo a tu madre. (Una historia de polis buenos y polis malos)"},"content":{"rendered":"<p>Marina es una ni\u00f1a de 5 a\u00f1os, espabilada, vivaz, de ojos grandes y muy curiosa por lo que ocurre a su alrededor, inquieta, o como dir\u00eda su abuela, un rabo de lagartija.\u00a0 Estaba yo una ma\u00f1ana en su clase, hab\u00eda ido para observar a un compa\u00f1ero, y todos los ni\u00f1os permanec\u00edan sentados en el suelo, en torno a su maestra que les preguntaba qu\u00e9 era lo mejor de sus padres\u2026 los ni\u00f1os comenzaron a responder: \u201dque nos quieren\u201d, \u201cque nos cuidan\u201d, \u201cque nos compran cosas\u201d\u2026 y Marina dijo, con una rotundidad aplastante: \u201clo mejor de los padres es que son dos\u201d. Su maestra acostumbrada a las respuestas sorpresivas que dan los ni\u00f1os en Educaci\u00f3n Infantil, le pregunt\u00f3 \u00bfy por qu\u00e9 lo mejor es que sean dos?. Marina, contest\u00f3 con rotundidad, \u201cporque si uno te quita la televisi\u00f3n, el otro te puede dejar verla\u201d. En ese momento, mir\u00e9 a la ni\u00f1a y \u00a0pens\u00e9, pobres padres\u2026<\/p>\n<p><img loading=\"lazy\" class=\"alignleft\" style=\"vertical-align: middle;\" src=\"\/\/img812.imageshack.us\/img812\/2702\/polibuenopolimalo.jpg\" alt=\"\" width=\"271\" height=\"163\" \/><\/p>\n<p>&nbsp;<\/p>\n<p>Esos padres que probablemente se suscribieron a la revista \u201cSer Padres Hoy\u201d nada m\u00e1s enterarse de la feliz noticia de que estaban embarazados, que se juraron una y mil veces, al estilo \u201clo que el viento se llev\u00f3\u201d que no iban a cometer los fallos que otros padres cometen, y, sobre todo,\u00a0 que iban a educar a su Marina como si fueran una s\u00f3la persona.<\/p>\n<p>Todos los manuales de educaci\u00f3n destacan como un principio b\u00e1sico el de que ambos progenitores deben de ir siempre en la misma direcci\u00f3n.\u00a0 La mayor\u00eda de padres tambi\u00e9n suscribir\u00edan esta afirmaci\u00f3n. Sin embargo la realidad cotidiana nos dice que Marina tiene raz\u00f3n, que las parejas solemos discrepar mientras educamos a nuestros hijos, aun sabiendo que esto no es bueno ni para los hijos ni para nosotros mismos.<\/p>\n<p>Y es que es dif\u00edcil, muy dif\u00edcil, estar en completa y continua sinton\u00eda con la pareja. La raz\u00f3n es simple: <strong>Los padres<\/strong> <strong>somos diferentes<\/strong>. Diferentes\u00a0 personalidades,\u00a0 diferentes\u00a0 gustos, diferentes\u00a0 modos de hacer las cosas. Padres impulsivos conviviendo con padres reflexivos, padres\u00a0 agobiados con padres tranquilos, padres ocupados con padres preocupados. \u00a0Nuestras parejas suelen ser, en muchos aspectos, diferentes a nosotros.<\/p>\n<p>Nuestra forma de ser, nuestra forma de pensar, de sentir, \u00a0influye directamente en la forma de educar, en el modelo de padres que somos. \u00a0<strong>Cada padre cree que lo que \u00e9l piensa y \u00a0siente, cuando educa,\u00a0 es lo correcto.<\/strong> Y nuestros hijos tienen una gran facilidad para descubrir estas discrepancias y son capaces de determinar <strong>qu\u00e9 cosas pedir a qui\u00e9n, cu\u00e1ndo y d\u00f3nde<\/strong>. As\u00ed se da origen a una de las situaciones que m\u00e1s conflictos crean en las familias: <strong>sentirnos desautorizados o cuestionados por nuestra pareja <\/strong>por decisiones referentes a la educaci\u00f3n de nuestros hijos<strong>. <\/strong>Y, lo que es peor, en algunos casos con nuestros hijos de testigos<strong>.<\/strong><\/p>\n<p><strong>\u00a0\u00a0\u00a0\u00a0\u00a0\u00a0\u00a0\u00a0 <\/strong>Los padres a veces parecemos un par de polic\u00edas de esos de pel\u00edculas de serie B, uno el poli malo y otro el poli bueno. Y nos cambiamos de papel seg\u00fan el d\u00eda que tengamos. As\u00ed que, a veces, cuando vemos a nuestra pareja re\u00f1ir a nuestros hijos, empezamos a pensar, qu\u00e9 exagerado, se est\u00e1 pasando, y qu\u00e9 maneras, qu\u00e9 voces\u2026, y, curiosamente, cuando somos nosotros los que estamos rega\u00f1ando a los hijos, es nuestra pareja la que piensa lo mismito. \u00bfLes suena esta pel\u00edcula?, \u00a0la versi\u00f3n m\u00e1s retorcida es cuando el poli bueno, haci\u00e9ndose el ofendido, amenaza con un\u2026\u201dcuando venga el poli malo os vais a enterar\u201d.<\/p>\n<p>Cuestionar y desautorizar a nuestra pareja conlleva un peligroso juego de poder entre los padres que puede terminar con la inhibici\u00f3n del progenitor cuestionado.<\/p>\n<p>No es f\u00e1cil que los padres actuemos al un\u00edsono, no es f\u00e1cil que dos personas que son diferentes, \u00a0act\u00faen de la misma manera. Por eso los padres tenemos que hacer un <strong>esfuerzo<\/strong>\u00a0 ya que s\u00f3lo reconociendo mutuamente\u00a0 nuestras diferencias, y acept\u00e1ndolas, podremos conseguir acercarnos a un modelo de <strong>educaci\u00f3n compartido<\/strong>. Los padres no tenemos que ser id\u00e9nticos al educar, tenemos que ser lo que somos, dos personas diferentes que tienen un objetivo com\u00fan: <strong>educar<\/strong> a nuestros hijos.<\/p>\n<p>Hay padres que intentan entre los dos ser un <strong>equipo unificado<\/strong>, donde el respeto de las opiniones mutuas y la toma de decisiones conjuntas es el camino utilizado. A veces, se toman decisiones que nuestra pareja no comparte y viceversa. Ese es el momento en el que es m\u00e1s necesario hablar tranquilamente y tras exponer nuestros puntos de vista, tomar una decisi\u00f3n. Y si consideramos que hay que revocar la decisi\u00f3n que se tom\u00f3, no pasa nada, se le hace saber a nuestros hijos. Y a aguantar el temporal.<\/p>\n<p>Hay padres que <strong>delegan<\/strong> en su pareja la toma de decisiones. Si t\u00fa delegas en tu pareja entonces tienes que apoyar <strong>todas las decisiones\u00a0 <\/strong>que tome, \u00bfno crees.?<\/p>\n<p>Marina se enriquece con las diferentes formas de ser de sus padres, lo \u00fanico que necesita saber es que, aun siendo tan diferentes<strong>, transmiten los mismos mensajes. <\/strong><\/p>\n<p>Y conforme van creciendo nuestros hijos iremos d\u00e1ndonos cuenta de lo verdadero del proverbio africano, <strong>para educar a un ni\u00f1o hace falta toda la tribu<\/strong>, pero de esto hablaremos otro d\u00eda.<\/p>\n<!-- AddThis Advanced Settings generic via filter on the_content --><!-- AddThis Share Buttons generic via filter on the_content -->","protected":false},"excerpt":{"rendered":"<p>Marina es una ni\u00f1a de 5 a\u00f1os, espabilada, vivaz, de ojos grandes y muy curiosa por lo que ocurre a su alrededor, inquieta, o como dir\u00eda su abuela, un rabo de lagartija.\u00a0 Estaba yo una ma\u00f1ana en su clase, hab\u00eda ido para observar a un compa\u00f1ero, y todos los ni\u00f1os permanec\u00edan sentados en el suelo, [&hellip;]<!-- AddThis Advanced Settings generic via filter on get_the_excerpt --><!-- AddThis Share Buttons generic via filter on get_the_excerpt --><\/p>\n","protected":false},"author":73,"featured_media":0,"comment_status":"open","ping_status":"closed","sticky":false,"template":"","format":"standard","meta":[],"categories":[2,5],"tags":[143,284,316,322,379,380,644,711,715,721,779,780],"_links":{"self":[{"href":"https:\/\/blogs.hoy.es\/escuela-de-padres\/wp-json\/wp\/v2\/posts\/22"}],"collection":[{"href":"https:\/\/blogs.hoy.es\/escuela-de-padres\/wp-json\/wp\/v2\/posts"}],"about":[{"href":"https:\/\/blogs.hoy.es\/escuela-de-padres\/wp-json\/wp\/v2\/types\/post"}],"author":[{"embeddable":true,"href":"https:\/\/blogs.hoy.es\/escuela-de-padres\/wp-json\/wp\/v2\/users\/73"}],"replies":[{"embeddable":true,"href":"https:\/\/blogs.hoy.es\/escuela-de-padres\/wp-json\/wp\/v2\/comments?post=22"}],"version-history":[{"count":0,"href":"https:\/\/blogs.hoy.es\/escuela-de-padres\/wp-json\/wp\/v2\/posts\/22\/revisions"}],"wp:attachment":[{"href":"https:\/\/blogs.hoy.es\/escuela-de-padres\/wp-json\/wp\/v2\/media?parent=22"}],"wp:term":[{"taxonomy":"category","embeddable":true,"href":"https:\/\/blogs.hoy.es\/escuela-de-padres\/wp-json\/wp\/v2\/categories?post=22"},{"taxonomy":"post_tag","embeddable":true,"href":"https:\/\/blogs.hoy.es\/escuela-de-padres\/wp-json\/wp\/v2\/tags?post=22"}],"curies":[{"name":"wp","href":"https:\/\/api.w.org\/{rel}","templated":true}]}}